{"id":28976,"date":"2023-01-25T22:46:42","date_gmt":"2023-01-25T21:46:42","guid":{"rendered":"https:\/\/sola-poljane.splet.arnes.si\/?p=28976"},"modified":"2023-01-27T18:56:52","modified_gmt":"2023-01-27T17:56:52","slug":"sola-v-naravi-za-3-razred-csod-fara","status":"publish","type":"post","link":"https:\/\/sola-poljane.splet.arnes.si\/?p=28976","title":{"rendered":"\u0160ola v naravi za 3. razred \u2013 C\u0160OD Fara"},"content":{"rendered":"<div dir=\"auto\"><span style=\"color: #993300\"><strong>PRVI DAN \u2013 sreda, 25. januar 2023<\/strong><\/span><\/div>\n<div dir=\"auto\">&nbsp;<\/div>\n<div dir=\"auto\"><span style=\"color: #000000\">Sre\u010dno smo prispeli v C\u0160OD Fara, kjer so nas sprejeli prijazni u\u010ditelji. Po odli\u010dnem kosilu je sledilo ve\u010d dejavnosti: <span style=\"color: #3366ff\"><strong>izdelovanje vetrnic, lokostrelstvo, igre<\/strong> in <strong>astronomija<\/strong><\/span>. Po ve\u010derji pa smo se odpravili na <span style=\"color: #3366ff\"><strong>no\u010dni pohod po vasi<\/strong><\/span>.&nbsp;<\/span><\/div>\n<div dir=\"auto\">&nbsp;<\/div>\n<div dir=\"auto\">&nbsp;<\/div>\n<div dir=\"auto\">ngg_shortcode_0_placeholder<\/div>\n<p>&nbsp;<\/p>\n<p style=\"text-align: center\"><span style=\"color: #333399\"><strong>***********************************************************************************<\/strong><\/span><\/p>\n<div dir=\"auto\">&nbsp;<\/div>\n<div dir=\"auto\"><span style=\"color: #993300\"><strong>DRUGI DAN \u2013 \u010detrtek, 26. januar 2023<\/strong><\/span><\/div>\n<div dir=\"auto\">&nbsp;<\/div>\n<div dir=\"auto\">\n<div dir=\"auto\">\n<div dir=\"auto\">Drugi dan \u0161ole v naravi smo pre\u017eiveli v zasne\u017eeni naravi. Preizkusili smo se <span style=\"color: #3366ff\"><strong>v teku na smu\u010deh, igrah na snegu<\/strong><\/span> in <strong><span style=\"color: #3366ff\">plezanju v adrenalinskem parku<\/span><\/strong>. Popoldan smo se sprehodili <strong><span style=\"color: #3366ff\">do slapu Ne\u017eica<\/span><\/strong>. Ve\u010der je pa minil v plesu in zabavi.<\/div>\n<div dir=\"auto\"><span style=\"color: #008000\"><strong>Imamo se zares lepo!<\/strong><\/span><\/div>\n<\/div>\n<\/div>\n<div dir=\"auto\">&nbsp;<\/div>\n<div dir=\"auto\">&nbsp;<\/div>\n<div dir=\"auto\">ngg_shortcode_1_placeholder<\/div>\n<div dir=\"auto\">&nbsp;<\/div>\n<div dir=\"auto\">&nbsp;<\/div>\n<div dir=\"auto\" style=\"text-align: center\"><span style=\"color: #333399\"><strong>***********************************************************************************<\/strong><\/span><\/div>\n<div dir=\"auto\">&nbsp;<\/div>\n<div dir=\"auto\">&nbsp;<\/div>\n<div dir=\"auto\"><span style=\"color: #993300\"><strong>TRETJI DAN \u2013 petek, 27. januar 2023<\/strong><\/span><\/div>\n<div dir=\"auto\">\n<div dir=\"auto\">\n<div dir=\"auto\">Vse mine in minila je tudi na\u0161a tridnevna \u0161ola v naravi. Dopoldan smo se odpravili <span style=\"color: #3366ff\"><strong>do vise\u010dega mosta \u010dez Kolpo<\/strong><\/span> in si ogledali mejni prehod.<\/div>\n<div dir=\"auto\">&nbsp;<\/div>\n<div dir=\"auto\"><span style=\"color: #339966\"><strong>V teh dneh smo se veliko nau\u010dili o tej pokrajini, bili smo veliko zunaj, se dru\u017eili in imeli zelo lepo.<\/strong><\/span><\/div>\n<\/div>\n<\/div>\n<div dir=\"auto\">&nbsp;<\/div>\n<div dir=\"auto\">&nbsp;<\/div>\n<div dir=\"auto\">\n<div dir=\"auto\">\n<div dir=\"auto\">ngg_shortcode_2_placeholder<\/div>\n<\/div>\n<\/div>\n","protected":false},"excerpt":{"rendered":"<p>PRVI DAN \u2013 sreda, 25. januar 2023 &nbsp; Sre\u010dno smo [&hellip;]<\/p>\n","protected":false},"author":56163,"featured_media":29247,"comment_status":"closed","ping_status":"open","sticky":false,"template":"","format":"standard","meta":{"ngg_post_thumbnail":0,"footnotes":""},"categories":[7,55],"tags":[],"class_list":["post-28976","post","type-post","status-publish","format-standard","has-post-thumbnail","hentry","category-dnevi-dejavnosti","category-dogajanje"],"_links":{"self":[{"href":"https:\/\/sola-poljane.splet.arnes.si\/index.php?rest_route=\/wp\/v2\/posts\/28976","targetHints":{"allow":["GET"]}}],"collection":[{"href":"https:\/\/sola-poljane.splet.arnes.si\/index.php?rest_route=\/wp\/v2\/posts"}],"about":[{"href":"https:\/\/sola-poljane.splet.arnes.si\/index.php?rest_route=\/wp\/v2\/types\/post"}],"author":[{"embeddable":true,"href":"https:\/\/sola-poljane.splet.arnes.si\/index.php?rest_route=\/wp\/v2\/users\/56163"}],"replies":[{"embeddable":true,"href":"https:\/\/sola-poljane.splet.arnes.si\/index.php?rest_route=%2Fwp%2Fv2%2Fcomments&post=28976"}],"version-history":[{"count":10,"href":"https:\/\/sola-poljane.splet.arnes.si\/index.php?rest_route=\/wp\/v2\/posts\/28976\/revisions"}],"predecessor-version":[{"id":29248,"href":"https:\/\/sola-poljane.splet.arnes.si\/index.php?rest_route=\/wp\/v2\/posts\/28976\/revisions\/29248"}],"wp:featuredmedia":[{"embeddable":true,"href":"https:\/\/sola-poljane.splet.arnes.si\/index.php?rest_route=\/wp\/v2\/media\/29247"}],"wp:attachment":[{"href":"https:\/\/sola-poljane.splet.arnes.si\/index.php?rest_route=%2Fwp%2Fv2%2Fmedia&parent=28976"}],"wp:term":[{"taxonomy":"category","embeddable":true,"href":"https:\/\/sola-poljane.splet.arnes.si\/index.php?rest_route=%2Fwp%2Fv2%2Fcategories&post=28976"},{"taxonomy":"post_tag","embeddable":true,"href":"https:\/\/sola-poljane.splet.arnes.si\/index.php?rest_route=%2Fwp%2Fv2%2Ftags&post=28976"}],"curies":[{"name":"wp","href":"https:\/\/api.w.org\/{rel}","templated":true}]}}