{"id":28806,"date":"2023-01-23T18:08:37","date_gmt":"2023-01-23T17:08:37","guid":{"rendered":"https:\/\/sola-poljane.splet.arnes.si\/?p=28806"},"modified":"2023-01-23T18:08:37","modified_gmt":"2023-01-23T17:08:37","slug":"na-hlevisko-planino-tudi-javorski-planinci-tokrat-v-snegu","status":"publish","type":"post","link":"https:\/\/sola-poljane.splet.arnes.si\/?p=28806","title":{"rendered":"Na Hlevi\u0161ko planino tudi javorski planinci \u2013 tokrat v snegu"},"content":{"rendered":"<p><span style=\"color: #000000\">CILJ: HLEVI\u0160KA PLANINA 908m<\/span><br \/>\n<span style=\"color: #000000\">DATUM: 21. 1. 2023<\/span><br \/>\n<span style=\"color: #000000\">NADMORSKA VI\u0160INA: 908 metrov<\/span><\/p>\n<p style=\"text-align: justify\"><span style=\"color: #000000\">Na hladno, januarsko, sobotno jutro, smo se s planinci iz Javorij odpravili na 2. pohod.<\/span><\/p>\n<p style=\"text-align: justify\"><span style=\"color: #000000\">S kombijem smo se po ovinkasti cesti peljali do Idrije. Pe\u0161 smo jo mahnili po strmih ulicah do poti, ki je vodila do odcepa za sankali\u0161\u010de Taler. Smerokazi so nas usmerili na \u00bblovsko pot\u00ab. \u0160e pred tednom dni smo s poljanskimi planinci tukaj ob\u010dudovali telohe, tokrat pa smo zagrizli v zga\u017eeno pot in u\u017eivali v pravi zimski idili. Pot nas je pripeljala do ko\u010de na Hlevi\u0161ki planini. V topli ko\u010di, kjer so nas sprejeli z nasmehom, smo se ogreli in si privo\u0161\u010dili zaslu\u017eeno malico, marsikdo pa se je pocrkljal tudi z odli\u010dnim jabol\u010dnim \u0161trudljem ali ocvirkovico. V dolino smo se vrnili po isti poti.<\/span><\/p>\n<p><span style=\"color: #000000\"><strong><em>Katja Zorko<\/em><\/strong><\/span><\/p>\n<p>&nbsp;<\/p>\nngg_shortcode_0_placeholder\n","protected":false},"excerpt":{"rendered":"<p>CILJ: HLEVI\u0160KA PLANINA 908m DATUM: 21. 1. 2023 NADMORSKA VI\u0160INA: [&hellip;]<\/p>\n","protected":false},"author":56163,"featured_media":28859,"comment_status":"closed","ping_status":"open","sticky":false,"template":"","format":"standard","meta":{"ngg_post_thumbnail":0,"footnotes":""},"categories":[55,17],"tags":[],"class_list":["post-28806","post","type-post","status-publish","format-standard","has-post-thumbnail","hentry","category-dogajanje","category-planinski-krozek"],"_links":{"self":[{"href":"https:\/\/sola-poljane.splet.arnes.si\/index.php?rest_route=\/wp\/v2\/posts\/28806","targetHints":{"allow":["GET"]}}],"collection":[{"href":"https:\/\/sola-poljane.splet.arnes.si\/index.php?rest_route=\/wp\/v2\/posts"}],"about":[{"href":"https:\/\/sola-poljane.splet.arnes.si\/index.php?rest_route=\/wp\/v2\/types\/post"}],"author":[{"embeddable":true,"href":"https:\/\/sola-poljane.splet.arnes.si\/index.php?rest_route=\/wp\/v2\/users\/56163"}],"replies":[{"embeddable":true,"href":"https:\/\/sola-poljane.splet.arnes.si\/index.php?rest_route=%2Fwp%2Fv2%2Fcomments&post=28806"}],"version-history":[{"count":3,"href":"https:\/\/sola-poljane.splet.arnes.si\/index.php?rest_route=\/wp\/v2\/posts\/28806\/revisions"}],"predecessor-version":[{"id":28860,"href":"https:\/\/sola-poljane.splet.arnes.si\/index.php?rest_route=\/wp\/v2\/posts\/28806\/revisions\/28860"}],"wp:featuredmedia":[{"embeddable":true,"href":"https:\/\/sola-poljane.splet.arnes.si\/index.php?rest_route=\/wp\/v2\/media\/28859"}],"wp:attachment":[{"href":"https:\/\/sola-poljane.splet.arnes.si\/index.php?rest_route=%2Fwp%2Fv2%2Fmedia&parent=28806"}],"wp:term":[{"taxonomy":"category","embeddable":true,"href":"https:\/\/sola-poljane.splet.arnes.si\/index.php?rest_route=%2Fwp%2Fv2%2Fcategories&post=28806"},{"taxonomy":"post_tag","embeddable":true,"href":"https:\/\/sola-poljane.splet.arnes.si\/index.php?rest_route=%2Fwp%2Fv2%2Ftags&post=28806"}],"curies":[{"name":"wp","href":"https:\/\/api.w.org\/{rel}","templated":true}]}}