{"id":28674,"date":"2023-01-13T19:50:04","date_gmt":"2023-01-13T18:50:04","guid":{"rendered":"https:\/\/sola-poljane.splet.arnes.si\/?p=28674"},"modified":"2023-01-13T19:50:53","modified_gmt":"2023-01-13T18:50:53","slug":"projekt-ti-meni-jaz-tebi-decembrski-mozje","status":"publish","type":"post","link":"https:\/\/sola-poljane.splet.arnes.si\/?p=28674","title":{"rendered":"Projekt &#8220;Ti meni, jaz tebi&#8221; \u2013 DECEMBRSKI MO\u017dJE"},"content":{"rendered":"<h6><em>December smo \u017ee pospravili v preteklo leto, pa vendar se otroci radi vrnejo v lanske prazni\u010dne dni, polne dru\u017eenja, topline in tudi daril. Zato ni ni\u010d narobe, \u010de se \u0161e enkrat spomnimo na \u010darobne prazni\u010dne dni preteklega decembra.<\/em><\/h6>\n<p style=\"text-align: justify\">V okviru <span style=\"color: #ff6600\">projekta <strong>\u00bbTi meni danes, jaz tebi jutri\u00ab<\/strong><\/span> smo se pred novim letom pogovarjali o decembrskih mo\u017eeh in pre\u017eivljanju praznikov s star\u0161i, starimi star\u0161i in sorodniki. O skupnem pre\u017eivetem \u010dasu so u\u010denci zapisali ali ustvarili \u0161tevilne izdelke. Pri projektu je sodelovalo <strong>78 u\u010dencev in pet u\u010diteljev<\/strong>, tukaj pa je objavljenih le nekaj izdelkov.<\/p>\n<p><strong><em>Mentorica Maja Tr\u010dek<\/em><\/strong><\/p>\n<p>&nbsp;<\/p>\n<p style=\"text-align: justify\"><span style=\"color: #993300\"><strong>MIKLAV\u017d PRI STARIH STAR\u0160IH<\/strong><\/span><\/p>\n<p style=\"text-align: justify\">Letos je bil Miklav\u017e veliko bolj radodaren kot prej\u0161nja leta. Predvsem pri atijevi mami, kjer je bilo ve\u010d daril kot pri mami\u010dinih star\u0161ih. Ko smo od\u0161li na Miklav\u017ea k mami, smo bili vsi zelo veseli, najbolj pa seveda jaz, saj mi je prinesel skoraj vse, kar sem si \u017eelela. Prav tako tudi mojim sestram in bratcu. Ko smo pri\u0161li domov, bratec in sestrica sploh nista hotela spat, saj sta si \u017eelela samo igrati z novimi stvarmi. Ko smo ju kon\u010dno spravili spat, pa naslednji dan nista hotela iti v vrtec.<br \/>\nPri drugi mami pa je bilo malo druga\u010de. Dobili smo vre\u010do za celo dru\u017eino, v kateri so bili: parkeljni, suho sadje in sladkarije. Tudi tega smo bili zelo veseli. Vse sladkarije smo odnesli v svojo sobo, jih shranili v posebno \u0161katlo in jih jedli tekom celega meseca decembra. Tako so se iztekli ti Miklav\u017eevi dnevi.<\/p>\n<p style=\"text-align: justify\"><em><strong>Maja Bon\u010da, 4. razred<\/strong><\/em><\/p>\n<p style=\"text-align: justify\">&nbsp;<\/p>\n<p style=\"text-align: justify\"><span style=\"color: #993300\"><strong>DECEMBRSKI DOBRI MO\u017d PRI STARIH STAR\u0160IH<\/strong><\/span><\/p>\n<p style=\"text-align: justify\">Vsi pri nas doma se veselimo decembra. Mami se pri atijevih star\u0161ih veseli makove potice, ati pa se pri maminih veseli kuhanja \u00bb\u0161nopca\u00ab. Otroci se \u0161e posebej veselimo sv. Miklav\u017ea. Pri mami Ivi in atu Damjanu (mamini star\u0161i) vedno dobimo kak\u0161no sladkarijo in suhe krhlje. Pri mami Tini in atu Poldetu pa darila dobimo v posameznih vre\u010dkah.<br \/>\nDan sv. Miklav\u017ea je zelo poseben. Zbudimo se \u017ee zelo zgodaj (ponavadi ob dveh zjutraj) in se odpravimo v kuhinjo, kjer nas pri\u010dakajo darila. Po \u0161oli komaj \u010dakamo na obisk mame Tine in ata Poldeta. Letos je pri njima Ajdi prinesel konji\u010dka in pun\u010dko, Tinetu traktor in nakladalno, Maji Frozen zvo\u010dnik in mikrofon, mami in atiju pa suhe krhlje, vino in pi\u0161kote. Jaz pa sem bila nad svojim darilom \u0161e posebej navdu\u0161ena. Dobila sem namre\u010d torbico in skavtsko pesmarico z akordi za kitaro. Torbico sem seveda nosila \u017ee naslednji dan, ko smo \u0161li v Ljubljano. Pri nas Miklav\u017e vedno prinese tudi darilo za obe mami in oba ata, za teto Niko in Davorja, pa tudi stric Jure in njegova Petra ne ostaneta praznih rok.<br \/>\nKo pridemo domov, tudi mami Ivi odnesemo darilo in gremo pogledat, \u010de je tudi pri njej prinesel kak\u0161no darilo. Letos nam je prinesel \u010dokoladice in Miklav\u017ea iz testa. Otroci smo vsako leto bolj veseli.<br \/>\nMislim, da je ta \u010das zelo prijeten, ne samo zaradi daril, ampak tudi za dru\u017eino, saj se v tem \u010dasu veliko ve\u010d obiskujemo, pogovarjamo, se skupaj igramo dru\u017eabne igre, oba ata in obe mami pa nam pogosto tudi pripovedujejo o svojih otro\u0161kih do\u017eivetjih, pa tudi o njihovih izku\u0161njah z darili. Tudi letos so bili to \u010dudoviti dnevi.<br \/>\nPri nas praznujemo samo dan sv. Miklav\u017ea, Bo\u017ei\u010dka in Dedka mraza pa ne. Vendar ni\u010desar ne pogre\u0161am, saj &nbsp;imamo vedno vsega dovolj. Darila pridejo in gredo, \u010das, pre\u017eivet s starimi star\u0161i, pa nam pusti ogromno lepega.<\/p>\n<p style=\"text-align: justify\"><em><strong>Janja Bon\u010da, 7. razred<\/strong><\/em><\/p>\n<p style=\"text-align: justify\">&nbsp;<\/p>\nngg_shortcode_0_placeholder\n<p style=\"text-align: justify\">&nbsp;<\/p>\n","protected":false},"excerpt":{"rendered":"<p>December smo \u017ee pospravili v preteklo leto, pa vendar se [&hellip;]<\/p>\n","protected":false},"author":56163,"featured_media":28710,"comment_status":"closed","ping_status":"open","sticky":false,"template":"","format":"standard","meta":{"ngg_post_thumbnail":0,"footnotes":""},"categories":[55,11,27,43],"tags":[],"class_list":["post-28674","post","type-post","status-publish","format-standard","has-post-thumbnail","hentry","category-dogajanje","category-ostalo","category-ostalo-3-triada","category-projekti"],"_links":{"self":[{"href":"https:\/\/sola-poljane.splet.arnes.si\/index.php?rest_route=\/wp\/v2\/posts\/28674","targetHints":{"allow":["GET"]}}],"collection":[{"href":"https:\/\/sola-poljane.splet.arnes.si\/index.php?rest_route=\/wp\/v2\/posts"}],"about":[{"href":"https:\/\/sola-poljane.splet.arnes.si\/index.php?rest_route=\/wp\/v2\/types\/post"}],"author":[{"embeddable":true,"href":"https:\/\/sola-poljane.splet.arnes.si\/index.php?rest_route=\/wp\/v2\/users\/56163"}],"replies":[{"embeddable":true,"href":"https:\/\/sola-poljane.splet.arnes.si\/index.php?rest_route=%2Fwp%2Fv2%2Fcomments&post=28674"}],"version-history":[{"count":4,"href":"https:\/\/sola-poljane.splet.arnes.si\/index.php?rest_route=\/wp\/v2\/posts\/28674\/revisions"}],"predecessor-version":[{"id":28712,"href":"https:\/\/sola-poljane.splet.arnes.si\/index.php?rest_route=\/wp\/v2\/posts\/28674\/revisions\/28712"}],"wp:featuredmedia":[{"embeddable":true,"href":"https:\/\/sola-poljane.splet.arnes.si\/index.php?rest_route=\/wp\/v2\/media\/28710"}],"wp:attachment":[{"href":"https:\/\/sola-poljane.splet.arnes.si\/index.php?rest_route=%2Fwp%2Fv2%2Fmedia&parent=28674"}],"wp:term":[{"taxonomy":"category","embeddable":true,"href":"https:\/\/sola-poljane.splet.arnes.si\/index.php?rest_route=%2Fwp%2Fv2%2Fcategories&post=28674"},{"taxonomy":"post_tag","embeddable":true,"href":"https:\/\/sola-poljane.splet.arnes.si\/index.php?rest_route=%2Fwp%2Fv2%2Ftags&post=28674"}],"curies":[{"name":"wp","href":"https:\/\/api.w.org\/{rel}","templated":true}]}}