{"id":28609,"date":"2022-12-23T21:15:51","date_gmt":"2022-12-23T20:15:51","guid":{"rendered":"https:\/\/sola-poljane.splet.arnes.si\/?p=28609"},"modified":"2022-12-23T22:59:33","modified_gmt":"2022-12-23T21:59:33","slug":"nase-kosarkarice-podrocne-prvakinje","status":"publish","type":"post","link":"https:\/\/sola-poljane.splet.arnes.si\/?p=28609","title":{"rendered":"Na\u0161e ko\u0161arkarice podro\u010dne prvakinje!"},"content":{"rendered":"<p>Na\u0161e u\u010denke so se 22. decembra udele\u017eile <span style=\"color: #ff6600\"><strong>podro\u010dnega prvenstva v ko\u0161ark<\/strong><\/span>i. S tremi suverenimi zmagami so napovedale boj za sam vrh v dr\u017eavi.<\/p>\n<p><strong>\u010cestitamo!!!<\/strong><\/p>\n<p>&nbsp;<\/p>\n<p>Nekaj slik in rezultati pa v prilogi.<\/p>\n<p><a href=\"https:\/\/sola-poljane.splet.arnes.si\/files\/2022\/12\/Kosarka_deklice_podrocno_rezultati.doc\">Ko\u0161arka_deklice_podro\u010dno_rezultati<\/a><\/p>\n<p>&nbsp;<\/p>\n<p><strong><span style=\"color: #0000ff\">Sre\u010dno in \u0161portno leto 2023!<\/span><\/strong><\/p>\n<p>&nbsp;<\/p>\nngg_shortcode_0_placeholder\n","protected":false},"excerpt":{"rendered":"<p>Na\u0161e u\u010denke so se 22. decembra udele\u017eile podro\u010dnega prvenstva v [&hellip;]<\/p>\n","protected":false},"author":56163,"featured_media":28627,"comment_status":"closed","ping_status":"open","sticky":false,"template":"","format":"standard","meta":{"ngg_post_thumbnail":0,"footnotes":""},"categories":[55,59],"tags":[],"class_list":["post-28609","post","type-post","status-publish","format-standard","has-post-thumbnail","hentry","category-dogajanje","category-sportna-tekmovanja"],"_links":{"self":[{"href":"https:\/\/sola-poljane.splet.arnes.si\/index.php?rest_route=\/wp\/v2\/posts\/28609","targetHints":{"allow":["GET"]}}],"collection":[{"href":"https:\/\/sola-poljane.splet.arnes.si\/index.php?rest_route=\/wp\/v2\/posts"}],"about":[{"href":"https:\/\/sola-poljane.splet.arnes.si\/index.php?rest_route=\/wp\/v2\/types\/post"}],"author":[{"embeddable":true,"href":"https:\/\/sola-poljane.splet.arnes.si\/index.php?rest_route=\/wp\/v2\/users\/56163"}],"replies":[{"embeddable":true,"href":"https:\/\/sola-poljane.splet.arnes.si\/index.php?rest_route=%2Fwp%2Fv2%2Fcomments&post=28609"}],"version-history":[{"count":5,"href":"https:\/\/sola-poljane.splet.arnes.si\/index.php?rest_route=\/wp\/v2\/posts\/28609\/revisions"}],"predecessor-version":[{"id":28626,"href":"https:\/\/sola-poljane.splet.arnes.si\/index.php?rest_route=\/wp\/v2\/posts\/28609\/revisions\/28626"}],"wp:featuredmedia":[{"embeddable":true,"href":"https:\/\/sola-poljane.splet.arnes.si\/index.php?rest_route=\/wp\/v2\/media\/28627"}],"wp:attachment":[{"href":"https:\/\/sola-poljane.splet.arnes.si\/index.php?rest_route=%2Fwp%2Fv2%2Fmedia&parent=28609"}],"wp:term":[{"taxonomy":"category","embeddable":true,"href":"https:\/\/sola-poljane.splet.arnes.si\/index.php?rest_route=%2Fwp%2Fv2%2Fcategories&post=28609"},{"taxonomy":"post_tag","embeddable":true,"href":"https:\/\/sola-poljane.splet.arnes.si\/index.php?rest_route=%2Fwp%2Fv2%2Ftags&post=28609"}],"curies":[{"name":"wp","href":"https:\/\/api.w.org\/{rel}","templated":true}]}}