{"id":28572,"date":"2022-12-21T21:07:22","date_gmt":"2022-12-21T20:07:22","guid":{"rendered":"https:\/\/sola-poljane.splet.arnes.si\/?p=28572"},"modified":"2023-01-12T17:17:25","modified_gmt":"2023-01-12T16:17:25","slug":"menjaj-branje-za-sanje","status":"publish","type":"post","link":"https:\/\/sola-poljane.splet.arnes.si\/?p=28572","title":{"rendered":"Menjaj branje za sanje"},"content":{"rendered":"<p style=\"text-align: justify\"><strong>Hej!<\/strong><\/p>\n<p style=\"text-align: justify\">Tam za devetimi gorami in devetimi vodami, v \u0161oli z najlep\u0161o fresko na zidu, v njenem tretjem nadstropju levo \u2026 stoji <span style=\"color: #ff6600\"><strong><em>knjigobe\u017enica<\/em><\/strong><\/span>.<\/p>\n<p style=\"text-align: justify\">Prva.<\/p>\n<p style=\"text-align: justify\">Tista druga pa se je na Podru\u017eni\u010dni \u0161oli Javorje ugnezdila kar na stopnice v kov\u010dek potujo\u010de knji\u017enice.<\/p>\n<p style=\"text-align: justify\">\u010caka nate in na tvojo knjigo.<\/p>\n<p style=\"text-align: justify\"><strong><span style=\"color: #ff6600\">Knjigobe\u017enica?<\/span><\/strong><\/p>\n<p style=\"text-align: justify\">Da, knjigobe\u017enica.<\/p>\n<p style=\"text-align: justify\">V sklopu Unesca smo v leto\u0161njem \u0161olskem letu tudi na na\u0161i \u0161oli <span style=\"color: #3366ff\">del projekta <strong>Menjaj branje za sanje<\/strong><\/span>.<br \/>\nOsnovni cilj projekta je vzbuditi ve\u010dje zanimanje za branje in knjigo med mladimi. Poleg tega je vodilo tudi \u017eelja po izbolj\u0161anju medsebojnega sporazumevanja, razvijanju odgovornosti do so\u010dloveka, medgeneracijskega spoznavanja in povezovanja med posamezniki. Nenazadnje je zelo pomembno tudi spoznanje, da nam knjige podarjajo \u010das samo zase.<br \/>\nProjekt poteka kot organizirana izmenjava knjig, opremljenih s posvetili, z mislimi ali s citati.<\/p>\n<p style=\"text-align: justify\">Vsi u\u010denci in zaposleni ste lepo vabljeni, da v koti\u010dku na zgornjem hodniku pustite svojo knjigo z zapisanim posvetilom. Velja pravilo \u00bbena \u2013 ena\u00ab. Eno knjigo s posvetilom prinese\u0161 od doma, eno odnese\u0161 domov. Ta ti ostane za vedno. <span style=\"color: #ff6600\">Za spomin na branje, ki ga menja\u0161 za sanje<\/span>.<\/p>\n<p style=\"text-align: justify\"><em><strong>Mateja Tu\u0161ek, vodja projekta<\/strong><\/em><\/p>\n<p>&nbsp;<\/p>\n<p><a href=\"https:\/\/sola-poljane.splet.arnes.si\/files\/2022\/12\/Knjigobeznica_202201.jpg\"><img loading=\"lazy\" decoding=\"async\" class=\"size-full wp-image-28573 aligncenter\" src=\"https:\/\/sola-poljane.splet.arnes.si\/files\/2022\/12\/Knjigobeznica_202201.jpg\" alt=\"\" width=\"450\" height=\"600\" srcset=\"https:\/\/sola-poljane.splet.arnes.si\/files\/2022\/12\/Knjigobeznica_202201.jpg 450w, https:\/\/sola-poljane.splet.arnes.si\/files\/2022\/12\/Knjigobeznica_202201-225x300.jpg 225w, https:\/\/sola-poljane.splet.arnes.si\/files\/2022\/12\/Knjigobeznica_202201-41x55.jpg 41w\" sizes=\"auto, (max-width: 450px) 100vw, 450px\" \/><\/a><\/p>\n<p>&nbsp;<\/p>\n<p>&nbsp;<\/p>\n<p><a href=\"https:\/\/sola-poljane.splet.arnes.si\/files\/2022\/12\/Knjigobeznica_202202.jpg\"><img loading=\"lazy\" decoding=\"async\" class=\"size-full wp-image-28574 aligncenter\" src=\"https:\/\/sola-poljane.splet.arnes.si\/files\/2022\/12\/Knjigobeznica_202202.jpg\" alt=\"\" width=\"450\" height=\"600\" srcset=\"https:\/\/sola-poljane.splet.arnes.si\/files\/2022\/12\/Knjigobeznica_202202.jpg 450w, https:\/\/sola-poljane.splet.arnes.si\/files\/2022\/12\/Knjigobeznica_202202-225x300.jpg 225w, https:\/\/sola-poljane.splet.arnes.si\/files\/2022\/12\/Knjigobeznica_202202-41x55.jpg 41w\" sizes=\"auto, (max-width: 450px) 100vw, 450px\" \/><\/a><\/p>\n<p>&nbsp;<\/p>\n<p><a href=\"https:\/\/sola-poljane.splet.arnes.si\/files\/2022\/12\/Knjigobeznica_202203.jpg\"><img loading=\"lazy\" decoding=\"async\" class=\"size-full wp-image-28575 aligncenter\" src=\"https:\/\/sola-poljane.splet.arnes.si\/files\/2022\/12\/Knjigobeznica_202203.jpg\" alt=\"\" width=\"450\" height=\"600\" srcset=\"https:\/\/sola-poljane.splet.arnes.si\/files\/2022\/12\/Knjigobeznica_202203.jpg 450w, https:\/\/sola-poljane.splet.arnes.si\/files\/2022\/12\/Knjigobeznica_202203-225x300.jpg 225w, https:\/\/sola-poljane.splet.arnes.si\/files\/2022\/12\/Knjigobeznica_202203-41x55.jpg 41w\" sizes=\"auto, (max-width: 450px) 100vw, 450px\" \/><\/a><\/p>\n","protected":false},"excerpt":{"rendered":"<p>Hej! Tam za devetimi gorami in devetimi vodami, v \u0161oli [&hellip;]<\/p>\n","protected":false},"author":56163,"featured_media":28578,"comment_status":"closed","ping_status":"open","sticky":false,"template":"","format":"standard","meta":{"ngg_post_thumbnail":0,"footnotes":""},"categories":[55,43,23],"tags":[],"class_list":["post-28572","post","type-post","status-publish","format-standard","has-post-thumbnail","hentry","category-dogajanje","category-projekti","category-ostale-kategorije"],"_links":{"self":[{"href":"https:\/\/sola-poljane.splet.arnes.si\/index.php?rest_route=\/wp\/v2\/posts\/28572","targetHints":{"allow":["GET"]}}],"collection":[{"href":"https:\/\/sola-poljane.splet.arnes.si\/index.php?rest_route=\/wp\/v2\/posts"}],"about":[{"href":"https:\/\/sola-poljane.splet.arnes.si\/index.php?rest_route=\/wp\/v2\/types\/post"}],"author":[{"embeddable":true,"href":"https:\/\/sola-poljane.splet.arnes.si\/index.php?rest_route=\/wp\/v2\/users\/56163"}],"replies":[{"embeddable":true,"href":"https:\/\/sola-poljane.splet.arnes.si\/index.php?rest_route=%2Fwp%2Fv2%2Fcomments&post=28572"}],"version-history":[{"count":2,"href":"https:\/\/sola-poljane.splet.arnes.si\/index.php?rest_route=\/wp\/v2\/posts\/28572\/revisions"}],"predecessor-version":[{"id":28577,"href":"https:\/\/sola-poljane.splet.arnes.si\/index.php?rest_route=\/wp\/v2\/posts\/28572\/revisions\/28577"}],"wp:featuredmedia":[{"embeddable":true,"href":"https:\/\/sola-poljane.splet.arnes.si\/index.php?rest_route=\/wp\/v2\/media\/28578"}],"wp:attachment":[{"href":"https:\/\/sola-poljane.splet.arnes.si\/index.php?rest_route=%2Fwp%2Fv2%2Fmedia&parent=28572"}],"wp:term":[{"taxonomy":"category","embeddable":true,"href":"https:\/\/sola-poljane.splet.arnes.si\/index.php?rest_route=%2Fwp%2Fv2%2Fcategories&post=28572"},{"taxonomy":"post_tag","embeddable":true,"href":"https:\/\/sola-poljane.splet.arnes.si\/index.php?rest_route=%2Fwp%2Fv2%2Ftags&post=28572"}],"curies":[{"name":"wp","href":"https:\/\/api.w.org\/{rel}","templated":true}]}}