{"id":28378,"date":"2022-12-02T18:00:30","date_gmt":"2022-12-02T17:00:30","guid":{"rendered":"https:\/\/sola-poljane.splet.arnes.si\/?p=28378"},"modified":"2022-12-02T18:58:18","modified_gmt":"2022-12-02T17:58:18","slug":"medobcinsko-prvenstvo-za-starejse-decke-v-kosarki","status":"publish","type":"post","link":"https:\/\/sola-poljane.splet.arnes.si\/?p=28378","title":{"rendered":"Medob\u010dinsko prvenstvo za starej\u0161e de\u010dke v ko\u0161arki"},"content":{"rendered":"<p style=\"text-align: justify\">1. 12. 2022 je v Gorenji vasi potekal <span style=\"color: #0000ff\">turnir v ko\u0161arki<\/span>. O\u0160 Poljane je \u017ereb za prvo tekmo dolo\u010dil kasnej\u0161e ob\u010dinske prvake O\u0160 Cvetka Golarja. Na tekmi je bilo v na\u0161ih vrstah videti nekoliko neuigranosti, nasprotniki pa so bili tudi za odtenek fizi\u010dno mo\u010dnej\u0161i. Na drugi tekmi smo pri\u010dakovali \u0161e te\u017eje tekmece iz \u017dirov, ampak izkazalo se je, da lahko z ekipnim duhom in borbenostjo igramo z vsemi. Fantje so poskrbeli za vrhunsko, po\u0161teno in napeto tekmo. Odnesli smo jo sicer s porazom, ampak dvignjenih glav.<\/p>\n<p style=\"text-align: justify\"><span style=\"color: #0000ff\">\u010cestitke fantom za super \u0161portno popoldne!<\/span><\/p>\n<p style=\"text-align: justify\"><em><strong>Uro\u0161 \u010cade\u017e<\/strong><\/em><\/p>\n<p>&nbsp;<\/p>\n<p><a href=\"https:\/\/sola-poljane.splet.arnes.si\/files\/2022\/12\/Nasa-kosarkarska-ekipa.jpg\"><img loading=\"lazy\" decoding=\"async\" class=\"alignnone size-full wp-image-28380\" src=\"https:\/\/sola-poljane.splet.arnes.si\/files\/2022\/12\/Nasa-kosarkarska-ekipa.jpg\" alt=\"\" width=\"800\" height=\"450\" srcset=\"https:\/\/sola-poljane.splet.arnes.si\/files\/2022\/12\/Nasa-kosarkarska-ekipa.jpg 800w, https:\/\/sola-poljane.splet.arnes.si\/files\/2022\/12\/Nasa-kosarkarska-ekipa-300x169.jpg 300w, https:\/\/sola-poljane.splet.arnes.si\/files\/2022\/12\/Nasa-kosarkarska-ekipa-768x432.jpg 768w, https:\/\/sola-poljane.splet.arnes.si\/files\/2022\/12\/Nasa-kosarkarska-ekipa-98x55.jpg 98w, https:\/\/sola-poljane.splet.arnes.si\/files\/2022\/12\/Nasa-kosarkarska-ekipa-624x351.jpg 624w\" sizes=\"auto, (max-width: 800px) 100vw, 800px\" \/><\/a><\/p>\n<p>&nbsp;<\/p>\n<p><strong><span style=\"color: #0000ff\">REZULTATI<\/span><\/strong><\/p>\n<p><a href=\"https:\/\/sola-poljane.splet.arnes.si\/files\/2022\/12\/Medobcinsko-kosarka-starejsi.docx\">Medob\u010dinsko ko\u0161arka starej\u0161i<\/a><\/p>\n","protected":false},"excerpt":{"rendered":"<p>1. 12. 2022 je v Gorenji vasi potekal turnir v [&hellip;]<\/p>\n","protected":false},"author":56163,"featured_media":28380,"comment_status":"closed","ping_status":"open","sticky":false,"template":"","format":"standard","meta":{"ngg_post_thumbnail":0,"footnotes":""},"categories":[55,59],"tags":[],"class_list":["post-28378","post","type-post","status-publish","format-standard","has-post-thumbnail","hentry","category-dogajanje","category-sportna-tekmovanja"],"_links":{"self":[{"href":"https:\/\/sola-poljane.splet.arnes.si\/index.php?rest_route=\/wp\/v2\/posts\/28378","targetHints":{"allow":["GET"]}}],"collection":[{"href":"https:\/\/sola-poljane.splet.arnes.si\/index.php?rest_route=\/wp\/v2\/posts"}],"about":[{"href":"https:\/\/sola-poljane.splet.arnes.si\/index.php?rest_route=\/wp\/v2\/types\/post"}],"author":[{"embeddable":true,"href":"https:\/\/sola-poljane.splet.arnes.si\/index.php?rest_route=\/wp\/v2\/users\/56163"}],"replies":[{"embeddable":true,"href":"https:\/\/sola-poljane.splet.arnes.si\/index.php?rest_route=%2Fwp%2Fv2%2Fcomments&post=28378"}],"version-history":[{"count":4,"href":"https:\/\/sola-poljane.splet.arnes.si\/index.php?rest_route=\/wp\/v2\/posts\/28378\/revisions"}],"predecessor-version":[{"id":28384,"href":"https:\/\/sola-poljane.splet.arnes.si\/index.php?rest_route=\/wp\/v2\/posts\/28378\/revisions\/28384"}],"wp:featuredmedia":[{"embeddable":true,"href":"https:\/\/sola-poljane.splet.arnes.si\/index.php?rest_route=\/wp\/v2\/media\/28380"}],"wp:attachment":[{"href":"https:\/\/sola-poljane.splet.arnes.si\/index.php?rest_route=%2Fwp%2Fv2%2Fmedia&parent=28378"}],"wp:term":[{"taxonomy":"category","embeddable":true,"href":"https:\/\/sola-poljane.splet.arnes.si\/index.php?rest_route=%2Fwp%2Fv2%2Fcategories&post=28378"},{"taxonomy":"post_tag","embeddable":true,"href":"https:\/\/sola-poljane.splet.arnes.si\/index.php?rest_route=%2Fwp%2Fv2%2Ftags&post=28378"}],"curies":[{"name":"wp","href":"https:\/\/api.w.org\/{rel}","templated":true}]}}