{"id":2827,"date":"2013-08-31T06:08:03","date_gmt":"2013-08-31T05:08:03","guid":{"rendered":"http:\/\/www.sola-poljane.si\/cs\/?p=2827"},"modified":"2013-08-31T06:08:03","modified_gmt":"2013-08-31T05:08:03","slug":"sola-v-naravi-za-ucence-5-razreda-na-debelem-rticu-2","status":"publish","type":"post","link":"https:\/\/sola-poljane.splet.arnes.si\/?p=2827","title":{"rendered":"\u0160ola v naravi za u\u010dence 5. razreda na Debelem rti\u010du"},"content":{"rendered":"<p>1. dan<\/p>\n<p>Po dolgih po\u010ditnicah je kon\u010dno pri\u0161el tudi dan odhoda v \u0161olo v naravi. Prvi dan nas je spremljalo lepo vreme in prijetne temperature. Po ogledu Luke Koper smo se odpravili na Debeli rti\u010d in se hitro nastanili. Po kosilu in kratkem po\u010ditku je \u017ee sledila prva u\u010dna ura v borovem gozdi\u010dku in za tem tudi popoldansko kopanje. Po ve\u010derji smo si ogledali okolico zdravili\u0161\u010da in tudi nekoliko \u0161ir\u0161e in pri tem ujeli \u0161e son\u010dni zahod. Ker pa je za nami naporen dan, je sledila priprava na spanje, pred tem pa ni manjkala niti pravljica.<\/p>\nngg_shortcode_0_placeholder\n<p>2. dan<\/p>\n<p>Dan smo za\u010deli aktivno in sicer z jutranjo telovadbo v borovem gozdi\u010dku. V \u010dasu u\u010dnih dejavnosti nas je obiskala vrtnarka, ki nam je razkazala park in predstavila vse, povsem obi\u010dajne in tudi bolj nenavadne rastline, ki jih najdemo v parku. Predstavitvi je prisluhnila tudi veverica, ki je \u017ee nabirala le\u0161nike za zimo. Kljub nekoliko hladnej\u0161emu vremenu smo nadaljevali s plavanjem na zunanjem bazenu in osvajali nova znanja. V \u010dasu po\u010ditka pa je bil \u010das tudi za prebiranje po\u0161te. V ve\u010dernem \u010dasu smo izvedli \u0161portne aktivnosti in na\u0161lo se je tudi nekaj \u010dasa za ples. A fantje so imeli kar nekaj treme in so le ste\u017eka stopili na plesi\u0161\u010de med tem ko so se dekleta takoj postavila v prvo vrsto in dru\u017eno zaplesala. Tako smo sklenili drugi dan.<\/p>\nngg_shortcode_1_placeholder\n<p>3. dan<\/p>\n<p>\u0160e en lep in topel dan je bil kot naro\u010den za delo na bazenu. Topli son\u010dni \u017earki so nas ogreli po plavanju, tako da ni bilo te\u017eko zdr\u017eati v vodi. Po\u010dasi se \u017ee pripravljamo, da bomo osvojeno znanje tudi preverili. Preostanek \u010dasa pa je bil namenjen u\u010dnim aktivnostim, ki so potekale na obali in deloma tudi v u\u010dilnici, kjer smo posvetili \u010das predvsem ro\u010dnim spretnostim. Ve\u010der pa je bil zopet v znamenju \u0161portnih aktivnosti in priprave na jutri\u0161nji izlet v Piran.<\/p>\nngg_shortcode_2_placeholder\n<p>4. dan<\/p>\n<p>Te\u017eko pri\u010dakovan izlet v Piran se je kon\u010dno zgodil. Ogledali smo si mesto in spregovorili o zgodovini slovenskega turisti\u010dnega bisera. Potem smo si ogledali \u0161e akvarij, ki vsaki\u010d znova ponuja na ogled kaj zanimivega. Preostali \u010das smo izkoristili za nakup daril in seveda za sladoled. Popoldne se je pokazalo tudi sonce in naredilo prijetno vzdu\u0161je na bazenu. U\u010denci so bili pri osvajanju delfin\u010dkov uspe\u0161ni. A je ostalo \u0161e nekaj dela, \u010de bomo \u017eeleli dose\u010di tudi kak\u0161nega zlatega delfin\u010dka. Ker se pa bli\u017ea zaklju\u010dek \u0161ole v naravi, smo nekaj \u010dasa posvetili pripravam na jutri\u0161nji zaklju\u010dni ve\u010der. V kolikor bodo ugodne vremenske razmere, pa nas jutri \u010daka \u0161e kratka vo\u017enja s kajakom.<\/p>\nngg_shortcode_3_placeholder\n<p>5. dan<\/p>\n<p>Po jutranjem rahlem de\u017eju smo imeli v nadaljevanju izvrsten dan. Zopet je sledilo delo na bazenu in izpopolnjevanje plavalnih tehnik ter priprava na \u0161e zadnja testiranja. V \u010dasu u\u010dnih aktivnosti so imeli u\u010denci tudi \u010das za izdelke, ki jim bodo v spomin na \u0161olo v naravi. Ker\u00a0 smo uspe\u0161no delali, so si u\u010denci prislu\u017eili \u0161e nagrado in sicer vo\u017enjo s kajakom. Nekateri so zelo hitro obvladali veslanje, drugi malo kasneje, a so vseeno vsi sedli v \u010doln in odveslali v okolico. To je bila prijetna popestritev dogajanja na bazenu in vsem v veliko veselje, celo tako, da so se pojavili \u017eulji na rokah. A na\u0161e delo se po\u010dasi zaklju\u010duje, zato smo izpeljali \u0161e zaklju\u010dni ve\u010der. Sobe so se predstavile in podelili smo nagrade za najbolj urejeno in disciplinirano sobo. Letos je bila to fantovska soba, kar se je do sedaj dogajalo redko. Sledil je \u0161e kratek zabavni program in kon\u010dno tudi no\u010dni po\u010ditek.<\/p>\nngg_shortcode_4_placeholder\n<p>6. dan<\/p>\nngg_shortcode_5_placeholder\n","protected":false},"excerpt":{"rendered":"<p>1. dan Po dolgih po\u010ditnicah je kon\u010dno pri\u0161el tudi dan [&hellip;]<\/p>\n","protected":false},"author":1973,"featured_media":0,"comment_status":"closed","ping_status":"open","sticky":false,"template":"","format":"standard","meta":{"ngg_post_thumbnail":0,"footnotes":""},"categories":[35,9,1,13,23],"tags":[],"class_list":["post-2827","post","type-post","status-publish","format-standard","hentry","category-2-triletje","category-nekategorizirano","category-nerazvrsceno","category-ostalo-2-triada","category-ostale-kategorije"],"_links":{"self":[{"href":"https:\/\/sola-poljane.splet.arnes.si\/index.php?rest_route=\/wp\/v2\/posts\/2827","targetHints":{"allow":["GET"]}}],"collection":[{"href":"https:\/\/sola-poljane.splet.arnes.si\/index.php?rest_route=\/wp\/v2\/posts"}],"about":[{"href":"https:\/\/sola-poljane.splet.arnes.si\/index.php?rest_route=\/wp\/v2\/types\/post"}],"author":[{"embeddable":true,"href":"https:\/\/sola-poljane.splet.arnes.si\/index.php?rest_route=\/wp\/v2\/users\/1973"}],"replies":[{"embeddable":true,"href":"https:\/\/sola-poljane.splet.arnes.si\/index.php?rest_route=%2Fwp%2Fv2%2Fcomments&post=2827"}],"version-history":[{"count":0,"href":"https:\/\/sola-poljane.splet.arnes.si\/index.php?rest_route=\/wp\/v2\/posts\/2827\/revisions"}],"wp:attachment":[{"href":"https:\/\/sola-poljane.splet.arnes.si\/index.php?rest_route=%2Fwp%2Fv2%2Fmedia&parent=2827"}],"wp:term":[{"taxonomy":"category","embeddable":true,"href":"https:\/\/sola-poljane.splet.arnes.si\/index.php?rest_route=%2Fwp%2Fv2%2Fcategories&post=2827"},{"taxonomy":"post_tag","embeddable":true,"href":"https:\/\/sola-poljane.splet.arnes.si\/index.php?rest_route=%2Fwp%2Fv2%2Ftags&post=2827"}],"curies":[{"name":"wp","href":"https:\/\/api.w.org\/{rel}","templated":true}]}}