{"id":28202,"date":"2022-11-21T19:05:18","date_gmt":"2022-11-21T18:05:18","guid":{"rendered":"https:\/\/sola-poljane.splet.arnes.si\/?p=28202"},"modified":"2022-11-21T19:05:18","modified_gmt":"2022-11-21T18:05:18","slug":"tretjesolci-sesili-svoje-macke-murije","status":"publish","type":"post","link":"https:\/\/sola-poljane.splet.arnes.si\/?p=28202","title":{"rendered":"Tretje\u0161olci se\u0161ili svoje ma\u010dke Murije"},"content":{"rendered":"<p>V ponedeljek, 21. 11. 2022, so imeli tretje\u0161olci <span style=\"color: #800000\"><strong>tehni\u0161ki dan \u2013 \u0161ivanje<\/strong><\/span>. Se\u0161ili so <strong>lutko <em>ma\u010dka Murija<\/em><\/strong>.<\/p>\n<p style=\"text-align: justify\">Danes smo imeli tehni\u0161ki dan. \u0160ivali smo ma\u010dka Murija. Bilo je odli\u010dno, ampak tudi zahtevno. <em>(Lovro)<br \/>\n<\/em>V\u0161e\u010d mi je bilo, ker sem se nau\u010dil zan\u010dni \u0161iv in naredil lepega ma\u010dka Murija. Bilo mi je zelo v\u0161e\u010d. Vsi Muriji so bili zelo lepi. Imeli smo se super. <em>(Luka)<br \/>\n<\/em>Vesel sem, ker sem se nau\u010dil nov \u0161iv. Dobro je bilo tudi, ker si v ma\u010dka Murija lahko dal roko. <em>(Peter)<br \/>\n<\/em>Bilo je dobro in tudi \u0161lo mi je dobro! Ve\u010d sem spoznal in se ve\u010d nau\u010dil. Spoznali smo nov \u0161iv. <em>(Erik)<br \/>\n<\/em>Dobro sem \u0161ival okrog. Na koncu smo nalepili u\u0161esa in srajco. Bilo je super. <em>(Urban \u010c.)<br \/>\n<\/em>Najbolj mi je bilo v\u0161e\u010d, ko smo \u0161ivali. Ni pa mi bilo v\u0161e\u010d, ko so so\u0161olci pri\u0161li k meni in rekli, \u010de jim lahko v \u0161ivanko vtaknem nit. <em>(Anja)<br \/>\n<\/em>\u0160lo mi je super. V\u010dasih se mi je tudi kaj zatikalo. <em>(Neja)<br \/>\n<\/em>V\u0161e\u010d mi je bilo, da sem naredil Murija. Na za\u010detku nisem znal, potem pa mi je \u0161lo zelo dobro. <em>(Emanuel)<br \/>\n<\/em>Danes smo \u0161ivali, strigli in lepili. Naredili smo ma\u010dka Murija. Bilo je super! <em>(Rok)<br \/>\n<\/em>\u0160ivanje mi je bilo v\u0161e\u010d in \u0161lo mi je dobro. Uspel sem narediti lepega ma\u010dka Murija. <em>(Tine)<br \/>\n<\/em>Imeli smo se odli\u010dno. <em>(Oskar)<br \/>\n<\/em>Imela sem se zelo dobro. Na koncu je nastal lep izdelek. \u0160lo mi je zelo dobro, a na trenutke sem malo zavozlala \u0161iv. <em>(Sara K.)<\/em><\/p>\n<p>&nbsp;<\/p>\nngg_shortcode_0_placeholder\n","protected":false},"excerpt":{"rendered":"<p>V ponedeljek, 21. 11. 2022, so imeli tretje\u0161olci tehni\u0161ki dan [&hellip;]<\/p>\n","protected":false},"author":56163,"featured_media":28219,"comment_status":"closed","ping_status":"open","sticky":false,"template":"","format":"standard","meta":{"ngg_post_thumbnail":0,"footnotes":""},"categories":[7,55],"tags":[],"class_list":["post-28202","post","type-post","status-publish","format-standard","has-post-thumbnail","hentry","category-dnevi-dejavnosti","category-dogajanje"],"_links":{"self":[{"href":"https:\/\/sola-poljane.splet.arnes.si\/index.php?rest_route=\/wp\/v2\/posts\/28202","targetHints":{"allow":["GET"]}}],"collection":[{"href":"https:\/\/sola-poljane.splet.arnes.si\/index.php?rest_route=\/wp\/v2\/posts"}],"about":[{"href":"https:\/\/sola-poljane.splet.arnes.si\/index.php?rest_route=\/wp\/v2\/types\/post"}],"author":[{"embeddable":true,"href":"https:\/\/sola-poljane.splet.arnes.si\/index.php?rest_route=\/wp\/v2\/users\/56163"}],"replies":[{"embeddable":true,"href":"https:\/\/sola-poljane.splet.arnes.si\/index.php?rest_route=%2Fwp%2Fv2%2Fcomments&post=28202"}],"version-history":[{"count":2,"href":"https:\/\/sola-poljane.splet.arnes.si\/index.php?rest_route=\/wp\/v2\/posts\/28202\/revisions"}],"predecessor-version":[{"id":28220,"href":"https:\/\/sola-poljane.splet.arnes.si\/index.php?rest_route=\/wp\/v2\/posts\/28202\/revisions\/28220"}],"wp:featuredmedia":[{"embeddable":true,"href":"https:\/\/sola-poljane.splet.arnes.si\/index.php?rest_route=\/wp\/v2\/media\/28219"}],"wp:attachment":[{"href":"https:\/\/sola-poljane.splet.arnes.si\/index.php?rest_route=%2Fwp%2Fv2%2Fmedia&parent=28202"}],"wp:term":[{"taxonomy":"category","embeddable":true,"href":"https:\/\/sola-poljane.splet.arnes.si\/index.php?rest_route=%2Fwp%2Fv2%2Fcategories&post=28202"},{"taxonomy":"post_tag","embeddable":true,"href":"https:\/\/sola-poljane.splet.arnes.si\/index.php?rest_route=%2Fwp%2Fv2%2Ftags&post=28202"}],"curies":[{"name":"wp","href":"https:\/\/api.w.org\/{rel}","templated":true}]}}