{"id":28096,"date":"2022-11-20T11:25:51","date_gmt":"2022-11-20T10:25:51","guid":{"rendered":"https:\/\/sola-poljane.splet.arnes.si\/?p=28096"},"modified":"2022-11-21T20:18:41","modified_gmt":"2022-11-21T19:18:41","slug":"po-zajtrku-se-tehniski-dan-za-6-9-razred","status":"publish","type":"post","link":"https:\/\/sola-poljane.splet.arnes.si\/?p=28096","title":{"rendered":"Po zajtrku \u0161e tehni\u0161ki dan za 6.\u20139. razred"},"content":{"rendered":"<p>&nbsp;<\/p>\nngg_shortcode_0_placeholder\n<p style=\"text-align: justify\">Po tradicionalnem slovenskem zajtrku so u\u010denci predmetne stopnje nadaljevali <span style=\"color: #0000ff\"><strong>s tehni\u0161kim dnevom<\/strong><\/span>, katerega vsebine so bile prav tako namenjene <span style=\"color: #0000ff\">zdravemu \u017eivljenjskemu slogu in okolju: ekolo\u0161kemu kmetijstvu, zdravi hrani, gibanju, zasvojenosti s sodobnimi tehnologijami pa tudi stereotipom, ki vplivajo na vsakega izmed nas.<\/span><\/p>\n<p style=\"text-align: justify\">U\u010denci so se seznanili z novim izzivom, ki bo spodbujal gibanje ne le njih samih, ampak tudi u\u010diteljev, star\u0161ev in drugih \u2013 <strong><span style=\"color: #008000\">8-TEDENSKI IZZIV ZBIRANJA KORAKOV<\/span><\/strong>.<br \/>\nVe\u010d o izzivu, ki je namenjen vsem, lahko preberete v rubriki <span style=\"color: #333399\"><strong>Aktualno<\/strong><\/span> oz. na povezavi <a href=\"https:\/\/sport-poljane.splet.arnes.si\/izziv-zbiranja-korakov\/\">https:\/\/sport-poljane.splet.arnes.si\/izziv-zbiranja-korakov\/<\/a><\/p>\n<p style=\"text-align: justify\">Za \u0161esto\u0161olce in osmo\u0161olce je dru\u0161tvo <span style=\"color: #333399\"><span style=\"color: #008000\"><strong><em>safe.si <\/em><\/strong><em>\u2013 to\u010dka osve\u0161\u010danja o varni rabi interneta in mobilnih naprav za otroke, najstnike, star\u0161e in u\u010ditelje <\/em><\/span><\/span>izvedlo dve zelo aktualni delavnici: <em><span style=\"color: #ff6600\"><strong>Zasvojenosti s sodobnimi tehnologijami<\/strong><\/span><\/em> za 6. razred in <em><strong><span style=\"color: #ff6600\">Spolni stereotipi in spletno nasilje<\/span><\/strong><\/em>&nbsp;za 8. razred.<\/p>\n<h4><span style=\"color: #0000ff\"><strong>6. razred<\/strong><\/span><\/h4>\n<p style=\"text-align: justify\">U\u010denci 6. razreda so imeli dveurno delavnico z naslovom <strong><em><span style=\"color: #008000\">Zasvojenosti s sodobnimi tehnologijami<\/span><\/em><\/strong>, ki so jo izvedli predstavniki <span style=\"color: #008000\"><em><strong>safe.si<\/strong><\/em><\/span>. Delavnica je namenjena obravnavi problematike \u010dezmerne uporabe spleta, zasvojenosti ter zasvojenosti z mobilnimi telefoni, dru\u017eabnimi omre\u017eji in videoigrami.<br \/>\nNa delavnici so u\u010denci spoznali razliko med prekomerno rabo in zasvojenostjo. Nau\u010dili so se prepoznati znake zasvojenosti in se preverili s testi zasvojenosti. Izvedeli so, kako prepre\u010diti zasvojenost in kako ravnati, ko se zasvojenost pojavi.<\/p>\nngg_shortcode_1_placeholder\n<p style=\"text-align: justify\"><span style=\"color: #993300\"><strong><u>O tehni\u0161kem dnevu<\/u><\/strong><\/span><\/p>\n<p style=\"text-align: justify\"><strong>ZAJTRK<br \/>\n<\/strong>Hrana je bila dobra. <em>(Lovro)<\/em> \u2013 V\u0161e\u010d mi je, ker je zajtrk iz okolice Poljan. <em>(Ema)<\/em> \u2013 Odli\u010den zajtrk! <em>(Ema)<\/em> \u2013 Dobro je bilo, ker je bil za zajtrk tudi cvetli\u010dni med. <em>(Leja)<\/em><\/p>\n<p style=\"text-align: justify\"><strong>GIBANJE<br \/>\n<\/strong>To je bilo v redu, najbolj\u0161a pa je bila veriga. <em>(Jo\u0161t)<\/em> \u2013 Najbolj\u0161e je bilo, ko smo punce sodelovale in premagale fante! <em>(Ne\u017ea)<\/em> \u2013 Vaje so bile malo dolgo\u010dasne. <em>(Jakob)<\/em> \u2013 Telovadba je bila odli\u010dna! <em>(Nina \u0160.)<\/em> \u2013 Dobro je bilo, ker smo igrali med dvema ognjema. <em>(Tadej D.)<\/em><\/p>\n<p style=\"text-align: justify\">Zelo v\u0161e\u010d mi je bilo predavanje <em>safe.si<\/em>. <em>(Zarja)<br \/>\n<\/em>Vse je bilo super. <em>(Kri\u0161tof)<\/em>&nbsp;<\/p>\nngg_shortcode_2_placeholder\n<h4>&nbsp;<\/h4>\n<h4><span style=\"color: #0000ff\"><strong>7. razred<\/strong><\/span><\/h4>\n<p>Sedmo\u0161olci so poleg ostalih dejavnosti poslu\u0161ali <span style=\"color: #993366\"><strong>predavanje in se pogovarjali o sestavinah energijskih pija\u010d in posledicah njihovega u\u017eivanja.<\/strong><\/span><\/p>\n<p style=\"text-align: justify\"><strong><span style=\"color: #993300\"><u>O tehni\u0161kem dnevu<\/u><\/span><\/strong><\/p>\n<p style=\"text-align: justify\"><strong>ZAJTRK<br \/>\n<\/strong>Dober zajtrk. <em>(Eva)<\/em> \u2013 Najbolj\u0161a sta bila <em>puter <\/em>in med. <em>(Tobija)<\/em> \u2013 Jaz pa zajtrka nisem jedel, tako da ne vem &#8230; <em>(Izak)<\/em><\/p>\n<p style=\"text-align: justify\"><strong>GIBANJE<br \/>\n<\/strong>Dobro sem se razmigala. <em>(Taja)<\/em>&nbsp;\u2013 Najbolj\u0161a je bila odbojka. <em>(Ne\u017ea)<\/em> \u2013 Malo je bilo hladno, druga\u010de pa v redu. <em>(Lovro)<\/em> \u2013 Najbolj\u0161i je bil namizni tenis, bilo mi je zelo vro\u010de. <em>(Jakob)<\/em> \u2013 \u0160port je bil srednje dober. <em>(Angelika)<\/em><\/p>\n<p style=\"text-align: justify\">Predavanje o sadju je bilo srednje dobro.<em> (Nikola)<\/em><br \/>\nNisem prav u\u017eivala pri izdelovanju korenja. <em>(Liza)<\/em><\/p>\nngg_shortcode_3_placeholder\n<h4>&nbsp;<\/h4>\n<h4><span style=\"color: #0000ff\"><strong>8. razred<\/strong><\/span><\/h4>\n<p style=\"text-align: justify\">U\u010denci 8. razreda so imeli dvourno delavnico z naslovom <em><strong><span style=\"color: #008000\">Spolni stereotipi in spletno nasilje<\/span><\/strong><\/em> , ki so jo izvedli predstavniki <strong><span style=\"color: #008000\">safe.si<\/span><\/strong>.<br \/>\nDelavnica obravnava \u0161iroko tematiko nasilja ter nasilja na spletu, njegovih oblik in posledic, znotraj katere pa specifi\u010dno naslavlja tudi nasilje zaradi spola in ozave\u0161\u010da o spolnih stereotipih in vlogah v dru\u017ebi, ki negativno vplivajo tudi na spletno \u017eivljenje mladih in so glavni vzrok tovrstnega nasilja. Glavni cilj delavnice je krepitev zmo\u017enosti mladih za eti\u010dno in empati\u010dno ravnanje v primerih nasilja (zaradi spola), pa naj so v njem udele\u017eeni kot \u017ertve, povzro\u010ditelji oz. povzro\u010diteljice ali pri\u010de.<\/p>\n<p>ngg_shortcode_4_placeholder<strong><span style=\"color: #993300\"><u>O tehni\u0161kem dnevu<\/u><\/span><\/strong><\/p>\n<p><strong>ZAJTRK<br \/>\n<\/strong>Najbolj v\u0161e\u010d mi je bil med, ki se je lepo ujemal z okusom masla. Vro\u010dega mleka ne pijem velikokrat, ampak je bilo dobro. <em>(Ema)<\/em> \u2013 Vsi okusi so se lepo ujemali \u2013 sladka jabolka, med in maslo ter mleko. <em>(\u017dan)<\/em> \u2013 Zajtrk je bil odli\u010den, med zelo okusen in sladak, jabolko pa zelo so\u010dno. <em>(Nina)<\/em><\/p>\nngg_shortcode_5_placeholder\n<p style=\"text-align: justify\"><strong>GIBANJE<br \/>\n<\/strong>Med odbojko sem se dobro razgibala, igra je bila zelo po\u0161tena, za zaklju\u010dek pa smo \u0161e zmagali! To bi lahko ve\u010dkrat ponovili. <em>(Klara)<\/em> \u2013 Pri namiznem tenisu mi je bilo v\u0161e\u010d, da sem premagal u\u010ditelja in so\u0161olca \u017dana. Pri aktivnosti sem se dobro razgibal. <em>(\u0110or\u0111e)<\/em> \u2013 Gibalne aktivnosti bi lahko \u0161e ve\u010dkrat ponovili, saj mi je bilo zelo v\u0161e\u010d, ker smo igrali namizni tenis. Na razpolago smo imeli tudi odbojko. <em>(Bla\u017eka)<\/em> \u2013 Igral sem odbojko, zdelo se mi je dobro, ker smo se nau\u010dili tudi nove stvari. <em>(Luka)<\/em><\/p>\nngg_shortcode_6_placeholder\n<p style=\"text-align: justify\">Film\u010dek <em>Do medu s \u010debelami<\/em> je bil zelo pou\u010den. Znanje o \u010debelah bi mi v \u017eivljenju zelo pomagalo. Nau\u010dila sem se veliko novega o \u010debelah in medu. <em>(Tina)<\/em><\/p>\n<p>&nbsp;<\/p>\n<h4><span style=\"color: #0000ff\"><strong>9. razred<\/strong><\/span><\/h4>\n<p>Tudi u\u010denci 9. razreda so poslu\u0161ali <span style=\"color: #0000ff\"><strong><span style=\"color: #993366\">predavanje o sestavinah energijskih pija\u010d in posledicah njihovega u\u017eivanja<\/span>&nbsp;<\/strong><span style=\"color: #000000\">in se pogovarjali o izku\u0161njah mladostnikov v zvezi s tem.<\/span><\/span><\/p>\nngg_shortcode_7_placeholder\n<p style=\"text-align: justify\"><span style=\"color: #993300\"><strong><u>O tehni\u0161kem dnevu<\/u><\/strong><\/span><\/p>\n<p style=\"text-align: justify\"><strong>ZAJTRK<br \/>\n<\/strong>Dober zajtrk. <em>(Nejc, Ajda, Domen, Lara)<\/em> \u2013 Dober zajtrk, nisem pa jedel medu. <em>(Vid)<\/em> \u2013 Okusen, bogat zajtrk. <em>(Lucija)<\/em><\/p>\n<p style=\"text-align: justify\"><strong>GIBANJE<br \/>\n<\/strong>Ob igranju <em>pink-ponka<\/em> sem se razmigal, pa \u0161e zabavali smo se. <em>(Maks \u010c.)<br \/>\n<\/em>Nisem se zelo razmigal, sem se pa ob <em>pink-ponku<\/em> zabaval. <em>(Ga\u0161per)<\/em><\/p>\n<p>ngg_shortcode_8_placeholder<strong>IZDELKI<\/strong><\/p>\nngg_shortcode_9_placeholder\n<p><a href=\"https:\/\/sola-poljane.splet.arnes.si\/files\/2022\/11\/TD_Kosare_202202.jpg\"><img loading=\"lazy\" decoding=\"async\" class=\"wp-image-28222 aligncenter\" src=\"https:\/\/sola-poljane.splet.arnes.si\/files\/2022\/11\/TD_Kosare_202202-300x135.jpg\" alt=\"\" width=\"364\" height=\"164\" srcset=\"https:\/\/sola-poljane.splet.arnes.si\/files\/2022\/11\/TD_Kosare_202202-300x135.jpg 300w, https:\/\/sola-poljane.splet.arnes.si\/files\/2022\/11\/TD_Kosare_202202-768x346.jpg 768w, https:\/\/sola-poljane.splet.arnes.si\/files\/2022\/11\/TD_Kosare_202202-122x55.jpg 122w, https:\/\/sola-poljane.splet.arnes.si\/files\/2022\/11\/TD_Kosare_202202-624x281.jpg 624w, https:\/\/sola-poljane.splet.arnes.si\/files\/2022\/11\/TD_Kosare_202202.jpg 800w\" sizes=\"auto, (max-width: 364px) 100vw, 364px\" \/><\/a><a href=\"https:\/\/sola-poljane.splet.arnes.si\/files\/2022\/11\/TD_Kosare_202203.jpg\"><img loading=\"lazy\" decoding=\"async\" class=\"wp-image-28223 aligncenter\" src=\"https:\/\/sola-poljane.splet.arnes.si\/files\/2022\/11\/TD_Kosare_202203-300x135.jpg\" alt=\"\" width=\"362\" height=\"163\" srcset=\"https:\/\/sola-poljane.splet.arnes.si\/files\/2022\/11\/TD_Kosare_202203-300x135.jpg 300w, https:\/\/sola-poljane.splet.arnes.si\/files\/2022\/11\/TD_Kosare_202203-768x346.jpg 768w, https:\/\/sola-poljane.splet.arnes.si\/files\/2022\/11\/TD_Kosare_202203-122x55.jpg 122w, https:\/\/sola-poljane.splet.arnes.si\/files\/2022\/11\/TD_Kosare_202203-624x281.jpg 624w, https:\/\/sola-poljane.splet.arnes.si\/files\/2022\/11\/TD_Kosare_202203.jpg 800w\" sizes=\"auto, (max-width: 362px) 100vw, 362px\" \/><\/a> <a href=\"https:\/\/sola-poljane.splet.arnes.si\/files\/2022\/11\/TD_Kosare_202201.jpg\"><img loading=\"lazy\" decoding=\"async\" class=\" wp-image-28221 aligncenter\" src=\"https:\/\/sola-poljane.splet.arnes.si\/files\/2022\/11\/TD_Kosare_202201-300x135.jpg\" alt=\"\" width=\"360\" height=\"162\" srcset=\"https:\/\/sola-poljane.splet.arnes.si\/files\/2022\/11\/TD_Kosare_202201-300x135.jpg 300w, https:\/\/sola-poljane.splet.arnes.si\/files\/2022\/11\/TD_Kosare_202201-768x346.jpg 768w, https:\/\/sola-poljane.splet.arnes.si\/files\/2022\/11\/TD_Kosare_202201-122x55.jpg 122w, https:\/\/sola-poljane.splet.arnes.si\/files\/2022\/11\/TD_Kosare_202201-624x281.jpg 624w, https:\/\/sola-poljane.splet.arnes.si\/files\/2022\/11\/TD_Kosare_202201.jpg 800w\" sizes=\"auto, (max-width: 360px) 100vw, 360px\" \/><\/a><\/p>\n","protected":false},"excerpt":{"rendered":"<p>&nbsp; Po tradicionalnem slovenskem zajtrku so u\u010denci predmetne stopnje nadaljevali [&hellip;]<\/p>\n","protected":false},"author":56163,"featured_media":28227,"comment_status":"closed","ping_status":"open","sticky":false,"template":"","format":"standard","meta":{"ngg_post_thumbnail":0,"footnotes":""},"categories":[55,67,63],"tags":[],"class_list":["post-28096","post","type-post","status-publish","format-standard","has-post-thumbnail","hentry","category-dogajanje","category-solska-shema","category-zdrava-sola"],"_links":{"self":[{"href":"https:\/\/sola-poljane.splet.arnes.si\/index.php?rest_route=\/wp\/v2\/posts\/28096","targetHints":{"allow":["GET"]}}],"collection":[{"href":"https:\/\/sola-poljane.splet.arnes.si\/index.php?rest_route=\/wp\/v2\/posts"}],"about":[{"href":"https:\/\/sola-poljane.splet.arnes.si\/index.php?rest_route=\/wp\/v2\/types\/post"}],"author":[{"embeddable":true,"href":"https:\/\/sola-poljane.splet.arnes.si\/index.php?rest_route=\/wp\/v2\/users\/56163"}],"replies":[{"embeddable":true,"href":"https:\/\/sola-poljane.splet.arnes.si\/index.php?rest_route=%2Fwp%2Fv2%2Fcomments&post=28096"}],"version-history":[{"count":12,"href":"https:\/\/sola-poljane.splet.arnes.si\/index.php?rest_route=\/wp\/v2\/posts\/28096\/revisions"}],"predecessor-version":[{"id":28226,"href":"https:\/\/sola-poljane.splet.arnes.si\/index.php?rest_route=\/wp\/v2\/posts\/28096\/revisions\/28226"}],"wp:featuredmedia":[{"embeddable":true,"href":"https:\/\/sola-poljane.splet.arnes.si\/index.php?rest_route=\/wp\/v2\/media\/28227"}],"wp:attachment":[{"href":"https:\/\/sola-poljane.splet.arnes.si\/index.php?rest_route=%2Fwp%2Fv2%2Fmedia&parent=28096"}],"wp:term":[{"taxonomy":"category","embeddable":true,"href":"https:\/\/sola-poljane.splet.arnes.si\/index.php?rest_route=%2Fwp%2Fv2%2Fcategories&post=28096"},{"taxonomy":"post_tag","embeddable":true,"href":"https:\/\/sola-poljane.splet.arnes.si\/index.php?rest_route=%2Fwp%2Fv2%2Ftags&post=28096"}],"curies":[{"name":"wp","href":"https:\/\/api.w.org\/{rel}","templated":true}]}}