{"id":28011,"date":"2022-11-19T20:30:20","date_gmt":"2022-11-19T19:30:20","guid":{"rendered":"https:\/\/sola-poljane.splet.arnes.si\/?p=28011"},"modified":"2022-11-20T17:50:45","modified_gmt":"2022-11-20T16:50:45","slug":"zajtrk-z-mlekom-super-dan","status":"publish","type":"post","link":"https:\/\/sola-poljane.splet.arnes.si\/?p=28011","title":{"rendered":"Zajtrk z mlekom \u2013 super dan!"},"content":{"rendered":"<p>18. novembra smo praznovali <span style=\"color: #008080\"><strong>dan slovenske hrane<\/strong><\/span> in izvedli \u017ee <span style=\"color: #339966\">dvanajsti <strong>Tradicionalni slovenski zajtrk<\/strong><\/span>, katerega osrednja tema je bila <strong><span style=\"color: #0000ff\">mleko in mle\u010dni izdelki<\/span><\/strong>. K temu spodbujamo tudi z leto\u0161njim sloganom <span style=\"color: #0000ff\"><em><strong>\u00bbZajtrk z mlekom \u2013 super dan!\u00ab<\/strong><\/em><\/span><\/p>\n<p>&nbsp;<\/p>\nngg_shortcode_0_placeholder\n<p>&nbsp;<\/p>\n<p style=\"text-align: justify\"><span style=\"color: #ff6600\"><strong>1. razred<\/strong><\/span><br \/>\nZelo dober zajtrk! <em>(Zarja, Jakob, Matic, Ela)<\/em> \u2013 Zajtrk je bil dober, doma\u010d. <em>(Zala K.)<\/em> \u2013 Kruh, maslo pa med \u2026 <em>(Klemen<\/em>) \u2013 Dober kruh. <em>(Hana, Mehmed)<\/em> \u2013 Dobro maslo. <em>(Eva)<\/em> \u2013 Med pa kruh sta najbolj\u0161a. <em>(Maja)<\/em> \u2013 Bil je druga\u010den, dober zajtrk. <em>(Izak, Sa\u0161a)<\/em><\/p>\n<p>&nbsp;<\/p>\n<p style=\"text-align: justify\"><strong><span style=\"color: #ff6600\">2. razred<\/span><\/strong><br \/>\nBilo je zelo dobro. <em>(Katja)<\/em> \u2013 Vse, kar smo jedli, so nam pridelali bli\u017enji kmetje. <em>(Eva J.)<\/em> \u2013 To je najbolj\u0161i zajtrk! <em>(Leja)<\/em> \u2013 Vsa hrana je bila pridelana v Sloveniji. <em>(Ne\u017ea)<\/em> \u2013 Najbolj\u0161i je bil med. <em>(Primo\u017e)<\/em> \u2013 Zelo dobro je bilo mleko. <em>(Kristina)<\/em> \u2013 Vsa hrana je bila zelo zdrava. Zelo lepo je bilo, ko smo plesali ob pesmi \u010cebelice. <em>(Luka, Kaja)<\/em> \u2013 Bilo je dobro, ker smo delali v skupini. <em>(Matev\u017e) \u2013 <\/em>Naslikali smo, kako se pridela posamezna hrana, ki smo jo u\u017eivali pri zajtrku. <em>(Eva J.)<\/em> \u2013 Posebej v\u0161e\u010d mi je bilo risanje. <em>(Luka)<\/em> \u2013 Zelo lepo dopoldne je bilo. <em>(Primo\u017e) \u2013 <\/em>V redu zajtrk je bil, rada imam med. Tak zajtrk bi \u0161e imela. <em>(Ne\u017ea)<\/em> \u2013 Dober <em>(Lucija),<\/em> okusen <em>(Ga\u0161per)<\/em>. \u2013 Doma\u010da hrana je NJAMA! <em>(Teodor)<\/em><\/p>\n<p style=\"text-align: justify\"><span style=\"color: #0000ff\">Drugo\u0161olci so se poleg zajtrka zelo razveselili \u0161e ene, za zdravje pomembne akcije, 8-TEDENSKEGA IZZIVA ZBIRANJA KORAKOV, ki bo potekal od 20. novembra 2022 do 14. januarja 2023.<\/span><\/p>\n<p style=\"text-align: justify\"><span style=\"color: #0000ff\"><span style=\"color: #333399\"><strong>(<\/strong><\/span>Ve\u010d o izzivu, ki je namenjen vsem, lahko preberete v rubriki <span style=\"color: #333399\"><strong>Aktualno<\/strong><\/span> oz. na povezavi <a href=\"https:\/\/sport-poljane.splet.arnes.si\/izziv-zbiranja-korakov\/\">https:\/\/sport-poljane.splet.arnes.si\/izziv-zbiranja-korakov\/)<\/a><\/span><\/p>\n<p style=\"text-align: justify\">Zdi se mi, da se bomo tudi gibali, ko bomo \u0161teli korake. <em>(Eva J.)<\/em><br \/>\nDobro bo, ko bomo hodili in \u0161teli korake. <em>(Katja)<\/em><br \/>\nV\u0161e\u010d mi je bilo, ko smo dobili izziv korakov. <em>(\u0160pela)<\/em> \u2013 Gibanje je zabavno. <em>(Tina)<\/em> \u2013 Gibanje je ful dobro. <em>(Ga\u0161per)<\/em><\/p>\nngg_shortcode_1_placeholder\n<p style=\"text-align: justify\"><span style=\"color: #ff6600\"><strong>3. razred<br \/>\n<\/strong><\/span>Bil je dober in slasten, pili smo mleko in jedli kruh, maslo in med. V\u0161e\u010d mi je bilo, ker smo skupaj sedeli. <em>(Katja)<\/em> \u2013 Dan hrane. Med, maslo, kruh, jabolko, mleko. Kulturno. Dobro. Doma\u010de. Dan \u010debel. V\u0161e\u010d mi je bilo prav vse! <em>(Erik)<\/em> \u2013 Pridelano je v Sloveniji. Jedi so bile: kruh, maslo, med, mleko in jabolko. <em>(Urban \u010c.)<\/em> \u2013 Zelo je bil dober. Imela sem se dobro, peli smo, razna\u0161ali malico. <em>(Sara K.)<\/em> \u2013 Dana\u0161nji zajtrk je bil zelo dober in zabaven. \u0160e prej smo peli pesem \u010cebelice. <em>(Sara \u0160.)<\/em> \u2013 Samo na ta dan zajtrkujemo v \u0161oli. Takrat se spominjamo dobrih \u010debel, v\u0161e\u010d mi je bilo, ker je bila dobra hrana. <em>(Peter P.)<\/em> \u2013 Zajtrkoval sem kruh, med in mleko. Najbolj v\u0161e\u010d mi je bil med. <em>(Nace) \u2013 <\/em>V\u0161e\u010d mi je bilo, ker smo s prijatelji skupaj jedli. <em>(Oskar)<\/em> \u2013 Najljub\u0161e \u2013 ko smo prepevali. <em>(Teja)<\/em> \u2013 Da smo jedli zdravo hrano. Pripravili smo mize za hrano, v\u0161e\u010d mi je bilo, da smo imeli med in kruh. <em>(Emanuel)<\/em> \u2013 V\u0161e\u010d mi je bilo prav vse. <em>(Rok)<\/em> \u2013 Da smo jedli med in <em>puter<\/em>. To je dobro in zdravo, zraven pa \u0161e mleko in jabolka. <em>(Marcel)<\/em> \u2013 Zelo dober zajtrk, lepo je bilo, ker smo sedeli skupaj. <em>(Neja)<\/em> \u2013 To je zdrava hrana. Mleko dobimo od krav. Maslo naredimo iz mleka, med pa je od \u010debel. \u010cebele \u017eivijo v \u010debelnjaku. <em>(Luka)<\/em> \u2013 V\u0161e\u010d mi je bilo, ko smo peli in ko smo jedli. <em>(Anja) \u2013 <\/em>Zajtrk je bil zelo dober, zelo okusen, slasten! <em>(Nace, Urban, Andra\u017e)<\/em> \u2013 Najbolj mi je bilo v\u0161e\u010d jabolko.<em> (Martin)<\/em> \u2013 V\u0161e\u010d mi je med. <em>(Oton)<\/em><\/p>\n<p style=\"text-align: justify\"><strong><span style=\"color: #ff6600\">4. razred<br \/>\n<\/span><\/strong>Zelo dober zajtrk, najbolj mi je v\u0161e\u010d kruh z maslom in medom. <em>(Lovro)<\/em> \u2013 Najbolj\u0161a sta bila \u010drni kruh in maslo. <em>(Tilen)<\/em> \u2013 Zdi se mi zelo dobro, da imamo slovenski tradicionalni zajtrk in se spomnimo, da jemo doma\u010de dobrote. <em>(Julija)<\/em><br \/>\nZelo je bilo dobro, najbolj\u0161e je bilo jabolko. <em>(Maja)<\/em> \u2013 Dobro; od vsega imam najraje med. <em>(Tilen)<\/em> \u2013 V na\u0161i dru\u017eini imamo kar nekaj \u010debelarjev in to mi je v\u0161e\u010d. <em>(Bla\u017e)<\/em> \u2013 Pri nas doma imamo kozje mleko in izdelujemo tudi sir \u2013 vse za prodajo. S tem prispevamo k samooskrbi. <em>(Tilen)<\/em><\/p>\n<p style=\"text-align: justify\"><span style=\"color: #ff6600\"><strong>5. razred<br \/>\n<\/strong><\/span>V\u0161e\u010d mi je bila hrana, veliki kosi kruha in pesem. Smo pa malo dalj \u010dakali na zajtrk. Bil je super, mleko najbolj\u0161e. Lepo je bilo, ko smo peli pesem \u010cebelar. <em>(Tinkara, Ma\u0161a)<\/em><\/p>\n<p>&nbsp;<\/p>\nngg_shortcode_2_placeholder\n<p style=\"text-align: justify\">&nbsp;<\/p>\n<p style=\"text-align: justify\">&nbsp;<\/p>\n<p style=\"text-align: justify\">&nbsp;<\/p>\n","protected":false},"excerpt":{"rendered":"<p>18. novembra smo praznovali dan slovenske hrane in izvedli \u017ee [&hellip;]<\/p>\n","protected":false},"author":56163,"featured_media":28095,"comment_status":"closed","ping_status":"open","sticky":false,"template":"","format":"standard","meta":{"ngg_post_thumbnail":0,"footnotes":""},"categories":[55,67,63],"tags":[],"class_list":["post-28011","post","type-post","status-publish","format-standard","has-post-thumbnail","hentry","category-dogajanje","category-solska-shema","category-zdrava-sola"],"_links":{"self":[{"href":"https:\/\/sola-poljane.splet.arnes.si\/index.php?rest_route=\/wp\/v2\/posts\/28011","targetHints":{"allow":["GET"]}}],"collection":[{"href":"https:\/\/sola-poljane.splet.arnes.si\/index.php?rest_route=\/wp\/v2\/posts"}],"about":[{"href":"https:\/\/sola-poljane.splet.arnes.si\/index.php?rest_route=\/wp\/v2\/types\/post"}],"author":[{"embeddable":true,"href":"https:\/\/sola-poljane.splet.arnes.si\/index.php?rest_route=\/wp\/v2\/users\/56163"}],"replies":[{"embeddable":true,"href":"https:\/\/sola-poljane.splet.arnes.si\/index.php?rest_route=%2Fwp%2Fv2%2Fcomments&post=28011"}],"version-history":[{"count":17,"href":"https:\/\/sola-poljane.splet.arnes.si\/index.php?rest_route=\/wp\/v2\/posts\/28011\/revisions"}],"predecessor-version":[{"id":28200,"href":"https:\/\/sola-poljane.splet.arnes.si\/index.php?rest_route=\/wp\/v2\/posts\/28011\/revisions\/28200"}],"wp:featuredmedia":[{"embeddable":true,"href":"https:\/\/sola-poljane.splet.arnes.si\/index.php?rest_route=\/wp\/v2\/media\/28095"}],"wp:attachment":[{"href":"https:\/\/sola-poljane.splet.arnes.si\/index.php?rest_route=%2Fwp%2Fv2%2Fmedia&parent=28011"}],"wp:term":[{"taxonomy":"category","embeddable":true,"href":"https:\/\/sola-poljane.splet.arnes.si\/index.php?rest_route=%2Fwp%2Fv2%2Fcategories&post=28011"},{"taxonomy":"post_tag","embeddable":true,"href":"https:\/\/sola-poljane.splet.arnes.si\/index.php?rest_route=%2Fwp%2Fv2%2Ftags&post=28011"}],"curies":[{"name":"wp","href":"https:\/\/api.w.org\/{rel}","templated":true}]}}