{"id":27907,"date":"2022-11-11T11:30:42","date_gmt":"2022-11-11T10:30:42","guid":{"rendered":"https:\/\/sola-poljane.splet.arnes.si\/?p=27907"},"modified":"2022-11-11T11:32:23","modified_gmt":"2022-11-11T10:32:23","slug":"plakat-miru-naj-nas-vodi-socutje-lead-with-compassion","status":"publish","type":"post","link":"https:\/\/sola-poljane.splet.arnes.si\/?p=27907","title":{"rendered":"Plakat miru Naj nas vodi so\u010dutje \u2013 &#8220;Lead with Compassion&#8221;"},"content":{"rendered":"<p style=\"text-align: justify\"><strong><em>Leto\u0161nji mednarodni likovni nate\u010daj <span style=\"color: #008000\">\u00bbPlakat miru\u00ab&nbsp;v lokalnem okolju<\/span>, ki ga vsako leto sponzorirajo <span style=\"color: #3366ff\">Lions klubi&nbsp;s celega sveta<\/span>, so poimenovali <span style=\"color: #339966\">\u201cLead with Compassion\u201d \u2013 Naj nas vodi so\u010dutje<\/span>. Namen nate\u010daja je bil spodbuditi otroke&nbsp;k v\u017eivljanju v druge, \u0161iritvi miru in razumevanja.<br \/>\n<\/em><\/strong>Pod pokroviteljstvom <span style=\"color: #3366ff\">LK \u0160kofja Loka<\/span> je sodelovalo pet osnovnih \u0161ol, in sicer: <span style=\"color: #3366ff\">O\u0160 Ivana Groharja, O\u0160 Cvetka Golarja, O\u0160 \u0160kofja Loka-Mesto, O\u0160 Poljane&nbsp;<\/span> in <span style=\"color: #3366ff\">O\u0160 \u017delezniki<\/span>.<br \/>\nKomisija je izbrala&nbsp;<span style=\"color: #339966\">pet plakatov<\/span>, med katerimi je tudi izdelek na\u0161e u\u010denke&nbsp;<span style=\"color: #339966\"><strong>Ajde Stanonik<\/strong><\/span>.<\/p>\n<p style=\"text-align: justify\"><span style=\"color: #339966\">Iskrene \u010destitke vsem na\u0161im u\u010dencem, ki so s svojim ustvarjanjem pokazali, da razumejo <strong>so\u010dutje in celotno sporo\u010dilo nate\u010daja<\/strong>. Posebna \u010destitka pa seveda nagrajenki <strong>Ajdi<\/strong>!<\/span><\/p>\n<p><strong><em>Mentorica Mihaela \u017dakelj Ogrin<\/em><\/strong><\/p>\n<p>&nbsp;<\/p>\n<p><span style=\"color: #3366ff\"><strong>Izbrani plakati O\u0160 Poljane, ki si jih lahko ogledate na razstavi v Sokolskem domu v \u0160kofji Loki<\/strong><\/span><\/p>\n<div id='gallery-1' class='gallery galleryid-27907 gallery-columns-3 gallery-size-full'><figure class='gallery-item'>\n\t\t\t<div class='gallery-icon landscape'>\n\t\t\t\t<a href='https:\/\/sola-poljane.splet.arnes.si\/?attachment_id=27918'><img loading=\"lazy\" decoding=\"async\" width=\"800\" height=\"585\" src=\"https:\/\/sola-poljane.splet.arnes.si\/files\/2022\/11\/Plakat-miru_202209.jpg\" class=\"attachment-full size-full\" alt=\"\" aria-describedby=\"gallery-1-27918\" srcset=\"https:\/\/sola-poljane.splet.arnes.si\/files\/2022\/11\/Plakat-miru_202209.jpg 800w, https:\/\/sola-poljane.splet.arnes.si\/files\/2022\/11\/Plakat-miru_202209-300x219.jpg 300w, https:\/\/sola-poljane.splet.arnes.si\/files\/2022\/11\/Plakat-miru_202209-768x562.jpg 768w, https:\/\/sola-poljane.splet.arnes.si\/files\/2022\/11\/Plakat-miru_202209-75x55.jpg 75w, https:\/\/sola-poljane.splet.arnes.si\/files\/2022\/11\/Plakat-miru_202209-624x456.jpg 624w\" sizes=\"auto, (max-width: 800px) 100vw, 800px\" \/><\/a>\n\t\t\t<\/div>\n\t\t\t\t<figcaption class='wp-caption-text gallery-caption' id='gallery-1-27918'>\n\t\t\t\tNik Krpi\u010d\n\t\t\t\t<\/figcaption><\/figure><figure class='gallery-item'>\n\t\t\t<div class='gallery-icon landscape'>\n\t\t\t\t<a href='https:\/\/sola-poljane.splet.arnes.si\/?attachment_id=27910'><img loading=\"lazy\" decoding=\"async\" width=\"792\" height=\"575\" src=\"https:\/\/sola-poljane.splet.arnes.si\/files\/2022\/11\/Plakat-miru_202201.jpg\" class=\"attachment-full size-full\" alt=\"\" aria-describedby=\"gallery-1-27910\" srcset=\"https:\/\/sola-poljane.splet.arnes.si\/files\/2022\/11\/Plakat-miru_202201.jpg 792w, https:\/\/sola-poljane.splet.arnes.si\/files\/2022\/11\/Plakat-miru_202201-300x218.jpg 300w, https:\/\/sola-poljane.splet.arnes.si\/files\/2022\/11\/Plakat-miru_202201-768x558.jpg 768w, https:\/\/sola-poljane.splet.arnes.si\/files\/2022\/11\/Plakat-miru_202201-76x55.jpg 76w, https:\/\/sola-poljane.splet.arnes.si\/files\/2022\/11\/Plakat-miru_202201-624x453.jpg 624w\" sizes=\"auto, (max-width: 792px) 100vw, 792px\" \/><\/a>\n\t\t\t<\/div>\n\t\t\t\t<figcaption class='wp-caption-text gallery-caption' id='gallery-1-27910'>\n\t\t\t\tTaja Mrak\n\t\t\t\t<\/figcaption><\/figure><figure class='gallery-item'>\n\t\t\t<div class='gallery-icon landscape'>\n\t\t\t\t<a href='https:\/\/sola-poljane.splet.arnes.si\/?attachment_id=27912'><img loading=\"lazy\" decoding=\"async\" width=\"800\" height=\"588\" src=\"https:\/\/sola-poljane.splet.arnes.si\/files\/2022\/11\/Plakat-miru_202203.jpg\" class=\"attachment-full size-full\" alt=\"\" aria-describedby=\"gallery-1-27912\" srcset=\"https:\/\/sola-poljane.splet.arnes.si\/files\/2022\/11\/Plakat-miru_202203.jpg 800w, https:\/\/sola-poljane.splet.arnes.si\/files\/2022\/11\/Plakat-miru_202203-300x221.jpg 300w, https:\/\/sola-poljane.splet.arnes.si\/files\/2022\/11\/Plakat-miru_202203-768x564.jpg 768w, https:\/\/sola-poljane.splet.arnes.si\/files\/2022\/11\/Plakat-miru_202203-75x55.jpg 75w, https:\/\/sola-poljane.splet.arnes.si\/files\/2022\/11\/Plakat-miru_202203-624x459.jpg 624w\" sizes=\"auto, (max-width: 800px) 100vw, 800px\" \/><\/a>\n\t\t\t<\/div>\n\t\t\t\t<figcaption class='wp-caption-text gallery-caption' id='gallery-1-27912'>\n\t\t\t\tAngelika Strel\n\t\t\t\t<\/figcaption><\/figure><figure class='gallery-item'>\n\t\t\t<div class='gallery-icon landscape'>\n\t\t\t\t<a href='https:\/\/sola-poljane.splet.arnes.si\/?attachment_id=27913'><img loading=\"lazy\" decoding=\"async\" width=\"798\" height=\"592\" src=\"https:\/\/sola-poljane.splet.arnes.si\/files\/2022\/11\/Plakat-miru_202204.jpg\" class=\"attachment-full size-full\" alt=\"\" aria-describedby=\"gallery-1-27913\" srcset=\"https:\/\/sola-poljane.splet.arnes.si\/files\/2022\/11\/Plakat-miru_202204.jpg 798w, https:\/\/sola-poljane.splet.arnes.si\/files\/2022\/11\/Plakat-miru_202204-300x223.jpg 300w, https:\/\/sola-poljane.splet.arnes.si\/files\/2022\/11\/Plakat-miru_202204-768x570.jpg 768w, https:\/\/sola-poljane.splet.arnes.si\/files\/2022\/11\/Plakat-miru_202204-74x55.jpg 74w, https:\/\/sola-poljane.splet.arnes.si\/files\/2022\/11\/Plakat-miru_202204-624x463.jpg 624w\" sizes=\"auto, (max-width: 798px) 100vw, 798px\" \/><\/a>\n\t\t\t<\/div>\n\t\t\t\t<figcaption class='wp-caption-text gallery-caption' id='gallery-1-27913'>\n\t\t\t\tHana Gornik\n\t\t\t\t<\/figcaption><\/figure><figure class='gallery-item'>\n\t\t\t<div class='gallery-icon landscape'>\n\t\t\t\t<a href='https:\/\/sola-poljane.splet.arnes.si\/?attachment_id=27914'><img loading=\"lazy\" decoding=\"async\" width=\"798\" height=\"585\" src=\"https:\/\/sola-poljane.splet.arnes.si\/files\/2022\/11\/Plakat-miru_202205.jpg\" class=\"attachment-full size-full\" alt=\"\" aria-describedby=\"gallery-1-27914\" srcset=\"https:\/\/sola-poljane.splet.arnes.si\/files\/2022\/11\/Plakat-miru_202205.jpg 798w, https:\/\/sola-poljane.splet.arnes.si\/files\/2022\/11\/Plakat-miru_202205-300x220.jpg 300w, https:\/\/sola-poljane.splet.arnes.si\/files\/2022\/11\/Plakat-miru_202205-768x563.jpg 768w, https:\/\/sola-poljane.splet.arnes.si\/files\/2022\/11\/Plakat-miru_202205-75x55.jpg 75w, https:\/\/sola-poljane.splet.arnes.si\/files\/2022\/11\/Plakat-miru_202205-624x457.jpg 624w\" sizes=\"auto, (max-width: 798px) 100vw, 798px\" \/><\/a>\n\t\t\t<\/div>\n\t\t\t\t<figcaption class='wp-caption-text gallery-caption' id='gallery-1-27914'>\n\t\t\t\tLiza Strel\n\t\t\t\t<\/figcaption><\/figure><figure class='gallery-item'>\n\t\t\t<div class='gallery-icon landscape'>\n\t\t\t\t<a href='https:\/\/sola-poljane.splet.arnes.si\/?attachment_id=27917'><img loading=\"lazy\" decoding=\"async\" width=\"798\" height=\"583\" src=\"https:\/\/sola-poljane.splet.arnes.si\/files\/2022\/11\/Plakat-miru_202208.jpg\" class=\"attachment-full size-full\" alt=\"\" aria-describedby=\"gallery-1-27917\" srcset=\"https:\/\/sola-poljane.splet.arnes.si\/files\/2022\/11\/Plakat-miru_202208.jpg 798w, https:\/\/sola-poljane.splet.arnes.si\/files\/2022\/11\/Plakat-miru_202208-300x219.jpg 300w, https:\/\/sola-poljane.splet.arnes.si\/files\/2022\/11\/Plakat-miru_202208-768x561.jpg 768w, https:\/\/sola-poljane.splet.arnes.si\/files\/2022\/11\/Plakat-miru_202208-75x55.jpg 75w, https:\/\/sola-poljane.splet.arnes.si\/files\/2022\/11\/Plakat-miru_202208-624x456.jpg 624w\" sizes=\"auto, (max-width: 798px) 100vw, 798px\" \/><\/a>\n\t\t\t<\/div>\n\t\t\t\t<figcaption class='wp-caption-text gallery-caption' id='gallery-1-27917'>\n\t\t\t\tNeja Pelko\n\t\t\t\t<\/figcaption><\/figure><figure class='gallery-item'>\n\t\t\t<div class='gallery-icon landscape'>\n\t\t\t\t<a href='https:\/\/sola-poljane.splet.arnes.si\/?attachment_id=27911'><img loading=\"lazy\" decoding=\"async\" width=\"796\" height=\"597\" src=\"https:\/\/sola-poljane.splet.arnes.si\/files\/2022\/11\/Plakat-miru_202202.jpg\" class=\"attachment-full size-full\" alt=\"\" aria-describedby=\"gallery-1-27911\" srcset=\"https:\/\/sola-poljane.splet.arnes.si\/files\/2022\/11\/Plakat-miru_202202.jpg 796w, https:\/\/sola-poljane.splet.arnes.si\/files\/2022\/11\/Plakat-miru_202202-300x225.jpg 300w, https:\/\/sola-poljane.splet.arnes.si\/files\/2022\/11\/Plakat-miru_202202-768x576.jpg 768w, https:\/\/sola-poljane.splet.arnes.si\/files\/2022\/11\/Plakat-miru_202202-73x55.jpg 73w, https:\/\/sola-poljane.splet.arnes.si\/files\/2022\/11\/Plakat-miru_202202-624x468.jpg 624w\" sizes=\"auto, (max-width: 796px) 100vw, 796px\" \/><\/a>\n\t\t\t<\/div>\n\t\t\t\t<figcaption class='wp-caption-text gallery-caption' id='gallery-1-27911'>\n\t\t\t\tAjda Stanonik\n\t\t\t\t<\/figcaption><\/figure>\n\t\t<\/div>\n\n<p><span style=\"color: #3366ff\"><strong>Utrinki z razstave v Sokolskem domu v \u0160kofji Loki<\/strong><\/span><\/p>\n<div id='gallery-2' class='gallery galleryid-27907 gallery-columns-3 gallery-size-full'><figure class='gallery-item'>\n\t\t\t<div class='gallery-icon portrait'>\n\t\t\t\t<a href='https:\/\/sola-poljane.splet.arnes.si\/?attachment_id=27920'><img loading=\"lazy\" decoding=\"async\" width=\"408\" height=\"541\" src=\"https:\/\/sola-poljane.splet.arnes.si\/files\/2022\/11\/Plakat-miru_202211.jpg\" class=\"attachment-full size-full\" alt=\"\" aria-describedby=\"gallery-2-27920\" srcset=\"https:\/\/sola-poljane.splet.arnes.si\/files\/2022\/11\/Plakat-miru_202211.jpg 408w, https:\/\/sola-poljane.splet.arnes.si\/files\/2022\/11\/Plakat-miru_202211-226x300.jpg 226w, https:\/\/sola-poljane.splet.arnes.si\/files\/2022\/11\/Plakat-miru_202211-41x55.jpg 41w\" sizes=\"auto, (max-width: 408px) 100vw, 408px\" \/><\/a>\n\t\t\t<\/div>\n\t\t\t\t<figcaption class='wp-caption-text gallery-caption' id='gallery-2-27920'>\n\t\t\t\tRazstavljeni izdelki O\u0160 Poljane\n\t\t\t\t<\/figcaption><\/figure><figure class='gallery-item'>\n\t\t\t<div class='gallery-icon portrait'>\n\t\t\t\t<a href='https:\/\/sola-poljane.splet.arnes.si\/?attachment_id=27915'><img loading=\"lazy\" decoding=\"async\" width=\"405\" height=\"600\" src=\"https:\/\/sola-poljane.splet.arnes.si\/files\/2022\/11\/Plakat-miru_202206.jpg\" class=\"attachment-full size-full\" alt=\"\" aria-describedby=\"gallery-2-27915\" srcset=\"https:\/\/sola-poljane.splet.arnes.si\/files\/2022\/11\/Plakat-miru_202206.jpg 405w, https:\/\/sola-poljane.splet.arnes.si\/files\/2022\/11\/Plakat-miru_202206-203x300.jpg 203w, https:\/\/sola-poljane.splet.arnes.si\/files\/2022\/11\/Plakat-miru_202206-37x55.jpg 37w\" sizes=\"auto, (max-width: 405px) 100vw, 405px\" \/><\/a>\n\t\t\t<\/div>\n\t\t\t\t<figcaption class='wp-caption-text gallery-caption' id='gallery-2-27915'>\n\t\t\t\tNagrajenke\n\t\t\t\t<\/figcaption><\/figure><figure class='gallery-item'>\n\t\t\t<div class='gallery-icon portrait'>\n\t\t\t\t<a href='https:\/\/sola-poljane.splet.arnes.si\/?attachment_id=27926'><img loading=\"lazy\" decoding=\"async\" width=\"716\" height=\"779\" src=\"https:\/\/sola-poljane.splet.arnes.si\/files\/2022\/11\/Ajda-na-podelitvi-1.jpg\" class=\"attachment-full size-full\" alt=\"\" aria-describedby=\"gallery-2-27926\" srcset=\"https:\/\/sola-poljane.splet.arnes.si\/files\/2022\/11\/Ajda-na-podelitvi-1.jpg 716w, https:\/\/sola-poljane.splet.arnes.si\/files\/2022\/11\/Ajda-na-podelitvi-1-276x300.jpg 276w, https:\/\/sola-poljane.splet.arnes.si\/files\/2022\/11\/Ajda-na-podelitvi-1-51x55.jpg 51w, https:\/\/sola-poljane.splet.arnes.si\/files\/2022\/11\/Ajda-na-podelitvi-1-624x679.jpg 624w\" sizes=\"auto, (max-width: 716px) 100vw, 716px\" \/><\/a>\n\t\t\t<\/div>\n\t\t\t\t<figcaption class='wp-caption-text gallery-caption' id='gallery-2-27926'>\n\t\t\t\tAjda na podelitvi\n\t\t\t\t<\/figcaption><\/figure><figure class='gallery-item'>\n\t\t\t<div class='gallery-icon landscape'>\n\t\t\t\t<a href='https:\/\/sola-poljane.splet.arnes.si\/?attachment_id=27916'><img loading=\"lazy\" decoding=\"async\" width=\"678\" height=\"598\" src=\"https:\/\/sola-poljane.splet.arnes.si\/files\/2022\/11\/Plakat-miru_202207.jpg\" class=\"attachment-full size-full\" alt=\"\" aria-describedby=\"gallery-2-27916\" srcset=\"https:\/\/sola-poljane.splet.arnes.si\/files\/2022\/11\/Plakat-miru_202207.jpg 678w, https:\/\/sola-poljane.splet.arnes.si\/files\/2022\/11\/Plakat-miru_202207-300x265.jpg 300w, https:\/\/sola-poljane.splet.arnes.si\/files\/2022\/11\/Plakat-miru_202207-62x55.jpg 62w, https:\/\/sola-poljane.splet.arnes.si\/files\/2022\/11\/Plakat-miru_202207-624x550.jpg 624w\" sizes=\"auto, (max-width: 678px) 100vw, 678px\" \/><\/a>\n\t\t\t<\/div>\n\t\t\t\t<figcaption class='wp-caption-text gallery-caption' id='gallery-2-27916'>\n\t\t\t\tAjda pred svojim izdelkom\n\t\t\t\t<\/figcaption><\/figure><figure class='gallery-item'>\n\t\t\t<div class='gallery-icon landscape'>\n\t\t\t\t<a href='https:\/\/sola-poljane.splet.arnes.si\/?attachment_id=27921'><img loading=\"lazy\" decoding=\"async\" width=\"2560\" height=\"1920\" src=\"https:\/\/sola-poljane.splet.arnes.si\/files\/2022\/11\/Pogled-na-razstavo-scaled.jpg\" class=\"attachment-full size-full\" alt=\"\" aria-describedby=\"gallery-2-27921\" srcset=\"https:\/\/sola-poljane.splet.arnes.si\/files\/2022\/11\/Pogled-na-razstavo-scaled.jpg 2560w, https:\/\/sola-poljane.splet.arnes.si\/files\/2022\/11\/Pogled-na-razstavo-300x225.jpg 300w, https:\/\/sola-poljane.splet.arnes.si\/files\/2022\/11\/Pogled-na-razstavo-1024x768.jpg 1024w, https:\/\/sola-poljane.splet.arnes.si\/files\/2022\/11\/Pogled-na-razstavo-768x576.jpg 768w, https:\/\/sola-poljane.splet.arnes.si\/files\/2022\/11\/Pogled-na-razstavo-73x55.jpg 73w, https:\/\/sola-poljane.splet.arnes.si\/files\/2022\/11\/Pogled-na-razstavo-1536x1152.jpg 1536w, https:\/\/sola-poljane.splet.arnes.si\/files\/2022\/11\/Pogled-na-razstavo-2048x1536.jpg 2048w, https:\/\/sola-poljane.splet.arnes.si\/files\/2022\/11\/Pogled-na-razstavo-947x710.jpg 947w, https:\/\/sola-poljane.splet.arnes.si\/files\/2022\/11\/Pogled-na-razstavo-624x468.jpg 624w\" sizes=\"auto, (max-width: 2560px) 100vw, 2560px\" \/><\/a>\n\t\t\t<\/div>\n\t\t\t\t<figcaption class='wp-caption-text gallery-caption' id='gallery-2-27921'>\n\t\t\t\tPogled na razstavo\n\t\t\t\t<\/figcaption><\/figure>\n\t\t<\/div>\n\n<p><span style=\"color: #ff6600\"><strong>Razstava v Sokolskem domu bo na ogled do nedelje, 27. novembra 2022.<br \/>\n<\/strong><\/span><\/p>\n<p><strong>Sokolski dom je v \u010dasu razstav odprt:<\/strong><\/p>\n<ul>\n<li>od torka do petka od 10. do 12. ure in od 17. do 19. ure<\/li>\n<li>ob sobotah od 9.30 do 12.30 ure<\/li>\n<li>ob nedeljah od 9.30 do 12.30 ure in od 17. do 19. ure<\/li>\n<\/ul>\n<p>&nbsp;<\/p>\n","protected":false},"excerpt":{"rendered":"<p>Leto\u0161nji mednarodni likovni nate\u010daj \u00bbPlakat miru\u00ab&nbsp;v lokalnem okolju, ki ga [&hellip;]<\/p>\n","protected":false},"author":56163,"featured_media":27951,"comment_status":"closed","ping_status":"open","sticky":false,"template":"","format":"standard","meta":{"ngg_post_thumbnail":0,"footnotes":""},"categories":[55,37,61],"tags":[],"class_list":["post-27907","post","type-post","status-publish","format-standard","has-post-thumbnail","hentry","category-dogajanje","category-natecaji","category-unesco"],"_links":{"self":[{"href":"https:\/\/sola-poljane.splet.arnes.si\/index.php?rest_route=\/wp\/v2\/posts\/27907","targetHints":{"allow":["GET"]}}],"collection":[{"href":"https:\/\/sola-poljane.splet.arnes.si\/index.php?rest_route=\/wp\/v2\/posts"}],"about":[{"href":"https:\/\/sola-poljane.splet.arnes.si\/index.php?rest_route=\/wp\/v2\/types\/post"}],"author":[{"embeddable":true,"href":"https:\/\/sola-poljane.splet.arnes.si\/index.php?rest_route=\/wp\/v2\/users\/56163"}],"replies":[{"embeddable":true,"href":"https:\/\/sola-poljane.splet.arnes.si\/index.php?rest_route=%2Fwp%2Fv2%2Fcomments&post=27907"}],"version-history":[{"count":7,"href":"https:\/\/sola-poljane.splet.arnes.si\/index.php?rest_route=\/wp\/v2\/posts\/27907\/revisions"}],"predecessor-version":[{"id":27954,"href":"https:\/\/sola-poljane.splet.arnes.si\/index.php?rest_route=\/wp\/v2\/posts\/27907\/revisions\/27954"}],"wp:featuredmedia":[{"embeddable":true,"href":"https:\/\/sola-poljane.splet.arnes.si\/index.php?rest_route=\/wp\/v2\/media\/27951"}],"wp:attachment":[{"href":"https:\/\/sola-poljane.splet.arnes.si\/index.php?rest_route=%2Fwp%2Fv2%2Fmedia&parent=27907"}],"wp:term":[{"taxonomy":"category","embeddable":true,"href":"https:\/\/sola-poljane.splet.arnes.si\/index.php?rest_route=%2Fwp%2Fv2%2Fcategories&post=27907"},{"taxonomy":"post_tag","embeddable":true,"href":"https:\/\/sola-poljane.splet.arnes.si\/index.php?rest_route=%2Fwp%2Fv2%2Ftags&post=27907"}],"curies":[{"name":"wp","href":"https:\/\/api.w.org\/{rel}","templated":true}]}}