{"id":27725,"date":"2022-10-26T20:08:25","date_gmt":"2022-10-26T18:08:25","guid":{"rendered":"https:\/\/sola-poljane.splet.arnes.si\/?p=27725"},"modified":"2022-10-26T20:08:25","modified_gmt":"2022-10-26T18:08:25","slug":"sobivanje-varno-v-vrtec-in-solo","status":"publish","type":"post","link":"https:\/\/sola-poljane.splet.arnes.si\/?p=27725","title":{"rendered":"Sobivanje \u2013 VARNO V VRTEC IN \u0160OLO"},"content":{"rendered":"<p style=\"text-align: justify\">Tudi letos je <span style=\"color: #ff6600\"><strong>devet u\u010diteljic in 138 u\u010dencev<\/strong> <\/span>sodelovalo na nate\u010daju <span style=\"color: #3366ff\"><strong>Varno v vrtec in \u0161olo<\/strong><\/span>. Pri pouku smo se pogovarjali o prometu in varnih na\u010dinih prihajanja v \u0161olo. Sprehodili smo se okrog \u0161ole in spoznali varne in nevarne to\u010dke. Pri urah likovne umetnosti smo pokazali ogromno iznajdljivosti, motivacije in natan\u010dnega opazovanja ter naredili zanimive izdelke. Nekaj na\u0161ih izdelkov bo objavljenih tudi na FB strani <span style=\"color: #3366ff\"><strong>dru\u0161tva Sobivanje<\/strong><\/span>.<\/p>\n<p style=\"text-align: justify\"><em><strong>Koordinatorica Maja Tr\u010dek<\/strong><\/em><\/p>\n<p style=\"text-align: justify\">&nbsp;<\/p>\nngg_shortcode_0_placeholder\n","protected":false},"excerpt":{"rendered":"<p>Tudi letos je devet u\u010diteljic in 138 u\u010dencev sodelovalo na [&hellip;]<\/p>\n","protected":false},"author":56163,"featured_media":27750,"comment_status":"closed","ping_status":"open","sticky":false,"template":"","format":"standard","meta":{"ngg_post_thumbnail":0,"footnotes":""},"categories":[55,37],"tags":[],"class_list":["post-27725","post","type-post","status-publish","format-standard","has-post-thumbnail","hentry","category-dogajanje","category-natecaji"],"_links":{"self":[{"href":"https:\/\/sola-poljane.splet.arnes.si\/index.php?rest_route=\/wp\/v2\/posts\/27725","targetHints":{"allow":["GET"]}}],"collection":[{"href":"https:\/\/sola-poljane.splet.arnes.si\/index.php?rest_route=\/wp\/v2\/posts"}],"about":[{"href":"https:\/\/sola-poljane.splet.arnes.si\/index.php?rest_route=\/wp\/v2\/types\/post"}],"author":[{"embeddable":true,"href":"https:\/\/sola-poljane.splet.arnes.si\/index.php?rest_route=\/wp\/v2\/users\/56163"}],"replies":[{"embeddable":true,"href":"https:\/\/sola-poljane.splet.arnes.si\/index.php?rest_route=%2Fwp%2Fv2%2Fcomments&post=27725"}],"version-history":[{"count":3,"href":"https:\/\/sola-poljane.splet.arnes.si\/index.php?rest_route=\/wp\/v2\/posts\/27725\/revisions"}],"predecessor-version":[{"id":27751,"href":"https:\/\/sola-poljane.splet.arnes.si\/index.php?rest_route=\/wp\/v2\/posts\/27725\/revisions\/27751"}],"wp:featuredmedia":[{"embeddable":true,"href":"https:\/\/sola-poljane.splet.arnes.si\/index.php?rest_route=\/wp\/v2\/media\/27750"}],"wp:attachment":[{"href":"https:\/\/sola-poljane.splet.arnes.si\/index.php?rest_route=%2Fwp%2Fv2%2Fmedia&parent=27725"}],"wp:term":[{"taxonomy":"category","embeddable":true,"href":"https:\/\/sola-poljane.splet.arnes.si\/index.php?rest_route=%2Fwp%2Fv2%2Fcategories&post=27725"},{"taxonomy":"post_tag","embeddable":true,"href":"https:\/\/sola-poljane.splet.arnes.si\/index.php?rest_route=%2Fwp%2Fv2%2Ftags&post=27725"}],"curies":[{"name":"wp","href":"https:\/\/api.w.org\/{rel}","templated":true}]}}