{"id":27679,"date":"2022-10-25T21:59:51","date_gmt":"2022-10-25T19:59:51","guid":{"rendered":"https:\/\/sola-poljane.splet.arnes.si\/?p=27679"},"modified":"2022-10-25T21:59:51","modified_gmt":"2022-10-25T19:59:51","slug":"svet-glasbil-odlicen-kulturni-dan","status":"publish","type":"post","link":"https:\/\/sola-poljane.splet.arnes.si\/?p=27679","title":{"rendered":"Svet glasbil \u2013 odli\u010den kulturni dan!"},"content":{"rendered":"<p style=\"text-align: justify\"><span style=\"color: #3366ff\"><strong>To pa je bil res dan, poln glasbe<\/strong><\/span> \u2013 od kviza, spoznavanja in\u0161trumentov, pogovorov o koncertnem bontonu do skupinskega dela in izdelovanja risb, stripov in plakatov o obna\u0161anju na koncertih. Sredi vsega tega pa \u0161e vrhunec \u2013 <span style=\"color: #ff6600\"><strong>koncert v telovadnici za vse u\u010dence!<\/strong><\/span><\/p>\n<p style=\"text-align: justify\">\u017de prva to\u010dka koncerta je poskrbela, da smo se za\u010deli pozibavati v ritmu pesmi <span style=\"color: #3366ff\"><em>Od vi\u0161ine se zvrti<\/em><\/span>. Zaigral nam jo je <strong><span style=\"color: #ff6600\">\u0161olski ansambel<\/span><\/strong>, besedilo pa je prelepo zapela deveto\u0161olka Tja\u0161a. Po\u017eeli so viharen aplavz.<br \/>\nNato so nam odli\u010dna <span style=\"color: #3366ff\"><em>pevka <strong>Marta Zore<\/strong><\/em><\/span>, <em><span style=\"color: #3366ff\">kitarist <strong>Tim Draksler<\/strong><\/span><\/em> in <em><span style=\"color: #3366ff\">bobnar <strong>Grega Plamberger<\/strong><\/span><\/em> na spro\u0161\u010den in zabaven na\u010din priredili popotovanje med glasbili, glasbenimi zvrstmi in celo paleto vokalnih in in\u0161trumentalnih zvokov. Glasbenikom se je pridru\u017eil dramski igralec <em><strong><span style=\"color: #3366ff\">Gojmir Le\u0161njak &#8211; Gojc<\/span><\/strong><\/em>, ki nam je nadvse zanimivo pribli\u017eal razli\u010dne pesmi in poskrbel, da smo vsi sodelovali pri petju in ustvarjali ritmi\u010dne vzorce. Poudaril pa je tudi, da pri pesmih ni pomembna le glasba, ampak tudi besedilo.<br \/>\nPo koncertu so nastopajo\u010di delili tudi avtograme.<\/p>\n<p style=\"text-align: justify\">Dan je bil nadvse ustvarjalen, zabaven in predvsem druga\u010den od ostalih \u0161olskih dni.<\/p>\n<p style=\"text-align: justify\"><strong>Bilo je odli\u010dno!<\/strong><\/p>\n<p>&nbsp;<\/p>\n<p style=\"text-align: justify\"><span style=\"color: #ff6600\"><strong><span style=\"text-decoration: underline\">Navdu\u0161enje u\u010dencev vseh starosti kar kipi iz spodnjih izjav. Preberite<\/span>.<\/strong><\/span><\/p>\n<p style=\"text-align: justify\"><strong><span style=\"color: #339966\">Za uvod \u2013 skupinsko delo<\/span><\/strong><\/p>\n<p style=\"text-align: justify\">Re\u0161evali smo kviz o glasbilih, potem smo se pogovarjali o bontonu na koncertih. Nato smo &nbsp;izdelovali plakate na to temo. <em><strong>(Tine, 4. b)<\/strong><\/em><\/p>\n<p style=\"text-align: justify\">V parih smo risali stripe o vsem, \u010desar se na koncertu ne sme delati, npr. da na koncertu ne sme\u0161 jesti, kako se obna\u0161ati, \u010de zamudi\u0161. Midve sva narisali strip o zamujanju na koncert. <em><strong>(Tja\u0161a in Katja, 5. b)<\/strong><\/em><\/p>\n<p style=\"text-align: justify\">Kviz o glasbilih in glasbi je bil zanimiv, nekatera vpra\u0161anja so bila la\u017eja, druga te\u017eja, pri nekaterih smo malo ugibali. Smo pa med seboj lepo sodelovali. <em><strong>(Lovro, 6. a)<\/strong><\/em><\/p>\n<p style=\"text-align: justify\">Najprej kviz \u2013 razdeljeni smo bili v skupine \u0161tirih ali petih, odgovarjali smo na vpra\u0161anja iz snovi prej\u0161njega leta. Kasneje smo govorili o bontonu na koncertu. <em><strong>(Ajda, 7. a)<\/strong><\/em><\/p>\n<p>&nbsp;<\/p>\n<p style=\"text-align: justify\"><span style=\"color: #339966\"><strong>O koncertu<\/strong><\/span><\/p>\n<p style=\"text-align: justify\">V\u0161e\u010d mi je bilo, ker smo na koncertu sodelovali, peli \u2026 \u017de na kulturnem dnevu v Sorici smo spoznali \u010dinele in afri\u0161ki boben \u2026 Bobni so mi v\u0161e\u010d, ker ustvarjajo ritem in so glasni. <em><strong>(Urban, 1. a)<\/strong><\/em><\/p>\n<p style=\"text-align: justify\">Odli\u010dno je bilo, ko so razbijali z bobni, ker smo peli. Najbolj v\u0161e\u010d sta mi elektri\u010dna kitara in sintentizator, ki lahko opona\u0161a razli\u010dne zvoke. Sama znam na klavir zaigrati Ku\u017ea pazi. <em><strong>(Zala, 1. b)<\/strong><\/em><\/p>\n<p style=\"text-align: justify\">Lahko smo peli, sodelovali, nastopali. V\u0161e\u010d so nama bobni, sintetizator, elektri\u010dna kitara \u2026 Zelo sme\u0161na je bila \u010darovni\u0161ka pesem. <em><strong>(Sara in Kaja, 2. a)<\/strong><\/em><\/p>\n<p style=\"text-align: justify\">Bilo je zabavno, ker smo vsi peli in sodelovali. Elektri\u010dna kitara in bobni \u2013 to je bilo super. <em><strong>(Jakob, 2. b)<\/strong><\/em><\/p>\n<p style=\"text-align: justify\">Vse je bilo super, sploh razli\u010dni na\u010dini igranja, petje in tekmovanje v petju. <strong><em>(Sara, 3. a, in Alenka, 3. b)<\/em><\/strong><\/p>\n<p style=\"text-align: justify\">Krasno je bilo, ker je bilo zelo glasno \u2013 nekaterim je celo odmevalo v u\u0161esih in so si jih morali zatisniti. Spoznali smo nekaj novih in\u0161trumentov pa so\u0161olec Jakob je \u0161el na oder! <span style=\"color: #3366ff\"><em>\u010carovni\u010dina pesem<\/em><\/span> je bila super, tudi pesem <span style=\"color: #3366ff\"><em>Policaj je palicaj<\/em> <\/span>je bila dobra, ker smo vsi peli. <strong><em>(6. a razred)<\/em><\/strong><\/p>\n<p style=\"text-align: justify\">Gojc je dobro predstavil in zapel vse zvrsti \u2013 tudi d\u017eez. Sploh ni bilo dolgo\u010dasno! <em><strong>(Matev\u017e, 9. a)<\/strong><\/em><\/p>\n<p style=\"text-align: justify\">Bilo je v redu, ker smo sli\u0161ali razli\u010dne in\u0161trumente, razli\u010dne zvrsti, zanimivo je bilo za u\u010dence vseh starosti. Pa na\u0161a glasbena skupina je dobro nastopala! <em><strong>(Ajda, 9. b)<\/strong><\/em><\/p>\n<p style=\"text-align: justify\">Vse je bilo v redu \u2013 kviz, koncertni bonton \u2026 Veliko o tem smo \u017ee vedeli. Koncert je bil v redu, ker je bil druga\u010den od pri\u010dakovanega. Bolj podrobno smo spoznali razli\u010dne tipe bobnov, poslu\u0161ali razli\u010dne zvrsti glasbe, tudi ljudsko. Mlaj\u0161i u\u010denci so sploh navdu\u0161eno sodelovali, tudi nas starej\u0161e je kak\u0161na pesem s svojim ritmom zelo pritegnila. <em><strong>(Lara, 9. b)<\/strong><\/em><\/p>\n<p style=\"text-align: justify\">&nbsp;<\/p>\nngg_shortcode_0_placeholder\n","protected":false},"excerpt":{"rendered":"<p>To pa je bil res dan, poln glasbe \u2013 od [&hellip;]<\/p>\n","protected":false},"author":56163,"featured_media":27721,"comment_status":"closed","ping_status":"open","sticky":false,"template":"","format":"standard","meta":{"ngg_post_thumbnail":0,"footnotes":""},"categories":[29,15,55],"tags":[],"class_list":["post-27679","post","type-post","status-publish","format-standard","has-post-thumbnail","hentry","category-dnevi-dejavnosti-3-triada","category-dnevi-dejavnosti-2-triada","category-dogajanje"],"_links":{"self":[{"href":"https:\/\/sola-poljane.splet.arnes.si\/index.php?rest_route=\/wp\/v2\/posts\/27679","targetHints":{"allow":["GET"]}}],"collection":[{"href":"https:\/\/sola-poljane.splet.arnes.si\/index.php?rest_route=\/wp\/v2\/posts"}],"about":[{"href":"https:\/\/sola-poljane.splet.arnes.si\/index.php?rest_route=\/wp\/v2\/types\/post"}],"author":[{"embeddable":true,"href":"https:\/\/sola-poljane.splet.arnes.si\/index.php?rest_route=\/wp\/v2\/users\/56163"}],"replies":[{"embeddable":true,"href":"https:\/\/sola-poljane.splet.arnes.si\/index.php?rest_route=%2Fwp%2Fv2%2Fcomments&post=27679"}],"version-history":[{"count":7,"href":"https:\/\/sola-poljane.splet.arnes.si\/index.php?rest_route=\/wp\/v2\/posts\/27679\/revisions"}],"predecessor-version":[{"id":27722,"href":"https:\/\/sola-poljane.splet.arnes.si\/index.php?rest_route=\/wp\/v2\/posts\/27679\/revisions\/27722"}],"wp:featuredmedia":[{"embeddable":true,"href":"https:\/\/sola-poljane.splet.arnes.si\/index.php?rest_route=\/wp\/v2\/media\/27721"}],"wp:attachment":[{"href":"https:\/\/sola-poljane.splet.arnes.si\/index.php?rest_route=%2Fwp%2Fv2%2Fmedia&parent=27679"}],"wp:term":[{"taxonomy":"category","embeddable":true,"href":"https:\/\/sola-poljane.splet.arnes.si\/index.php?rest_route=%2Fwp%2Fv2%2Fcategories&post=27679"},{"taxonomy":"post_tag","embeddable":true,"href":"https:\/\/sola-poljane.splet.arnes.si\/index.php?rest_route=%2Fwp%2Fv2%2Ftags&post=27679"}],"curies":[{"name":"wp","href":"https:\/\/api.w.org\/{rel}","templated":true}]}}