{"id":27498,"date":"2022-10-21T22:47:34","date_gmt":"2022-10-21T20:47:34","guid":{"rendered":"https:\/\/sola-poljane.splet.arnes.si\/?p=27498"},"modified":"2022-10-21T22:47:34","modified_gmt":"2022-10-21T20:47:34","slug":"plakati-spodbujajo-ucenje-tujih-jezikov","status":"publish","type":"post","link":"https:\/\/sola-poljane.splet.arnes.si\/?p=27498","title":{"rendered":"Plakati spodbujajo u\u010denje tujih jezikov"},"content":{"rendered":"<p>U\u010denci 8. razreda so se z u\u010diteljico Anko odzvali na nate\u010daj <span style=\"color: #3366ff\"><em>Oddelka za germanistiko Filozofske fakultete Ljubljana<\/em><\/span> in ob dnevu jezikov oblikovali <span style=\"color: #ff6600\"><strong>reklamne plakate za u\u010denje tujih jeziko<\/strong><\/span>v. Plakati bodo razstavljeni tudi na fakulteti, najbolj\u0161e pa bodo nagradili. Dr\u017eimo pesti za na\u0161e!<\/p>\n<p><img decoding=\"async\" src=\"https:\/\/sola-poljane.splet.arnes.si\/files\/2022\/10\/Plakati-tuji-jeziki_202205.jpg\"><\/p>\n<p><a href=\"https:\/\/sola-poljane.splet.arnes.si\/files\/2022\/10\/Plakati-tuji-jeziki_202201.jpg\"><img loading=\"lazy\" decoding=\"async\" class=\"alignnone  wp-image-27501\" src=\"https:\/\/sola-poljane.splet.arnes.si\/files\/2022\/10\/Plakati-tuji-jeziki_202201-300x207.jpg\" alt=\"\" width=\"759\" height=\"524\" srcset=\"https:\/\/sola-poljane.splet.arnes.si\/files\/2022\/10\/Plakati-tuji-jeziki_202201-300x207.jpg 300w, https:\/\/sola-poljane.splet.arnes.si\/files\/2022\/10\/Plakati-tuji-jeziki_202201-768x531.jpg 768w, https:\/\/sola-poljane.splet.arnes.si\/files\/2022\/10\/Plakati-tuji-jeziki_202201-80x55.jpg 80w, https:\/\/sola-poljane.splet.arnes.si\/files\/2022\/10\/Plakati-tuji-jeziki_202201-624x431.jpg 624w, https:\/\/sola-poljane.splet.arnes.si\/files\/2022\/10\/Plakati-tuji-jeziki_202201.jpg 800w\" sizes=\"auto, (max-width: 759px) 100vw, 759px\" \/><\/a><\/p>\n<p><a href=\"https:\/\/sola-poljane.splet.arnes.si\/files\/2022\/10\/Plakati-tuji-jeziki_202202.jpg\"><img loading=\"lazy\" decoding=\"async\" class=\"alignnone size-full wp-image-27502\" src=\"https:\/\/sola-poljane.splet.arnes.si\/files\/2022\/10\/Plakati-tuji-jeziki_202202.jpg\" alt=\"\" width=\"800\" height=\"569\" srcset=\"https:\/\/sola-poljane.splet.arnes.si\/files\/2022\/10\/Plakati-tuji-jeziki_202202.jpg 800w, https:\/\/sola-poljane.splet.arnes.si\/files\/2022\/10\/Plakati-tuji-jeziki_202202-300x213.jpg 300w, https:\/\/sola-poljane.splet.arnes.si\/files\/2022\/10\/Plakati-tuji-jeziki_202202-768x546.jpg 768w, https:\/\/sola-poljane.splet.arnes.si\/files\/2022\/10\/Plakati-tuji-jeziki_202202-77x55.jpg 77w, https:\/\/sola-poljane.splet.arnes.si\/files\/2022\/10\/Plakati-tuji-jeziki_202202-624x444.jpg 624w\" sizes=\"auto, (max-width: 800px) 100vw, 800px\" \/><\/a><\/p>\n<p><a href=\"https:\/\/sola-poljane.splet.arnes.si\/files\/2022\/10\/Plakati-tuji-jeziki_202203.jpg\"><img loading=\"lazy\" decoding=\"async\" class=\"alignnone  wp-image-27503\" src=\"https:\/\/sola-poljane.splet.arnes.si\/files\/2022\/10\/Plakati-tuji-jeziki_202203.jpg\" alt=\"\" width=\"763\" height=\"834\" srcset=\"https:\/\/sola-poljane.splet.arnes.si\/files\/2022\/10\/Plakati-tuji-jeziki_202203.jpg 549w, https:\/\/sola-poljane.splet.arnes.si\/files\/2022\/10\/Plakati-tuji-jeziki_202203-275x300.jpg 275w, https:\/\/sola-poljane.splet.arnes.si\/files\/2022\/10\/Plakati-tuji-jeziki_202203-50x55.jpg 50w\" sizes=\"auto, (max-width: 763px) 100vw, 763px\" \/><\/a><\/p>\n<p><a href=\"https:\/\/sola-poljane.splet.arnes.si\/files\/2022\/10\/Plakati-tuji-jeziki_202204.jpg\"><img loading=\"lazy\" decoding=\"async\" class=\"alignnone size-full wp-image-27504\" src=\"https:\/\/sola-poljane.splet.arnes.si\/files\/2022\/10\/Plakati-tuji-jeziki_202204.jpg\" alt=\"\" width=\"800\" height=\"579\" srcset=\"https:\/\/sola-poljane.splet.arnes.si\/files\/2022\/10\/Plakati-tuji-jeziki_202204.jpg 800w, https:\/\/sola-poljane.splet.arnes.si\/files\/2022\/10\/Plakati-tuji-jeziki_202204-300x217.jpg 300w, https:\/\/sola-poljane.splet.arnes.si\/files\/2022\/10\/Plakati-tuji-jeziki_202204-768x556.jpg 768w, https:\/\/sola-poljane.splet.arnes.si\/files\/2022\/10\/Plakati-tuji-jeziki_202204-76x55.jpg 76w, https:\/\/sola-poljane.splet.arnes.si\/files\/2022\/10\/Plakati-tuji-jeziki_202204-624x452.jpg 624w\" sizes=\"auto, (max-width: 800px) 100vw, 800px\" \/><\/a><\/p>\n<p>&nbsp;<\/p>\n<p>&nbsp;<\/p>\n","protected":false},"excerpt":{"rendered":"<p>U\u010denci 8. razreda so se z u\u010diteljico Anko odzvali na [&hellip;]<\/p>\n","protected":false},"author":56163,"featured_media":27501,"comment_status":"closed","ping_status":"open","sticky":false,"template":"","format":"standard","meta":{"ngg_post_thumbnail":0,"footnotes":""},"categories":[55,37,61],"tags":[],"class_list":["post-27498","post","type-post","status-publish","format-standard","has-post-thumbnail","hentry","category-dogajanje","category-natecaji","category-unesco"],"_links":{"self":[{"href":"https:\/\/sola-poljane.splet.arnes.si\/index.php?rest_route=\/wp\/v2\/posts\/27498","targetHints":{"allow":["GET"]}}],"collection":[{"href":"https:\/\/sola-poljane.splet.arnes.si\/index.php?rest_route=\/wp\/v2\/posts"}],"about":[{"href":"https:\/\/sola-poljane.splet.arnes.si\/index.php?rest_route=\/wp\/v2\/types\/post"}],"author":[{"embeddable":true,"href":"https:\/\/sola-poljane.splet.arnes.si\/index.php?rest_route=\/wp\/v2\/users\/56163"}],"replies":[{"embeddable":true,"href":"https:\/\/sola-poljane.splet.arnes.si\/index.php?rest_route=%2Fwp%2Fv2%2Fcomments&post=27498"}],"version-history":[{"count":3,"href":"https:\/\/sola-poljane.splet.arnes.si\/index.php?rest_route=\/wp\/v2\/posts\/27498\/revisions"}],"predecessor-version":[{"id":27506,"href":"https:\/\/sola-poljane.splet.arnes.si\/index.php?rest_route=\/wp\/v2\/posts\/27498\/revisions\/27506"}],"wp:featuredmedia":[{"embeddable":true,"href":"https:\/\/sola-poljane.splet.arnes.si\/index.php?rest_route=\/wp\/v2\/media\/27501"}],"wp:attachment":[{"href":"https:\/\/sola-poljane.splet.arnes.si\/index.php?rest_route=%2Fwp%2Fv2%2Fmedia&parent=27498"}],"wp:term":[{"taxonomy":"category","embeddable":true,"href":"https:\/\/sola-poljane.splet.arnes.si\/index.php?rest_route=%2Fwp%2Fv2%2Fcategories&post=27498"},{"taxonomy":"post_tag","embeddable":true,"href":"https:\/\/sola-poljane.splet.arnes.si\/index.php?rest_route=%2Fwp%2Fv2%2Ftags&post=27498"}],"curies":[{"name":"wp","href":"https:\/\/api.w.org\/{rel}","templated":true}]}}