{"id":27496,"date":"2022-10-26T20:55:11","date_gmt":"2022-10-26T18:55:11","guid":{"rendered":"https:\/\/sola-poljane.splet.arnes.si\/?p=27496"},"modified":"2022-10-27T21:54:16","modified_gmt":"2022-10-27T19:54:16","slug":"nace-tusek-nagrajenec-literarnega-natecaja-pavckove-vitice","status":"publish","type":"post","link":"https:\/\/sola-poljane.splet.arnes.si\/?p=27496","title":{"rendered":"Nace Tu\u0161ek nagrajenec literarnega nate\u010daja Pav\u010dkove vitice"},"content":{"rendered":"<p style=\"text-align: justify\">V \u0161olskem letu 2021\/2022 je bil objavljen razpis <span style=\"color: #008000\"><strong>9. literarnega nate\u010daja&nbsp;Pav\u010dkove vitice<\/strong><\/span>, na katerega se je&nbsp;odzvalo ve\u010d kot 400 u\u010dencev iz 73 slovenskih osnovnih \u0161ol.&nbsp;Rde\u010da nit pesni\u0161kega ustvarjanja je bila pesem Toneta Pav\u010dka <em><span style=\"color: #008000\">Vsi na\u0161i otroci<\/span><\/em>.&nbsp;Strokovna ocenjevalna komisija je med prispelimi deli izbrala devet najbolj\u0161ih pesmi,&nbsp;ki so bile nagrajene.&nbsp;<\/p>\n<p style=\"text-align: justify\">Na\u0161 u\u010denec <span style=\"color: #3366ff\"><strong>Nace Tu\u0161ek<\/strong> <\/span>iz&nbsp;lanskega 2.b razreda je bil nagrajen v kategoriji 1. triletje.&nbsp;V \u010detrtek, 20. oktobra&nbsp;je&nbsp;v Mirni Pe\u010di&nbsp;na Osnovni \u0161oli Toneta Pav\u010dka prejel <span style=\"color: #3366ff\">priznanje in knji\u017eno nagrado<\/span>. Bravo, Nace!<br \/>\nPohvalo in zahvalo pa so prejele tudi u\u010denke lanskega 2. b razreda <span style=\"color: #ff6600\"><strong>Zarja Strel, Alenka Miklav\u010di\u010d<\/strong><\/span> in <strong><span style=\"color: #ff6600\">Ana Er\u017ee<\/span><span style=\"color: #ff6600\">n<\/span><\/strong>.&nbsp;<\/p>\n<p style=\"text-align: justify\">Vse pesmi sodelujo\u010dih so objavljene <strong><span style=\"color: #339966\">v zborniku<\/span><\/strong>, ki si ga lahko ogledate v \u0161olski knji\u017enici.&nbsp;<\/p>\n<p><span style=\"color: #008000\"><strong><span style=\"text-decoration: underline\">\u0160e dva namiga<\/span>:<\/strong><\/span><\/p>\n<p style=\"text-align: justify\"><span style=\"color: #008000\">Zbornik&nbsp;<strong><span style=\"color: #008080\"><em>Vsi na\u0161i otroci<\/em><\/span><\/strong><\/span> vam je na voljo&nbsp;na tej&nbsp;<span style=\"text-decoration: underline\"><span style=\"color: #ff6600;text-decoration: underline\"><a style=\"color: #ff6600;text-decoration: underline\" href=\"https:\/\/issuu.com\/osmirnapec\/docs\/vitice2022\" target=\"_blank\" rel=\"noopener\" data-saferedirecturl=\"https:\/\/www.google.com\/url?q=https:\/\/issuu.com\/osmirnapec\/docs\/vitice2022&amp;source=gmail&amp;ust=1666983554744000&amp;usg=AOvVaw0vGqTD8EBtIvHhJU2Q_ikb\">povezavi<\/a><\/span><\/span>. <strong><span style=\"color: #993300\">V njem najdete vse pesmice sodelujo\u010dih<\/span><\/strong>.<br \/>\nNa tej <span style=\"color: #ff6600\"><span style=\"text-decoration: underline\"><a style=\"color: #ff6600;text-decoration: underline\" href=\"https:\/\/photos.app.goo.gl\/89KULY81xuZSK6UH6\">povezavi<\/a><\/span> <\/span>pa si lahko ogledate \u0161e ve\u010d fotografskih utrinkov, s podelitve priznanj na O\u0160 Toneta Pav\u010dka v Mirni Pe\u010di.&nbsp;<\/p>\n<p style=\"text-align: justify\"><em><strong>Vsem sodelujo\u010dim iskreno \u010destitamo!<\/strong><\/em><\/p>\n<p>&nbsp;<\/p>\n<p><strong><em>Mentorica Maja Tr\u010dek<\/em><\/strong><\/p>\n<p>&nbsp;<\/p>\nngg_shortcode_0_placeholder\n","protected":false},"excerpt":{"rendered":"<p>V \u0161olskem letu 2021\/2022 je bil objavljen razpis 9. literarnega [&hellip;]<\/p>\n","protected":false},"author":56163,"featured_media":27525,"comment_status":"closed","ping_status":"open","sticky":false,"template":"","format":"standard","meta":{"ngg_post_thumbnail":0,"footnotes":""},"categories":[55,37],"tags":[],"class_list":["post-27496","post","type-post","status-publish","format-standard","has-post-thumbnail","hentry","category-dogajanje","category-natecaji"],"_links":{"self":[{"href":"https:\/\/sola-poljane.splet.arnes.si\/index.php?rest_route=\/wp\/v2\/posts\/27496","targetHints":{"allow":["GET"]}}],"collection":[{"href":"https:\/\/sola-poljane.splet.arnes.si\/index.php?rest_route=\/wp\/v2\/posts"}],"about":[{"href":"https:\/\/sola-poljane.splet.arnes.si\/index.php?rest_route=\/wp\/v2\/types\/post"}],"author":[{"embeddable":true,"href":"https:\/\/sola-poljane.splet.arnes.si\/index.php?rest_route=\/wp\/v2\/users\/56163"}],"replies":[{"embeddable":true,"href":"https:\/\/sola-poljane.splet.arnes.si\/index.php?rest_route=%2Fwp%2Fv2%2Fcomments&post=27496"}],"version-history":[{"count":7,"href":"https:\/\/sola-poljane.splet.arnes.si\/index.php?rest_route=\/wp\/v2\/posts\/27496\/revisions"}],"predecessor-version":[{"id":27815,"href":"https:\/\/sola-poljane.splet.arnes.si\/index.php?rest_route=\/wp\/v2\/posts\/27496\/revisions\/27815"}],"wp:featuredmedia":[{"embeddable":true,"href":"https:\/\/sola-poljane.splet.arnes.si\/index.php?rest_route=\/wp\/v2\/media\/27525"}],"wp:attachment":[{"href":"https:\/\/sola-poljane.splet.arnes.si\/index.php?rest_route=%2Fwp%2Fv2%2Fmedia&parent=27496"}],"wp:term":[{"taxonomy":"category","embeddable":true,"href":"https:\/\/sola-poljane.splet.arnes.si\/index.php?rest_route=%2Fwp%2Fv2%2Fcategories&post=27496"},{"taxonomy":"post_tag","embeddable":true,"href":"https:\/\/sola-poljane.splet.arnes.si\/index.php?rest_route=%2Fwp%2Fv2%2Ftags&post=27496"}],"curies":[{"name":"wp","href":"https:\/\/api.w.org\/{rel}","templated":true}]}}