{"id":27443,"date":"2022-10-18T20:00:54","date_gmt":"2022-10-18T18:00:54","guid":{"rendered":"https:\/\/sola-poljane.splet.arnes.si\/?p=27443"},"modified":"2022-10-18T20:00:54","modified_gmt":"2022-10-18T18:00:54","slug":"osmosolci-preizkusali-svoja-cutila","status":"publish","type":"post","link":"https:\/\/sola-poljane.splet.arnes.si\/?p=27443","title":{"rendered":"Osmo\u0161olci preizku\u0161ali svoja \u010dutila"},"content":{"rendered":"<p style=\"text-align: justify\">Pogovarjali smo se o aditivih v prehrani, kar je bilo zelo zanimivo. Najbolje in hkrati neprijetno je bilo, ko nam je u\u010ditelj razlo\u017eil, kaj jedo v nekaterih dr\u017eavah (pe\u010deni morski pra\u0161i\u010dki, pajki, mi\u0161i &#8230;). Povedal nam je tudi, da bomo v prihodnosti verjetno jedli \u017eu\u017eelke. Na koncu smo poskusili tudi razli\u010dne teko\u010dine. Vsaka je imela druga\u010den okus, morali smo dolo\u010diti, kaj smo oku\u0161ali. To smo kasneje ponovili tudi z vonji, ki so bili po ve\u010dini zelo prijetni; to\u010dkovali smo jih in ugotovili, da je kar te\u017eko dolo\u010diti pravi vonj ne\u010desa.<\/p>\n<p style=\"text-align: justify\"><strong><em>Ema Krek, 8. a<\/em><\/strong><\/p>\n<p style=\"text-align: justify\">Na\u0161a tema so bila \u010dutila. Na za\u010detku smo imeli dve uri teorije, potem pa smo posku\u0161ali razli\u010dne raztopine in preizku\u0161ali svoje sposobnosti vohanja. Nau\u010dili smo se veliko novega.<\/p>\n<p style=\"text-align: justify\"><em><strong>Luka Ko\u0161ir, 8. b&nbsp;<\/strong><\/em><\/p>\n<p>&nbsp;<\/p>\nngg_shortcode_0_placeholder\n","protected":false},"excerpt":{"rendered":"<p>Pogovarjali smo se o aditivih v prehrani, kar je bilo [&hellip;]<\/p>\n","protected":false},"author":56163,"featured_media":27472,"comment_status":"closed","ping_status":"open","sticky":false,"template":"","format":"standard","meta":{"ngg_post_thumbnail":0,"footnotes":""},"categories":[15,55],"tags":[],"class_list":["post-27443","post","type-post","status-publish","format-standard","has-post-thumbnail","hentry","category-dnevi-dejavnosti-2-triada","category-dogajanje"],"_links":{"self":[{"href":"https:\/\/sola-poljane.splet.arnes.si\/index.php?rest_route=\/wp\/v2\/posts\/27443","targetHints":{"allow":["GET"]}}],"collection":[{"href":"https:\/\/sola-poljane.splet.arnes.si\/index.php?rest_route=\/wp\/v2\/posts"}],"about":[{"href":"https:\/\/sola-poljane.splet.arnes.si\/index.php?rest_route=\/wp\/v2\/types\/post"}],"author":[{"embeddable":true,"href":"https:\/\/sola-poljane.splet.arnes.si\/index.php?rest_route=\/wp\/v2\/users\/56163"}],"replies":[{"embeddable":true,"href":"https:\/\/sola-poljane.splet.arnes.si\/index.php?rest_route=%2Fwp%2Fv2%2Fcomments&post=27443"}],"version-history":[{"count":2,"href":"https:\/\/sola-poljane.splet.arnes.si\/index.php?rest_route=\/wp\/v2\/posts\/27443\/revisions"}],"predecessor-version":[{"id":27473,"href":"https:\/\/sola-poljane.splet.arnes.si\/index.php?rest_route=\/wp\/v2\/posts\/27443\/revisions\/27473"}],"wp:featuredmedia":[{"embeddable":true,"href":"https:\/\/sola-poljane.splet.arnes.si\/index.php?rest_route=\/wp\/v2\/media\/27472"}],"wp:attachment":[{"href":"https:\/\/sola-poljane.splet.arnes.si\/index.php?rest_route=%2Fwp%2Fv2%2Fmedia&parent=27443"}],"wp:term":[{"taxonomy":"category","embeddable":true,"href":"https:\/\/sola-poljane.splet.arnes.si\/index.php?rest_route=%2Fwp%2Fv2%2Fcategories&post=27443"},{"taxonomy":"post_tag","embeddable":true,"href":"https:\/\/sola-poljane.splet.arnes.si\/index.php?rest_route=%2Fwp%2Fv2%2Ftags&post=27443"}],"curies":[{"name":"wp","href":"https:\/\/api.w.org\/{rel}","templated":true}]}}