{"id":27286,"date":"2022-10-16T09:14:07","date_gmt":"2022-10-16T07:14:07","guid":{"rendered":"https:\/\/sola-poljane.splet.arnes.si\/?p=27286"},"modified":"2022-10-16T09:14:07","modified_gmt":"2022-10-16T07:14:07","slug":"drzavno-prvenstvo-v-orientacijskem-teku-dolenjske-toplice","status":"publish","type":"post","link":"https:\/\/sola-poljane.splet.arnes.si\/?p=27286","title":{"rendered":"Dr\u017eavno prvenstvo v orientacijskem teku \u2013 Dolenjske Toplice"},"content":{"rendered":"<p style=\"text-align: justify\">V \u010detrtek, 13.&nbsp;10.&nbsp;2022, je v Dolenjskih Toplicah potekalo <span style=\"color: #008000\"><strong>dr\u017eavno prvenstvo v orientacijskem teku za osnovne in srednje \u0161ole<\/strong><\/span>. Letos je tekmovanje spet potekalo tako kot pred epidemijo. Teren nad Osnovno \u0161olo Dolenjske Toplice je bil za ve\u010dino nastopajo\u010dih kar zahteven. Tudi postavljalec tras za posamezne kategorije se je potrudil in postavil kontrolne to\u010dke na skrita mesta. Kljub varljivemu vtisu, da je teren odprt in lahko prehoden, je mno\u017eica poti na terenu marsikaterega tekmovalca spravljala v obup. A na koncu so vsi na\u0161li pot iz gozda.<br \/>\nNa leto\u0161nji izvedbi je bilo nekaj manj u\u010dencev kot obi\u010dajno. Na\u0161i u\u010denci in u\u010denke so tekmovali v kategoriji B (6. in 7. razred) in C (8. in 9. razred). Med u\u010denkami je bila najbolje uvr\u0161\u010dena <span style=\"color: #ff6600\"><strong><em>Maru\u0161a \u0160ubic<\/em><\/strong><\/span>, ki je v kategoriji C zasedla 5. mesto, <em><strong><span style=\"color: #ff6600\">Nika Bo\u017enar<\/span><\/strong><\/em> pa je zasedla 20. mesto. Med mlaj\u0161imi u\u010denkami v kategoriji B je 15. mesto osvojila <span style=\"color: #ff6600\"><em><strong>Tinkara Cankar<\/strong><\/em><\/span>.<\/p>\n<p style=\"text-align: justify\">Pri fantih smo tekmovali samo v kategoriji C, in sicer je nastopal <em><span style=\"color: #ff6600\"><strong>Maks Bo\u017enar<\/strong><\/span><\/em>, ki je zasedel 38. mesto, <span style=\"color: #ff6600\"><em><strong>T<\/strong><\/em><strong>a<\/strong><\/span><em><span style=\"color: #ff6600\"><strong>j Stanonik<\/strong><\/span><\/em> in <em><strong><span style=\"color: #ff6600\">\u0110or\u0111e Devi\u010d<\/span><\/strong><\/em> pa sta ostala brez uvrstitve.&nbsp;&nbsp; &nbsp;&nbsp;&nbsp;&nbsp;<\/p>\n<p style=\"text-align: justify\">Vsem nastopajo\u010dim \u010destitke za udele\u017ebo na tekmovanju in dose\u017eene rezultate.<\/p>\n<p style=\"text-align: justify\"><em><strong>Mentor: Ale\u0161 Mrak &nbsp;&nbsp;&nbsp;&nbsp;<\/strong><\/em><\/p>\n<p>&nbsp;<\/p>\nngg_shortcode_0_placeholder\n","protected":false},"excerpt":{"rendered":"<p>V \u010detrtek, 13.&nbsp;10.&nbsp;2022, je v Dolenjskih Toplicah potekalo dr\u017eavno prvenstvo [&hellip;]<\/p>\n","protected":false},"author":56163,"featured_media":27300,"comment_status":"closed","ping_status":"open","sticky":false,"template":"","format":"standard","meta":{"ngg_post_thumbnail":0,"footnotes":""},"categories":[55,59],"tags":[],"class_list":["post-27286","post","type-post","status-publish","format-standard","has-post-thumbnail","hentry","category-dogajanje","category-sportna-tekmovanja"],"_links":{"self":[{"href":"https:\/\/sola-poljane.splet.arnes.si\/index.php?rest_route=\/wp\/v2\/posts\/27286","targetHints":{"allow":["GET"]}}],"collection":[{"href":"https:\/\/sola-poljane.splet.arnes.si\/index.php?rest_route=\/wp\/v2\/posts"}],"about":[{"href":"https:\/\/sola-poljane.splet.arnes.si\/index.php?rest_route=\/wp\/v2\/types\/post"}],"author":[{"embeddable":true,"href":"https:\/\/sola-poljane.splet.arnes.si\/index.php?rest_route=\/wp\/v2\/users\/56163"}],"replies":[{"embeddable":true,"href":"https:\/\/sola-poljane.splet.arnes.si\/index.php?rest_route=%2Fwp%2Fv2%2Fcomments&post=27286"}],"version-history":[{"count":3,"href":"https:\/\/sola-poljane.splet.arnes.si\/index.php?rest_route=\/wp\/v2\/posts\/27286\/revisions"}],"predecessor-version":[{"id":27301,"href":"https:\/\/sola-poljane.splet.arnes.si\/index.php?rest_route=\/wp\/v2\/posts\/27286\/revisions\/27301"}],"wp:featuredmedia":[{"embeddable":true,"href":"https:\/\/sola-poljane.splet.arnes.si\/index.php?rest_route=\/wp\/v2\/media\/27300"}],"wp:attachment":[{"href":"https:\/\/sola-poljane.splet.arnes.si\/index.php?rest_route=%2Fwp%2Fv2%2Fmedia&parent=27286"}],"wp:term":[{"taxonomy":"category","embeddable":true,"href":"https:\/\/sola-poljane.splet.arnes.si\/index.php?rest_route=%2Fwp%2Fv2%2Fcategories&post=27286"},{"taxonomy":"post_tag","embeddable":true,"href":"https:\/\/sola-poljane.splet.arnes.si\/index.php?rest_route=%2Fwp%2Fv2%2Ftags&post=27286"}],"curies":[{"name":"wp","href":"https:\/\/api.w.org\/{rel}","templated":true}]}}