{"id":27244,"date":"2022-10-13T19:02:40","date_gmt":"2022-10-13T17:02:40","guid":{"rendered":"https:\/\/sola-poljane.splet.arnes.si\/?p=27244"},"modified":"2022-10-13T19:02:40","modified_gmt":"2022-10-13T17:02:40","slug":"9-razred-cerkljansko-in-posocje","status":"publish","type":"post","link":"https:\/\/sola-poljane.splet.arnes.si\/?p=27244","title":{"rendered":"9. razred &#8211; Cerkljansko in Poso\u010dje"},"content":{"rendered":"<p><span style=\"color: #ff6600\"><strong>EKSKURZIJA \u2013 DAN DEJAVNOSTI ZA 9. RAZRED, 11. oktober 2022&nbsp;<\/strong><\/span><\/p>\n<p style=\"text-align: justify\">Zame je bil dan zelo dober. Ko smo pri\u0161li v Kobarid, smo pomalicali in si nato od\u0161li ogledat Kobari\u0161ki muzej. Tam nam je vodi\u010d povedal veliko zanimivih stvari o So\u0161ki fronti, oro\u017eju in \u017eivljenju v \u010dasu vojne. Za zaklju\u010dek pa smo si ogledali \u0161e kratko animacijo, ki je predstavila bitko na So\u0161ki fronti.<br \/>\nPo ogledu muzeja smo se z avtobusom odpeljali do Idrije, kjer smo si ogledali Antonijev rov. Rudnik nam je razkazal vodi\u010d in povedal veliko stvari o tem, kaj je \u017eivo srebro, kako so kopali, s \u010dim so kopali \u2026<br \/>\nIz Idrije smo se vrnili v Cerkno, kjer smo si ogledali Bolnico Franja. Vmes smo \u0161e malicali. Vodi\u010dka nam ni uspela povedati vsega, saj se nam je \u017ee mudilo. Pogledali smo si \u0161e vas, ki je vsebovala invalidski dom, bolnico, takrat so imeli \u017ee celo rentgen, ki so ga uporabljali \u0161e kasneje. Po ogledu Bolnice Franje pa smo se odpeljali domov.<\/p>\n<p style=\"text-align: justify\"><em><strong>Benjamin Treven, 9. b<\/strong><\/em><\/p>\n<p style=\"text-align: justify\">&nbsp;<\/p>\n<p style=\"text-align: justify\">Vodi\u010d nam je predstavil podrobnosti o partizanski bolnici Franja. Imenuje se po dr. Franji Bojc Bidovec. Skrita je bila v soteski Pasice. Pot do nje je bila dolga in te\u017eka. Nau\u010dili smo se, kako so takrat \u017eiveli v bolni\u0161nici in kako je potekala oskrba ranjencev. Delovala je od decembra 1943 pa vse do maja leta 1945 in je na sre\u010do nikoli niso odkrili. Med vojno se je tu zdravilo pribli\u017eno 600 ljudi. Po vojni se ni ve\u010d uporabljala. Postala je kulturni spomenik.<\/p>\n<p style=\"text-align: justify\"><em><strong>Jaka Kalamar, 9. a<\/strong><\/em><\/p>\n<p style=\"text-align: justify\">&nbsp;<\/p>\nngg_shortcode_0_placeholder\n","protected":false},"excerpt":{"rendered":"<p>EKSKURZIJA \u2013 DAN DEJAVNOSTI ZA 9. RAZRED, 11. oktober 2022&nbsp; [&hellip;]<\/p>\n","protected":false},"author":56163,"featured_media":27279,"comment_status":"closed","ping_status":"open","sticky":false,"template":"","format":"standard","meta":{"ngg_post_thumbnail":0,"footnotes":""},"categories":[15,55],"tags":[],"class_list":["post-27244","post","type-post","status-publish","format-standard","has-post-thumbnail","hentry","category-dnevi-dejavnosti-2-triada","category-dogajanje"],"_links":{"self":[{"href":"https:\/\/sola-poljane.splet.arnes.si\/index.php?rest_route=\/wp\/v2\/posts\/27244","targetHints":{"allow":["GET"]}}],"collection":[{"href":"https:\/\/sola-poljane.splet.arnes.si\/index.php?rest_route=\/wp\/v2\/posts"}],"about":[{"href":"https:\/\/sola-poljane.splet.arnes.si\/index.php?rest_route=\/wp\/v2\/types\/post"}],"author":[{"embeddable":true,"href":"https:\/\/sola-poljane.splet.arnes.si\/index.php?rest_route=\/wp\/v2\/users\/56163"}],"replies":[{"embeddable":true,"href":"https:\/\/sola-poljane.splet.arnes.si\/index.php?rest_route=%2Fwp%2Fv2%2Fcomments&post=27244"}],"version-history":[{"count":3,"href":"https:\/\/sola-poljane.splet.arnes.si\/index.php?rest_route=\/wp\/v2\/posts\/27244\/revisions"}],"predecessor-version":[{"id":27278,"href":"https:\/\/sola-poljane.splet.arnes.si\/index.php?rest_route=\/wp\/v2\/posts\/27244\/revisions\/27278"}],"wp:featuredmedia":[{"embeddable":true,"href":"https:\/\/sola-poljane.splet.arnes.si\/index.php?rest_route=\/wp\/v2\/media\/27279"}],"wp:attachment":[{"href":"https:\/\/sola-poljane.splet.arnes.si\/index.php?rest_route=%2Fwp%2Fv2%2Fmedia&parent=27244"}],"wp:term":[{"taxonomy":"category","embeddable":true,"href":"https:\/\/sola-poljane.splet.arnes.si\/index.php?rest_route=%2Fwp%2Fv2%2Fcategories&post=27244"},{"taxonomy":"post_tag","embeddable":true,"href":"https:\/\/sola-poljane.splet.arnes.si\/index.php?rest_route=%2Fwp%2Fv2%2Ftags&post=27244"}],"curies":[{"name":"wp","href":"https:\/\/api.w.org\/{rel}","templated":true}]}}