{"id":27198,"date":"2022-10-13T18:53:18","date_gmt":"2022-10-13T16:53:18","guid":{"rendered":"https:\/\/sola-poljane.splet.arnes.si\/?p=27198"},"modified":"2022-10-17T18:43:21","modified_gmt":"2022-10-17T16:43:21","slug":"8-razred-stajerska","status":"publish","type":"post","link":"https:\/\/sola-poljane.splet.arnes.si\/?p=27198","title":{"rendered":"8. razred \u2013 \u0160tajerska"},"content":{"rendered":"<p><span style=\"color: #ff6600\"><strong>EKSKURZIJA \u2013 DAN DEJAVNOSTI ZA 8. RAZRED, 11. oktober 2022&nbsp;<\/strong><\/span><\/p>\n<p style=\"text-align: justify\">Naravoslovni dan mi je bil zelo v\u0161e\u010d. \u017de med vo\u017enjo smo lahko sli\u0161ali nekaj zanimivosti o tem, kam sploh gremo. Pri Pokrajinskem muzeju Celje smo videli dru\u017einsko drevo celjskih grofov, spoznali njihove grbe in se nau\u010dili, da so iz \u0161tirih gradov uspeli priti celo na ve\u010d kot 125 gradov. Videli smo tudi njihove lobanje in spoznali njihovo zgodovino. Najbolj mi je bila v\u0161e\u010d zgodba Friderika II. in Veronike Deseni\u0161ke, bila je zelo zanimiva in kruta. Videli smo tudi mesto pod mestom, Celeio, in izvedeli, kako so Rimljani gradili ceste, ogrevali stanovanja, izdelovali kipe \u2026 Na Starem gradu Celje smo videli stolp Friderika, v katerem je bil zaprt, in si ogledali tudi mu\u010dilne naprave. Za konec pa smo se odpravili v jamo Pekel, ki je dobila ime po podobi hudi\u010da na za\u010detku jame. V notranjosti je bila konstantno mrzla temperatura, videli smo stalagmite, stalaktite in kapni\u0161ke stebre. Na stropu smo zagledali tudi nekaj netopirjev in v vodi rake. Zelo mi je bilo v\u0161e\u010d in upam, da bom tak\u0161en naravoslovni dan \u0161e do\u017eivela.<\/p>\n<p style=\"text-align: justify\"><em><strong>Ema Krek, 8. a<\/strong><\/em><\/p>\n<p style=\"text-align: justify\">&nbsp;<\/p>\n<p style=\"text-align: justify\">Zjutraj smo se s kro\u017enega postajali\u0161\u010da odpeljali in se pribli\u017eno dve uri vozili do Celja. Tam smo se ustavili in pe\u0161 od\u0161li do Pokrajinskega muzeja Celje. V muzeju smo si ogledali zbirko Celjski grofje in razstavo rimske Celeie. Potem smo se odpeljali do Starega gradu v Celju in imeli najprej malo predavanja o zgodovini tega gradu, nato pa smo imeli 20 minut prostega ogleda. Ogledali smo si lahko Friderikov stolp, kjer je bil zaprt grof Friderik. Lahko smo si ogledali tudi zbirko mu\u010dilnih naprav v tistem \u010dasu in kako so \u017eiveli v dolo\u010denem delu gradu. Po ogledu gradu smo se odpeljali v \u0160empeter, natan\u010dneje do jame Pekel. Tudi tam smo imeli voden ogled po jami in v njej smo lahko videli tudi netopirje. Po kon\u010danem ogledu smo se odpeljali nazaj proti Poljanam.<br \/>\nTa ekskurzija se mi je zdela super, veliko stvari smo izvedeli predvsem o Celju v \u010dasu srednjega in starega veka. Izvedeli smo tudi, da se je Celje kot mesto v preteklosti z nasipi dvigovalo.<\/p>\n<p style=\"text-align: justify\"><em><strong>\u017dan Bo\u017enar, 8. a<\/strong><\/em><\/p>\n<p style=\"text-align: justify\">&nbsp;<\/p>\n<p style=\"text-align: justify\">Meni se je ekskurzija zdela kar v redu. Najbolj mi je bil v\u0161e\u010d, ko smo bili v jami. Malo je bilo dolgo\u010dasno, ko smo bili na gradu, ampak to me ni tako motilo. Dobra stvar je bila, da smo lahko \u0161li na stolp in ob\u010dudovali razgled. V\u0161e\u010d mi je bilo, ko smo videli lobanje. Izlet mi je bil&nbsp;v\u0161e\u010d in mislim, da je \u0160tajerska zelo lepa pokrajina.<\/p>\n<p style=\"text-align: justify\"><em><strong>Ema Kr\u017ei\u0161nik, 8. b<\/strong><\/em><\/p>\n<p>&nbsp;<\/p>\n<p style=\"text-align: justify\">Ogledali smo si mesto Celje. V Kne\u017ejem dvoru smo si ogledali arheolo\u0161ko razstavi\u0161\u010de Celeia \u2013 mesto pod mestom; tam smo videli rimsko cesto, kako so se Rimljani ogrevali, ogledali smo si tudi lobanje celjskih grofov. Potem smo se z avtobusom odpeljali na Stari grad. Najbolj mi je bil v\u0161e\u010d Friderikov stolp. V tem stolpu je bil zaprt, ker se je poro\u010dil z \u017eensko ni\u017ejega sloja. Imeli smo tudi lep razgled na mesto Celje z okolico.<br \/>\nNa koncu smo se odpeljali \u0161e do jame Pekel. Videli smo kapnike in druge kra\u0161ke oblike. Jama mi je bila v\u0161e\u010d, ker ni tako turisti\u010dno oblegana kot Postojnska jama.<br \/>\nEkskurzija mi je bila v\u0161e\u010d. Prvi\u010d sem bil v Celju. Izvedel se veliko novih stvari.<\/p>\n<p style=\"text-align: justify\"><em><strong>Matev\u017e Peternel, 8. b<\/strong><\/em><\/p>\n<p style=\"text-align: justify\">&nbsp;<\/p>\nngg_shortcode_0_placeholder\n","protected":false},"excerpt":{"rendered":"<p>EKSKURZIJA \u2013 DAN DEJAVNOSTI ZA 8. RAZRED, 11. oktober 2022&nbsp; [&hellip;]<\/p>\n","protected":false},"author":56163,"featured_media":27242,"comment_status":"closed","ping_status":"open","sticky":false,"template":"","format":"standard","meta":{"ngg_post_thumbnail":0,"footnotes":""},"categories":[15,55],"tags":[],"class_list":["post-27198","post","type-post","status-publish","format-standard","has-post-thumbnail","hentry","category-dnevi-dejavnosti-2-triada","category-dogajanje"],"_links":{"self":[{"href":"https:\/\/sola-poljane.splet.arnes.si\/index.php?rest_route=\/wp\/v2\/posts\/27198","targetHints":{"allow":["GET"]}}],"collection":[{"href":"https:\/\/sola-poljane.splet.arnes.si\/index.php?rest_route=\/wp\/v2\/posts"}],"about":[{"href":"https:\/\/sola-poljane.splet.arnes.si\/index.php?rest_route=\/wp\/v2\/types\/post"}],"author":[{"embeddable":true,"href":"https:\/\/sola-poljane.splet.arnes.si\/index.php?rest_route=\/wp\/v2\/users\/56163"}],"replies":[{"embeddable":true,"href":"https:\/\/sola-poljane.splet.arnes.si\/index.php?rest_route=%2Fwp%2Fv2%2Fcomments&post=27198"}],"version-history":[{"count":3,"href":"https:\/\/sola-poljane.splet.arnes.si\/index.php?rest_route=\/wp\/v2\/posts\/27198\/revisions"}],"predecessor-version":[{"id":27442,"href":"https:\/\/sola-poljane.splet.arnes.si\/index.php?rest_route=\/wp\/v2\/posts\/27198\/revisions\/27442"}],"wp:featuredmedia":[{"embeddable":true,"href":"https:\/\/sola-poljane.splet.arnes.si\/index.php?rest_route=\/wp\/v2\/media\/27242"}],"wp:attachment":[{"href":"https:\/\/sola-poljane.splet.arnes.si\/index.php?rest_route=%2Fwp%2Fv2%2Fmedia&parent=27198"}],"wp:term":[{"taxonomy":"category","embeddable":true,"href":"https:\/\/sola-poljane.splet.arnes.si\/index.php?rest_route=%2Fwp%2Fv2%2Fcategories&post=27198"},{"taxonomy":"post_tag","embeddable":true,"href":"https:\/\/sola-poljane.splet.arnes.si\/index.php?rest_route=%2Fwp%2Fv2%2Ftags&post=27198"}],"curies":[{"name":"wp","href":"https:\/\/api.w.org\/{rel}","templated":true}]}}