{"id":27163,"date":"2022-10-13T18:40:07","date_gmt":"2022-10-13T16:40:07","guid":{"rendered":"https:\/\/sola-poljane.splet.arnes.si\/?p=27163"},"modified":"2022-10-20T21:48:33","modified_gmt":"2022-10-20T19:48:33","slug":"sedmosolci-na-krasu","status":"publish","type":"post","link":"https:\/\/sola-poljane.splet.arnes.si\/?p=27163","title":{"rendered":"Sedmo\u0161olci na Krasu"},"content":{"rendered":"<p><strong><span style=\"color: #ff6600\">EKSKURZIJA \u2013 DAN DEJAVNOSTI ZA 7. RAZRED, 11. oktober 2022&nbsp;<\/span><\/strong><\/p>\n<p>U\u010denci sedmega razreda smo se v prijetnem jesenskem vremenu potepali po Krasu. V Lipici so nas navdu\u0161ili \u010dudoviti konji, jama Vilenica nas je o\u010darala s kapniki najrazli\u010dnej\u0161ih oblik, na sprehodu skozi \u0160tanjel pa smo se za kratek \u010das prestavili v preteklost &#8230;<\/p>\n<p>&nbsp;<\/p>\n<p style=\"text-align: center\"><span style=\"color: #ff6600\"><strong>***********************************<\/strong><\/span><\/p>\n<p>&nbsp;<\/p>\n<p style=\"text-align: justify\">V torek, 11. oktobra 2022, smo se zjutraj ob 7.35 odpravili iz Poljan. V Lipico smo prispeli ob 9.30. Najprej smo pomalicali, potem pa smo si od\u0161li ogledat konje v hlev, kjer smo poslu\u0161ali razlago o lipicancih. Izvedeli smo, da obstajajo tudi \u010drni lipicanci. Imeli smo kratek sprehod, dokler se nismo ustavili, da bi si ogledali muzej konjev. V muzeju smo lahko tudi poskusili, kako je sedeti na konju. Ura je odbila 11.30, ko smo se odpravili iz Lipice.<br \/>\nOdpeljali smo se v jamo Vilenica. Tam smo prehodili malo ve\u010d kot 900 stopnic v obe smeri skupaj. Ko smo pri\u0161li do polovice ogleda, so nam pokazali zanimive figure v jami. Po koncu ogleda smo se \u0161e slikali in od\u0161li nazaj na avtobus.<br \/>\nOdpeljali smo se do \u0160tanjela. Vo\u017enja je trajala pribli\u017eno 40 minut, ko se nam je odprl pogled na \u0160tanjel. Z vodi\u010dko smo od\u0161li na kratek sprehod po naselju \u0160tanjel. Ob sprehodu smo si ogledali Ferarijev vrt, kjer smo videli bazen s fontano in otokom. Nato smo se odpravili na grajski vrt, kjer smo pomalicali in kon\u010dali svoj ogled. Domov smo se pripeljali ob 16.40. Takrat smo vsi izstopili iz avtobusa in se odpravili vsak po svoje.<\/p>\n<p style=\"text-align: justify\"><em><strong>Ga\u0161per D., Lovro P., 7. a<\/strong><\/em><\/p>\n<p>&nbsp;<\/p>\nngg_shortcode_0_placeholder\n","protected":false},"excerpt":{"rendered":"<p>EKSKURZIJA \u2013 DAN DEJAVNOSTI ZA 7. RAZRED, 11. oktober 2022&nbsp; [&hellip;]<\/p>\n","protected":false},"author":56163,"featured_media":27196,"comment_status":"closed","ping_status":"open","sticky":false,"template":"","format":"standard","meta":{"ngg_post_thumbnail":0,"footnotes":""},"categories":[15,55],"tags":[],"class_list":["post-27163","post","type-post","status-publish","format-standard","has-post-thumbnail","hentry","category-dnevi-dejavnosti-2-triada","category-dogajanje"],"_links":{"self":[{"href":"https:\/\/sola-poljane.splet.arnes.si\/index.php?rest_route=\/wp\/v2\/posts\/27163","targetHints":{"allow":["GET"]}}],"collection":[{"href":"https:\/\/sola-poljane.splet.arnes.si\/index.php?rest_route=\/wp\/v2\/posts"}],"about":[{"href":"https:\/\/sola-poljane.splet.arnes.si\/index.php?rest_route=\/wp\/v2\/types\/post"}],"author":[{"embeddable":true,"href":"https:\/\/sola-poljane.splet.arnes.si\/index.php?rest_route=\/wp\/v2\/users\/56163"}],"replies":[{"embeddable":true,"href":"https:\/\/sola-poljane.splet.arnes.si\/index.php?rest_route=%2Fwp%2Fv2%2Fcomments&post=27163"}],"version-history":[{"count":6,"href":"https:\/\/sola-poljane.splet.arnes.si\/index.php?rest_route=\/wp\/v2\/posts\/27163\/revisions"}],"predecessor-version":[{"id":27495,"href":"https:\/\/sola-poljane.splet.arnes.si\/index.php?rest_route=\/wp\/v2\/posts\/27163\/revisions\/27495"}],"wp:featuredmedia":[{"embeddable":true,"href":"https:\/\/sola-poljane.splet.arnes.si\/index.php?rest_route=\/wp\/v2\/media\/27196"}],"wp:attachment":[{"href":"https:\/\/sola-poljane.splet.arnes.si\/index.php?rest_route=%2Fwp%2Fv2%2Fmedia&parent=27163"}],"wp:term":[{"taxonomy":"category","embeddable":true,"href":"https:\/\/sola-poljane.splet.arnes.si\/index.php?rest_route=%2Fwp%2Fv2%2Fcategories&post=27163"},{"taxonomy":"post_tag","embeddable":true,"href":"https:\/\/sola-poljane.splet.arnes.si\/index.php?rest_route=%2Fwp%2Fv2%2Ftags&post=27163"}],"curies":[{"name":"wp","href":"https:\/\/api.w.org\/{rel}","templated":true}]}}