{"id":271,"date":"2010-01-22T07:53:42","date_gmt":"2010-01-22T06:53:42","guid":{"rendered":"http:\/\/www.sola-poljane.si\/cs\/?p=271"},"modified":"2010-01-22T07:53:42","modified_gmt":"2010-01-22T06:53:42","slug":"zimska-sola-v-naravi-za-ucence-6-razreda","status":"publish","type":"post","link":"https:\/\/sola-poljane.splet.arnes.si\/?p=271","title":{"rendered":"Zimska \u0161ola v naravi za u\u010dence 6. razreda"},"content":{"rendered":"<p>\u010crni vrh nad Cerknim od\u00a0 12.01.\u00a0 do\u00a0\u00a0 16. 01. 2010<\/p>\n<p>V \u00a0torek, 12. januarja 2010\u00a0 so se u\u010denci 6. razreda odpravili\u00a0 na\u00a0 pet-dnevno zimsko \u0161olo v naravi, ki se je izvajala na smu\u010di\u0161\u010du Cerkno.<\/p>\n<p>Glavni cilj je bil nau\u010diti se smu\u010dati tako, da bom varen sam in da ne bom ogro\u017eal drugih na smu\u010di\u0161\u010du. Poleg smu\u010danja so bili u\u010denci dele\u017eni \u0161e ur plavanja v bazenu v Cerknem, prisluhnili so Matja\u017eu Mraku, ki jih je preko diapozitivov popeljal na turno smuko v \u0160vicarske Alpe. U\u010denci so si ogledali Cerkljanski muzej in se seznanili z \u017eivljenjem v teh krajih neko\u010d, z navdu\u0161enjem pa so si ogledali oddelek pustnih mask &#8211;\u00a0 laufarjev.<\/p>\n<p>Nepozaben je bil ve\u010der, ko so lahko zaplesali in se po svoje zabavali.<\/p>\n<p>Dnevi so minili hitro, u\u010denci so bili navdu\u0161eni in po njihovem pripovedovanju, bi ostali \u0161e nekaj dni.<\/p>\nngg_shortcode_0_placeholder\n","protected":false},"excerpt":{"rendered":"<p>\u010crni vrh nad Cerknim od\u00a0 12.01.\u00a0 do\u00a0\u00a0 16. 01. 2010 [&hellip;]<\/p>\n","protected":false},"author":1973,"featured_media":0,"comment_status":"closed","ping_status":"closed","sticky":false,"template":"","format":"standard","meta":{"ngg_post_thumbnail":0,"footnotes":""},"categories":[15,9,1],"tags":[],"class_list":["post-271","post","type-post","status-publish","format-standard","hentry","category-dnevi-dejavnosti-2-triada","category-nekategorizirano","category-nerazvrsceno"],"_links":{"self":[{"href":"https:\/\/sola-poljane.splet.arnes.si\/index.php?rest_route=\/wp\/v2\/posts\/271","targetHints":{"allow":["GET"]}}],"collection":[{"href":"https:\/\/sola-poljane.splet.arnes.si\/index.php?rest_route=\/wp\/v2\/posts"}],"about":[{"href":"https:\/\/sola-poljane.splet.arnes.si\/index.php?rest_route=\/wp\/v2\/types\/post"}],"author":[{"embeddable":true,"href":"https:\/\/sola-poljane.splet.arnes.si\/index.php?rest_route=\/wp\/v2\/users\/1973"}],"replies":[{"embeddable":true,"href":"https:\/\/sola-poljane.splet.arnes.si\/index.php?rest_route=%2Fwp%2Fv2%2Fcomments&post=271"}],"version-history":[{"count":0,"href":"https:\/\/sola-poljane.splet.arnes.si\/index.php?rest_route=\/wp\/v2\/posts\/271\/revisions"}],"wp:attachment":[{"href":"https:\/\/sola-poljane.splet.arnes.si\/index.php?rest_route=%2Fwp%2Fv2%2Fmedia&parent=271"}],"wp:term":[{"taxonomy":"category","embeddable":true,"href":"https:\/\/sola-poljane.splet.arnes.si\/index.php?rest_route=%2Fwp%2Fv2%2Fcategories&post=271"},{"taxonomy":"post_tag","embeddable":true,"href":"https:\/\/sola-poljane.splet.arnes.si\/index.php?rest_route=%2Fwp%2Fv2%2Ftags&post=271"}],"curies":[{"name":"wp","href":"https:\/\/api.w.org\/{rel}","templated":true}]}}