{"id":26918,"date":"2022-10-10T16:51:37","date_gmt":"2022-10-10T14:51:37","guid":{"rendered":"https:\/\/sola-poljane.splet.arnes.si\/?p=26918"},"modified":"2022-10-10T20:17:59","modified_gmt":"2022-10-10T18:17:59","slug":"drugosolci-na-goro","status":"publish","type":"post","link":"https:\/\/sola-poljane.splet.arnes.si\/?p=26918","title":{"rendered":"Drugo\u0161olci na Goro"},"content":{"rendered":"<p style=\"text-align: justify\">V petek, 7. 10. 2022, so drugo\u0161olci izvedli prvi \u0161portni dan \u2013 <span style=\"color: #008000\"><strong>pohod na Goro<\/strong><\/span>. Lepo son\u010dno in toplo vreme je pripomoglo k veselemu razpolo\u017eenju, hoja \u010dez drn in strn pa k prijetni utrujenosti ob zaklju\u010dku pohoda.<\/p>\n<p style=\"text-align: justify\"><strong>Nekaj drugo\u0161olcev je povedalo:<\/strong><\/p>\n<p style=\"text-align: justify\"><em>Do Malenskega Vrha smo se peljali s kombijem.<br \/>\n<\/em><em>Med hojo smo videli veliko gob \u2013 &#8220;marel&#8221;.<br \/>\n<\/em><em>Nabirali smo kostanj in \u017eelod. Nabrali smo jih celo vre\u010do.<br \/>\n<\/em><em>Pri cerkvi na Gori smo malicali, telovadili in se zabavali.<br \/>\n<\/em><em>Pri so\u0161olcu so nas pogostili s pecivom.<br \/>\n<\/em><em>Imeli smo se zelo dobro.<\/em><\/p>\n<p><em><strong>Irma \u010cade\u017e<\/strong><\/em><\/p>\n<p>&nbsp;<\/p>\nngg_shortcode_0_placeholder\n","protected":false},"excerpt":{"rendered":"<p>V petek, 7. 10. 2022, so drugo\u0161olci izvedli prvi \u0161portni [&hellip;]<\/p>\n","protected":false},"author":56163,"featured_media":27063,"comment_status":"closed","ping_status":"open","sticky":false,"template":"","format":"standard","meta":{"ngg_post_thumbnail":0,"footnotes":""},"categories":[7,55],"tags":[],"class_list":["post-26918","post","type-post","status-publish","format-standard","has-post-thumbnail","hentry","category-dnevi-dejavnosti","category-dogajanje"],"_links":{"self":[{"href":"https:\/\/sola-poljane.splet.arnes.si\/index.php?rest_route=\/wp\/v2\/posts\/26918","targetHints":{"allow":["GET"]}}],"collection":[{"href":"https:\/\/sola-poljane.splet.arnes.si\/index.php?rest_route=\/wp\/v2\/posts"}],"about":[{"href":"https:\/\/sola-poljane.splet.arnes.si\/index.php?rest_route=\/wp\/v2\/types\/post"}],"author":[{"embeddable":true,"href":"https:\/\/sola-poljane.splet.arnes.si\/index.php?rest_route=\/wp\/v2\/users\/56163"}],"replies":[{"embeddable":true,"href":"https:\/\/sola-poljane.splet.arnes.si\/index.php?rest_route=%2Fwp%2Fv2%2Fcomments&post=26918"}],"version-history":[{"count":5,"href":"https:\/\/sola-poljane.splet.arnes.si\/index.php?rest_route=\/wp\/v2\/posts\/26918\/revisions"}],"predecessor-version":[{"id":27120,"href":"https:\/\/sola-poljane.splet.arnes.si\/index.php?rest_route=\/wp\/v2\/posts\/26918\/revisions\/27120"}],"wp:featuredmedia":[{"embeddable":true,"href":"https:\/\/sola-poljane.splet.arnes.si\/index.php?rest_route=\/wp\/v2\/media\/27063"}],"wp:attachment":[{"href":"https:\/\/sola-poljane.splet.arnes.si\/index.php?rest_route=%2Fwp%2Fv2%2Fmedia&parent=26918"}],"wp:term":[{"taxonomy":"category","embeddable":true,"href":"https:\/\/sola-poljane.splet.arnes.si\/index.php?rest_route=%2Fwp%2Fv2%2Fcategories&post=26918"},{"taxonomy":"post_tag","embeddable":true,"href":"https:\/\/sola-poljane.splet.arnes.si\/index.php?rest_route=%2Fwp%2Fv2%2Ftags&post=26918"}],"curies":[{"name":"wp","href":"https:\/\/api.w.org\/{rel}","templated":true}]}}