{"id":2685,"date":"2013-05-31T09:36:25","date_gmt":"2013-05-31T08:36:25","guid":{"rendered":"http:\/\/www.sola-poljane.si\/cs\/?p=2685"},"modified":"2013-05-31T09:36:25","modified_gmt":"2013-05-31T08:36:25","slug":"sola-v-naravi-za-ucence-8-razreda","status":"publish","type":"post","link":"https:\/\/sola-poljane.splet.arnes.si\/?p=2685","title":{"rendered":"\u0160ola v naravi za u\u010dence 8. razreda"},"content":{"rendered":"<p style=\"text-align: justify\">Od ponedeljka, 20. maja, do petka, 24. maja 2013, smo u\u010denci 8. razredov pre\u017eiveli teden v \u0161oli v naravi v Centru \u0161olskih in ob\u0161olskih dejavnosti Bohinj. Tam nismo bili sami, ampak so bili z nami tudi u\u010denci Osnovne \u0161ole Gornji Petrovci iz Prekmurja. Razdelili so nas na tri skupine \u2212\u00a0ena od njih je bila skupina iz Prekmurja, drugi dve pa iz na\u0161e \u0161ole (8. a in 8. b). Po teh skupinah smo opravljali razli\u010dne dejavnosti, kot so kolesarjenje, lokostrelstvo, plezanje, vo\u017enja s kanuji, plan\u0161arstvo \u2026 Vsak ve\u010der smo imeli posebno dejavnost, kot na primer spoznavanje druge \u0161ole, no\u010dni pohod, cirkus \u2026 Najbolj veseli smo bili velike koli\u010dine prostega \u010dasa. Do\u017eiveli smo tudi vreme vseh letnih \u010dasov (<img decoding=\"async\" alt=\"\" src=\"https:\/\/mail.google.com\/mail\/ca\/u\/0\/e\/gtalk.328\" \/>\u00a0zadnji dan je sne\u017eilo\u00a0<img decoding=\"async\" alt=\"\" src=\"https:\/\/mail.google.com\/mail\/ca\/u\/0\/e\/003\" \/>\u00a0). Pre\u017eiveli smo veliko lepega \u010dasa in spletli nova prijateljstva.<\/p>\n<p style=\"text-align: justify\">Povezava <a href=\"http:\/\/www2.arnes.si\/~oskrpo1s\/PHOTO\/SVN_8r_Bohinj.zip\">do celotne mape s slikami in nekaj videoposnetki (2,9 GB)<\/a>.<\/p>\n<p><em>Ana Dem\u0161ar in Barbara \u017deleznik, 8. b<\/em><\/p>\n<p>1. dan<\/p>\nngg_shortcode_0_placeholder\n<p>&nbsp;<\/p>\n<p>2. dan<\/p>\nngg_shortcode_1_placeholder\n<p>&nbsp;<\/p>\n<p>3. dan<\/p>\nngg_shortcode_2_placeholder\n<p>&nbsp;<\/p>\n<p>4. dan<\/p>\nngg_shortcode_3_placeholder\n<p>&nbsp;<\/p>\n<p>5. dan<\/p>\nngg_shortcode_4_placeholder\n","protected":false},"excerpt":{"rendered":"<p>Od ponedeljka, 20. maja, do petka, 24. maja 2013, smo [&hellip;]<\/p>\n","protected":false},"author":1973,"featured_media":0,"comment_status":"closed","ping_status":"open","sticky":false,"template":"","format":"standard","meta":{"ngg_post_thumbnail":0,"footnotes":""},"categories":[39,29,9,1],"tags":[],"class_list":["post-2685","post","type-post","status-publish","format-standard","hentry","category-3-triletje","category-dnevi-dejavnosti-3-triada","category-nekategorizirano","category-nerazvrsceno"],"_links":{"self":[{"href":"https:\/\/sola-poljane.splet.arnes.si\/index.php?rest_route=\/wp\/v2\/posts\/2685","targetHints":{"allow":["GET"]}}],"collection":[{"href":"https:\/\/sola-poljane.splet.arnes.si\/index.php?rest_route=\/wp\/v2\/posts"}],"about":[{"href":"https:\/\/sola-poljane.splet.arnes.si\/index.php?rest_route=\/wp\/v2\/types\/post"}],"author":[{"embeddable":true,"href":"https:\/\/sola-poljane.splet.arnes.si\/index.php?rest_route=\/wp\/v2\/users\/1973"}],"replies":[{"embeddable":true,"href":"https:\/\/sola-poljane.splet.arnes.si\/index.php?rest_route=%2Fwp%2Fv2%2Fcomments&post=2685"}],"version-history":[{"count":0,"href":"https:\/\/sola-poljane.splet.arnes.si\/index.php?rest_route=\/wp\/v2\/posts\/2685\/revisions"}],"wp:attachment":[{"href":"https:\/\/sola-poljane.splet.arnes.si\/index.php?rest_route=%2Fwp%2Fv2%2Fmedia&parent=2685"}],"wp:term":[{"taxonomy":"category","embeddable":true,"href":"https:\/\/sola-poljane.splet.arnes.si\/index.php?rest_route=%2Fwp%2Fv2%2Fcategories&post=2685"},{"taxonomy":"post_tag","embeddable":true,"href":"https:\/\/sola-poljane.splet.arnes.si\/index.php?rest_route=%2Fwp%2Fv2%2Ftags&post=2685"}],"curies":[{"name":"wp","href":"https:\/\/api.w.org\/{rel}","templated":true}]}}