{"id":26792,"date":"2022-10-01T18:49:40","date_gmt":"2022-10-01T16:49:40","guid":{"rendered":"https:\/\/sola-poljane.splet.arnes.si\/?p=26792"},"modified":"2022-10-01T18:49:40","modified_gmt":"2022-10-01T16:49:40","slug":"september-v-1-razredu","status":"publish","type":"post","link":"https:\/\/sola-poljane.splet.arnes.si\/?p=26792","title":{"rendered":"September v 1. razredu"},"content":{"rendered":"<p style=\"text-align: justify\">Komaj so prvo\u0161olci prestopili \u0161olski prag, \u017ee so se za\u010dele nove dogodiv\u0161\u010dine.<\/p>\n<p style=\"text-align: justify\">V prvem tednu smo <span style=\"color: #008000\"><strong>likovno umetnost \u0161portno obarvali<\/strong> <\/span>\u2013 s \u010drtami in pikami smo zapolnili majice na\u0161ih ko\u0161arkarjev. V drugem tednu smo za rep ujeli zadnji lep dan pred dolgotrajnim de\u017eevjem in ga izkoristili za <span style=\"color: #800000\"><strong>prvi \u0161portni dan<\/strong><\/span>. Povzpeli smo se na Goro nad Malenskim Vrhom. Tudi tretji teden so bili u\u010denci \u0161portno aktivni, saj so sodelovali v akciji Atletske zveze Slovenije <span style=\"color: #000080\"><strong>\u00bbMno\u017ei\u010dni tek otrok 2022\u00ab<\/strong><\/span>. Novi dogodki pa \u010dakajo na son\u010den dan.<\/p>\n<p><span style=\"color: #000000\"><em><strong>U\u010diteljice prvo\u0161olcev<\/strong><\/em><\/span><\/p>\n<p>&nbsp;<\/p>\nngg_shortcode_0_placeholder\n","protected":false},"excerpt":{"rendered":"<p>Komaj so prvo\u0161olci prestopili \u0161olski prag, \u017ee so se za\u010dele [&hellip;]<\/p>\n","protected":false},"author":56163,"featured_media":26824,"comment_status":"closed","ping_status":"open","sticky":false,"template":"","format":"standard","meta":{"ngg_post_thumbnail":0,"footnotes":""},"categories":[7,55],"tags":[],"class_list":["post-26792","post","type-post","status-publish","format-standard","has-post-thumbnail","hentry","category-dnevi-dejavnosti","category-dogajanje"],"_links":{"self":[{"href":"https:\/\/sola-poljane.splet.arnes.si\/index.php?rest_route=\/wp\/v2\/posts\/26792","targetHints":{"allow":["GET"]}}],"collection":[{"href":"https:\/\/sola-poljane.splet.arnes.si\/index.php?rest_route=\/wp\/v2\/posts"}],"about":[{"href":"https:\/\/sola-poljane.splet.arnes.si\/index.php?rest_route=\/wp\/v2\/types\/post"}],"author":[{"embeddable":true,"href":"https:\/\/sola-poljane.splet.arnes.si\/index.php?rest_route=\/wp\/v2\/users\/56163"}],"replies":[{"embeddable":true,"href":"https:\/\/sola-poljane.splet.arnes.si\/index.php?rest_route=%2Fwp%2Fv2%2Fcomments&post=26792"}],"version-history":[{"count":6,"href":"https:\/\/sola-poljane.splet.arnes.si\/index.php?rest_route=\/wp\/v2\/posts\/26792\/revisions"}],"predecessor-version":[{"id":26823,"href":"https:\/\/sola-poljane.splet.arnes.si\/index.php?rest_route=\/wp\/v2\/posts\/26792\/revisions\/26823"}],"wp:featuredmedia":[{"embeddable":true,"href":"https:\/\/sola-poljane.splet.arnes.si\/index.php?rest_route=\/wp\/v2\/media\/26824"}],"wp:attachment":[{"href":"https:\/\/sola-poljane.splet.arnes.si\/index.php?rest_route=%2Fwp%2Fv2%2Fmedia&parent=26792"}],"wp:term":[{"taxonomy":"category","embeddable":true,"href":"https:\/\/sola-poljane.splet.arnes.si\/index.php?rest_route=%2Fwp%2Fv2%2Fcategories&post=26792"},{"taxonomy":"post_tag","embeddable":true,"href":"https:\/\/sola-poljane.splet.arnes.si\/index.php?rest_route=%2Fwp%2Fv2%2Ftags&post=26792"}],"curies":[{"name":"wp","href":"https:\/\/api.w.org\/{rel}","templated":true}]}}