{"id":26762,"date":"2022-09-27T12:11:19","date_gmt":"2022-09-27T10:11:19","guid":{"rendered":"https:\/\/sola-poljane.splet.arnes.si\/?p=26762"},"modified":"2022-09-27T12:11:19","modified_gmt":"2022-09-27T10:11:19","slug":"zacni-mlad-tekmuj-posteno","status":"publish","type":"post","link":"https:\/\/sola-poljane.splet.arnes.si\/?p=26762","title":{"rendered":"Za\u010dni mlad, tekmuj po\u0161teno"},"content":{"rendered":"<p style=\"text-align: justify\">Ve\u010d kot 130 u\u010denk in u\u010dencev prvih treh razredov z mati\u010dne in podru\u017eni\u010dne \u0161ole je <span style=\"color: #008000\"><strong>v sredo, 21. septembra<\/strong><\/span>, na povabilo <span style=\"color: #008000\">Atletske zveze Slovenije<\/span> sodelovalo na najbolj mno\u017ei\u010dnem otro\u0161kem teka\u0161kem dogodku v Sloveniji. Prav vsi sodelujo\u010di u\u010denci so uspe\u0161no pretekli razdaljo <span style=\"color: #008000\">200 metrov<\/span>, kar je \u0161e dodatno vplivalo na razigrano vzdu\u0161je mladih teka\u010dev.<\/p>\n<p>&nbsp;<\/p>\nngg_shortcode_0_placeholder\n","protected":false},"excerpt":{"rendered":"<p>Ve\u010d kot 130 u\u010denk in u\u010dencev prvih treh razredov z [&hellip;]<\/p>\n","protected":false},"author":56163,"featured_media":26778,"comment_status":"closed","ping_status":"open","sticky":false,"template":"","format":"standard","meta":{"ngg_post_thumbnail":0,"footnotes":""},"categories":[33,55],"tags":[],"class_list":["post-26762","post","type-post","status-publish","format-standard","has-post-thumbnail","hentry","category-1-triletje","category-dogajanje"],"_links":{"self":[{"href":"https:\/\/sola-poljane.splet.arnes.si\/index.php?rest_route=\/wp\/v2\/posts\/26762","targetHints":{"allow":["GET"]}}],"collection":[{"href":"https:\/\/sola-poljane.splet.arnes.si\/index.php?rest_route=\/wp\/v2\/posts"}],"about":[{"href":"https:\/\/sola-poljane.splet.arnes.si\/index.php?rest_route=\/wp\/v2\/types\/post"}],"author":[{"embeddable":true,"href":"https:\/\/sola-poljane.splet.arnes.si\/index.php?rest_route=\/wp\/v2\/users\/56163"}],"replies":[{"embeddable":true,"href":"https:\/\/sola-poljane.splet.arnes.si\/index.php?rest_route=%2Fwp%2Fv2%2Fcomments&post=26762"}],"version-history":[{"count":3,"href":"https:\/\/sola-poljane.splet.arnes.si\/index.php?rest_route=\/wp\/v2\/posts\/26762\/revisions"}],"predecessor-version":[{"id":26779,"href":"https:\/\/sola-poljane.splet.arnes.si\/index.php?rest_route=\/wp\/v2\/posts\/26762\/revisions\/26779"}],"wp:featuredmedia":[{"embeddable":true,"href":"https:\/\/sola-poljane.splet.arnes.si\/index.php?rest_route=\/wp\/v2\/media\/26778"}],"wp:attachment":[{"href":"https:\/\/sola-poljane.splet.arnes.si\/index.php?rest_route=%2Fwp%2Fv2%2Fmedia&parent=26762"}],"wp:term":[{"taxonomy":"category","embeddable":true,"href":"https:\/\/sola-poljane.splet.arnes.si\/index.php?rest_route=%2Fwp%2Fv2%2Fcategories&post=26762"},{"taxonomy":"post_tag","embeddable":true,"href":"https:\/\/sola-poljane.splet.arnes.si\/index.php?rest_route=%2Fwp%2Fv2%2Ftags&post=26762"}],"curies":[{"name":"wp","href":"https:\/\/api.w.org\/{rel}","templated":true}]}}