{"id":262,"date":"2010-01-08T11:14:43","date_gmt":"2010-01-08T10:14:43","guid":{"rendered":"http:\/\/www.sola-poljane.si\/cs\/?p=262"},"modified":"2010-01-08T11:14:43","modified_gmt":"2010-01-08T10:14:43","slug":"bozicno-novoletni-koncert-in-razstava-del-iveta-subica","status":"publish","type":"post","link":"https:\/\/sola-poljane.splet.arnes.si\/?p=262","title":{"rendered":"Bo\u017ei\u010dno-novoletni koncert in razstava del Iveta \u0160ubica"},"content":{"rendered":"<p>V \u010detrtek, 7.1.2010, so u\u010denci \u0161ole pripravili bo\u017ei\u010dno-novoletni koncert. Poslu\u0161alce so razvedrili z nastopom otro\u0161kega in mladinskega pevskega zbora, ki ju je spremljal Matja\u017e Slabe s kitaro. U\u010denci so uprizorili tudi ve\u010d odlomkov iz del mladinskega in otro\u0161kega leposlovja in program povezovali s prazni\u010dnimi  mislimi. Predstavo je popestril nastop plesnih skupin pod mentorstvom Petre Slabe.<\/p>\n<p>Po prireditvi je ravnateljica Ivanka Oblak zbrane povabila na prilo\u017enostno razstavo risb ter otro\u0161ke in mladinske literature, ki jo je opremil doma\u010din,  akademski slikar, Ive  \u0160ubic.\u00a0 Razstavo so ob 20 letnici umetnikove smrti pripravili v sodelovanju z njegovimi najbli\u017ejimi. V njih se odra\u017ea ljubezen do otrok, za katere je risal in ljubezen do narave, ki jo je tako rad upodabljal. \u0160tevilne risbe se niso nikoli vrnile nazaj  iz zalo\u017eb,  zato je razstava teh del \u0161e toliko bolj dragocena.<\/p>\n<p>Na ogled so bili tudi izbrani letniki revije Pionir, ki jih je opremil z risbami \u017eivali ter eden od letnikov otro\u0161ke revije Ciciban z naslovnicami ptic, ki so bili eden od njegovih priljubljenih motivov.<\/p>\n<p>Poleg risb je razstavljeno tudi slikarsko stojalo z njegovim zadnjim delom in slikarskimi potreb\u0161\u010dinami ter mav\u010dni odlitek doprsnega kipa, ki ga je za Alejo znamenitih Lo\u010danov izdelal akademski kipar Metod Frlic, mav\u010dni odlitek pa podaril \u0161oli.<\/p>\nngg_shortcode_0_placeholder\n","protected":false},"excerpt":{"rendered":"<p>V \u010detrtek, 7.1.2010, so u\u010denci \u0161ole pripravili bo\u017ei\u010dno-novoletni koncert. Poslu\u0161alce [&hellip;]<\/p>\n","protected":false},"author":1973,"featured_media":0,"comment_status":"closed","ping_status":"closed","sticky":false,"template":"","format":"standard","meta":{"ngg_post_thumbnail":0,"footnotes":""},"categories":[9,1,25],"tags":[],"class_list":["post-262","post","type-post","status-publish","format-standard","hentry","category-nekategorizirano","category-nerazvrsceno","category-prireditve"],"_links":{"self":[{"href":"https:\/\/sola-poljane.splet.arnes.si\/index.php?rest_route=\/wp\/v2\/posts\/262","targetHints":{"allow":["GET"]}}],"collection":[{"href":"https:\/\/sola-poljane.splet.arnes.si\/index.php?rest_route=\/wp\/v2\/posts"}],"about":[{"href":"https:\/\/sola-poljane.splet.arnes.si\/index.php?rest_route=\/wp\/v2\/types\/post"}],"author":[{"embeddable":true,"href":"https:\/\/sola-poljane.splet.arnes.si\/index.php?rest_route=\/wp\/v2\/users\/1973"}],"replies":[{"embeddable":true,"href":"https:\/\/sola-poljane.splet.arnes.si\/index.php?rest_route=%2Fwp%2Fv2%2Fcomments&post=262"}],"version-history":[{"count":0,"href":"https:\/\/sola-poljane.splet.arnes.si\/index.php?rest_route=\/wp\/v2\/posts\/262\/revisions"}],"wp:attachment":[{"href":"https:\/\/sola-poljane.splet.arnes.si\/index.php?rest_route=%2Fwp%2Fv2%2Fmedia&parent=262"}],"wp:term":[{"taxonomy":"category","embeddable":true,"href":"https:\/\/sola-poljane.splet.arnes.si\/index.php?rest_route=%2Fwp%2Fv2%2Fcategories&post=262"},{"taxonomy":"post_tag","embeddable":true,"href":"https:\/\/sola-poljane.splet.arnes.si\/index.php?rest_route=%2Fwp%2Fv2%2Ftags&post=262"}],"curies":[{"name":"wp","href":"https:\/\/api.w.org\/{rel}","templated":true}]}}