{"id":25981,"date":"2022-06-22T08:22:56","date_gmt":"2022-06-22T06:22:56","guid":{"rendered":"https:\/\/sola-poljane.splet.arnes.si\/?p=25981"},"modified":"2022-06-22T08:23:45","modified_gmt":"2022-06-22T06:23:45","slug":"drzavno-prvenstvo-v-kosarki-3-na-3","status":"publish","type":"post","link":"https:\/\/sola-poljane.splet.arnes.si\/?p=25981","title":{"rendered":"Dr\u017eavno prvenstvo v ko\u0161arki 3 na 3"},"content":{"rendered":"<p style=\"text-align: justify\">V \u010detrtek, 9. junija, je na Primskovem v Kranju potekalo <span style=\"color: #ff6600\"><strong>dr\u017eavno tekmovanje v ko\u0161arki 3 na 3<\/strong><\/span>. Po uspe\u0161nem nastopu na podro\u010dnem prvenstvu smo se dr\u017eavnega tekmovanja z veseljem udele\u017eili.<\/p>\n<p style=\"text-align: justify\">Na tekmovanju je sodelovalo 16 ekip. V svoji predtekmovalni skupini smo se sre\u010dali s tremi zelo mo\u010dnimi nasprotniki. Vi\u0161inska premo\u010d in mo\u010d sta vsaki\u010d tehtnico obrnili na stran nasprotnika. \u010ceprav smo tekmovanje zaklju\u010dili <span style=\"color: #ff6600\">s \u010detrtim mestom v skupinskem delu<\/span> in se nismo uvrstili v izlo\u010dilne boje, smo s prikazano igro lahko zadovoljni in z optimizmom gledamo na tekme, ki bodo sledile v naslednjem \u0161olskem letu.<\/p>\n<p><em><strong>Ale\u0161 Mrak<\/strong><\/em><\/p>\n<p>&nbsp;<\/p>\n<p><a href=\"https:\/\/sola-poljane.splet.arnes.si\/files\/2022\/06\/Rezultati_3x3_DP_OS_Finale_09_06_22.pdf\">Rezultati_3x3_DP_O\u0160_Finale_09_06_22<\/a><\/p>\n<p>&nbsp; &nbsp; &nbsp; &nbsp; &nbsp; &nbsp; &nbsp; &nbsp; &nbsp; &nbsp; &nbsp; &nbsp; &nbsp; &nbsp; &nbsp; &nbsp; &nbsp; &nbsp; &nbsp; &nbsp; &nbsp; &nbsp; &nbsp; &nbsp; &nbsp; &nbsp; &nbsp; &nbsp; &nbsp; &nbsp; &nbsp; &nbsp; &nbsp; &nbsp; &nbsp; &nbsp; &nbsp; &nbsp; &nbsp; &nbsp; &nbsp; &nbsp; &nbsp; &nbsp; &nbsp; &nbsp; &nbsp; &nbsp; &nbsp; &nbsp; &nbsp; &nbsp; &nbsp; &nbsp; &nbsp; &nbsp; &nbsp;&nbsp;<\/p>\nngg_shortcode_0_placeholder\n","protected":false},"excerpt":{"rendered":"<p>V \u010detrtek, 9. junija, je na Primskovem v Kranju potekalo [&hellip;]<\/p>\n","protected":false},"author":56163,"featured_media":26003,"comment_status":"closed","ping_status":"open","sticky":false,"template":"","format":"standard","meta":{"ngg_post_thumbnail":0,"footnotes":""},"categories":[55,59],"tags":[],"class_list":["post-25981","post","type-post","status-publish","format-standard","has-post-thumbnail","hentry","category-dogajanje","category-sportna-tekmovanja"],"_links":{"self":[{"href":"https:\/\/sola-poljane.splet.arnes.si\/index.php?rest_route=\/wp\/v2\/posts\/25981","targetHints":{"allow":["GET"]}}],"collection":[{"href":"https:\/\/sola-poljane.splet.arnes.si\/index.php?rest_route=\/wp\/v2\/posts"}],"about":[{"href":"https:\/\/sola-poljane.splet.arnes.si\/index.php?rest_route=\/wp\/v2\/types\/post"}],"author":[{"embeddable":true,"href":"https:\/\/sola-poljane.splet.arnes.si\/index.php?rest_route=\/wp\/v2\/users\/56163"}],"replies":[{"embeddable":true,"href":"https:\/\/sola-poljane.splet.arnes.si\/index.php?rest_route=%2Fwp%2Fv2%2Fcomments&post=25981"}],"version-history":[{"count":4,"href":"https:\/\/sola-poljane.splet.arnes.si\/index.php?rest_route=\/wp\/v2\/posts\/25981\/revisions"}],"predecessor-version":[{"id":26005,"href":"https:\/\/sola-poljane.splet.arnes.si\/index.php?rest_route=\/wp\/v2\/posts\/25981\/revisions\/26005"}],"wp:featuredmedia":[{"embeddable":true,"href":"https:\/\/sola-poljane.splet.arnes.si\/index.php?rest_route=\/wp\/v2\/media\/26003"}],"wp:attachment":[{"href":"https:\/\/sola-poljane.splet.arnes.si\/index.php?rest_route=%2Fwp%2Fv2%2Fmedia&parent=25981"}],"wp:term":[{"taxonomy":"category","embeddable":true,"href":"https:\/\/sola-poljane.splet.arnes.si\/index.php?rest_route=%2Fwp%2Fv2%2Fcategories&post=25981"},{"taxonomy":"post_tag","embeddable":true,"href":"https:\/\/sola-poljane.splet.arnes.si\/index.php?rest_route=%2Fwp%2Fv2%2Ftags&post=25981"}],"curies":[{"name":"wp","href":"https:\/\/api.w.org\/{rel}","templated":true}]}}