{"id":24961,"date":"2022-06-02T22:07:06","date_gmt":"2022-06-02T20:07:06","guid":{"rendered":"https:\/\/sola-poljane.splet.arnes.si\/?p=24961"},"modified":"2022-06-02T22:13:57","modified_gmt":"2022-06-02T20:13:57","slug":"drugosolci-napisali-porocila-o-pohodu-na-brda","status":"publish","type":"post","link":"https:\/\/sola-poljane.splet.arnes.si\/?p=24961","title":{"rendered":"Drugo\u0161olci napisali poro\u010dila o pohodu na Brda"},"content":{"rendered":"<p>Drugo\u0161olci so sredo izkoristili za <strong><span style=\"color: #008000\">\u0161portni dan<\/span> \u2013 <span style=\"color: #008000\">pohod na Brda<\/span><\/strong>. Pa ne samo to \u2013 o \u0161portnem dnevu so napisali tudi <span style=\"color: #ff6600\"><strong>poro\u010dilo<\/strong><\/span>. U\u010diteljica jim je povedala, <strong><span style=\"color: #ff6600\">kaj naj poro\u010dilo vsebuje<\/span><\/strong>: <span style=\"color: #ff6600\"><strong>naslov<\/strong>, <strong>kaj<\/strong> se je dogajalo, <strong>kdo<\/strong> je bil udele\u017een, <strong>kdaj<\/strong> in <strong>kam<\/strong> so se odpravili in kaj jim je bilo <strong>v\u0161e\u010d<\/strong> oz. kaj je bilo <strong>zanimivo<\/strong><\/span>. Pa obvezen <strong><span style=\"color: #ff6600\">podpis<\/span><\/strong>, seveda.<\/p>\n<p><span style=\"text-decoration: underline\"><span style=\"color: #0000ff;text-decoration: underline\">Nastala so naslednja poro\u010dila.<\/span><\/span><\/p>\n<p><span style=\"color: #3366ff\"><strong>OPIS \u0160PORTNEGA DNE<\/strong><\/span><br \/>\nIme mi je Nace. S so\u0161olci in so\u0161olkami iz 2. a in 2. b razreda smo \u0161li na pohod na Brda. Bili smo z u\u010diteljico Majo, u\u010diteljico Mirjam in u\u010diteljico Irmo. To je bilo v sredo, 1. 6. 2022. Ko smo se vrnili, nam je u\u010diteljica Mirjam povedala, da smo prehodili 9,5 km.<br \/>\n<em><strong>Nace Tu\u0161ek, 2. b<\/strong><\/em><\/p>\n<p><span style=\"color: #3366ff\"><strong>\u0160PORTNI DAN<\/strong><\/span><br \/>\nPrehodili smo 9,5 km. Od\u0161li smo na Brda. \u0160li smo 2. a in 2. b razred v sredo, 1. 6. 2022. Najbolj\u0161e mi je bilo, ko smo \u0161li do Svetega kri\u017ea. Ni mi bilo v\u0161e\u010d, ko smo hodili v klanec.<br \/>\n<em><strong>Ajda Bogataj, 2. b<\/strong><\/em><\/p>\n<p><strong><span style=\"color: #3366ff\">\u0160PORTNI DAN \u2013 POHOD<\/span><\/strong><br \/>\nV sredo, 1. 6., smo imeli zadnji \u0161portni dan pohod na Brda. Prehodili smo 9,5 km. Na pohod sta \u0161la dva razreda, in sicer 2. a in 2. b iz Osnovne \u0161ole Poljane. Hodili smo zelo dolgo, ampak sem vesela, da smo vsi opravili to nalogo.<br \/>\n<em><strong>Zarja Strel, 2. b<\/strong><\/em><\/p>\n<p><span style=\"color: #3366ff\"><strong>POHOD NA BRDA<\/strong><\/span><br \/>\nS \u0161olo smo \u0161li na Brda. Ko smo pri\u0161li na cilj, smo jedli malico. Ko smo pojedli, se je pot nadaljevala. Pohod je bil naporen. Hodili smo veselo in radostno. Najraje smo se pogovarjali.<br \/>\n<em><strong>Alja Justin, 2. b<\/strong><\/em><\/p>\n<p><span style=\"color: #3366ff\"><strong>\u0160PORTNI DAN<\/strong><\/span><br \/>\nOd\u0161li smo na Brda. Od\u0161li smo 2. a in 2. b razred. Prehodili smo 9,5 km. Bile so tri u\u010diteljice. Prva je bila Maja, druga Mirjam in tretja Irma. Od\u0161li smo v sredo, 1. 6. 2022. Hodili smo tri ure in pol. V\u0161e\u010d mi je bilo, ko smo sre\u010dali gospo z dvema ku\u017ekoma.<br \/>\n<em><strong>Ana Dolenec, 2. b<\/strong><\/em><\/p>\n<p><span style=\"color: #3366ff\"><strong>POHOD NA BRDA<\/strong><\/span><br \/>\nV sredo, 1. 6., smo od\u0161li na Brda. Prehodili smo 9,5 km. Na Brda smo od\u0161li 2. a in 2. b. Ko smo pri\u0161li do \u0161ole, nam je u\u010diteljica povedala, da smo hodili 3 ure in 33 minut.<br \/>\n<em><strong>Alenka Miklav\u010di\u010d, 2. b<\/strong><\/em><\/p>\n<p><span style=\"color: #3366ff\"><strong>POHOD NA BRDA<\/strong><\/span><br \/>\n\u0160li smo na Brda. Prehodili smo 9,5 km. Bili smo 2. a in 2. b. \u0160li smo v sredo, 1. 6. 2022. Na poti smo videli srno, veverico in srnjaka.<br \/>\n<strong><em>Adam Koblar, 2. b<\/em><\/strong><\/p>\n<p><strong><span style=\"color: #3366ff\">\u0160PORTNI DAN \u2013 POHOD<\/span><\/strong><br \/>\nV sredo, 1.6., smo 2. a in 2. b \u0161li na Brda. Prehodili smo 9,5 km. Najbolj mi je bilo v\u0161e\u010d, ko smo videli koze.<br \/>\n<em><strong>Tilen Kav\u010di\u010d, 2. b<\/strong><\/em><\/p>\n<p>&nbsp;<\/p>\nngg_shortcode_0_placeholder\n","protected":false},"excerpt":{"rendered":"<p>Drugo\u0161olci so sredo izkoristili za \u0161portni dan \u2013 pohod na [&hellip;]<\/p>\n","protected":false},"author":56163,"featured_media":24979,"comment_status":"closed","ping_status":"open","sticky":false,"template":"","format":"standard","meta":{"ngg_post_thumbnail":0,"footnotes":""},"categories":[7,55],"tags":[],"class_list":["post-24961","post","type-post","status-publish","format-standard","has-post-thumbnail","hentry","category-dnevi-dejavnosti","category-dogajanje"],"_links":{"self":[{"href":"https:\/\/sola-poljane.splet.arnes.si\/index.php?rest_route=\/wp\/v2\/posts\/24961","targetHints":{"allow":["GET"]}}],"collection":[{"href":"https:\/\/sola-poljane.splet.arnes.si\/index.php?rest_route=\/wp\/v2\/posts"}],"about":[{"href":"https:\/\/sola-poljane.splet.arnes.si\/index.php?rest_route=\/wp\/v2\/types\/post"}],"author":[{"embeddable":true,"href":"https:\/\/sola-poljane.splet.arnes.si\/index.php?rest_route=\/wp\/v2\/users\/56163"}],"replies":[{"embeddable":true,"href":"https:\/\/sola-poljane.splet.arnes.si\/index.php?rest_route=%2Fwp%2Fv2%2Fcomments&post=24961"}],"version-history":[{"count":6,"href":"https:\/\/sola-poljane.splet.arnes.si\/index.php?rest_route=\/wp\/v2\/posts\/24961\/revisions"}],"predecessor-version":[{"id":24982,"href":"https:\/\/sola-poljane.splet.arnes.si\/index.php?rest_route=\/wp\/v2\/posts\/24961\/revisions\/24982"}],"wp:featuredmedia":[{"embeddable":true,"href":"https:\/\/sola-poljane.splet.arnes.si\/index.php?rest_route=\/wp\/v2\/media\/24979"}],"wp:attachment":[{"href":"https:\/\/sola-poljane.splet.arnes.si\/index.php?rest_route=%2Fwp%2Fv2%2Fmedia&parent=24961"}],"wp:term":[{"taxonomy":"category","embeddable":true,"href":"https:\/\/sola-poljane.splet.arnes.si\/index.php?rest_route=%2Fwp%2Fv2%2Fcategories&post=24961"},{"taxonomy":"post_tag","embeddable":true,"href":"https:\/\/sola-poljane.splet.arnes.si\/index.php?rest_route=%2Fwp%2Fv2%2Ftags&post=24961"}],"curies":[{"name":"wp","href":"https:\/\/api.w.org\/{rel}","templated":true}]}}