{"id":24707,"date":"2022-05-28T08:34:45","date_gmt":"2022-05-28T06:34:45","guid":{"rendered":"https:\/\/sola-poljane.splet.arnes.si\/?p=24707"},"modified":"2022-05-28T08:34:45","modified_gmt":"2022-05-28T06:34:45","slug":"razstava-natecaja-po-cebelah-se-zgleduj","status":"publish","type":"post","link":"https:\/\/sola-poljane.splet.arnes.si\/?p=24707","title":{"rendered":"Razstava nate\u010daja &#8220;Po \u010debelah se zgleduj&#8221;"},"content":{"rendered":"<p>Na <span style=\"color: #ff6600\"><strong>14. likovnem nate\u010daju Po \u010debelah se zgleduj<\/strong><\/span>, ki ga je organizirala O\u0160 Dobravlje, bodo razstavljena tudi dela na\u0161ih u\u010denk <span style=\"color: #993300\"><em>Jerce Tu\u0161ek<\/em> <\/span>iz 7. razreda in <span style=\"color: #993300\"><em>Mance Habjan<\/em><\/span> iz 5. razreda.<\/p>\n<p>Mednarodna&nbsp; razstava, na kateri sodelujejo dr\u017eave Avstrija, Italija, Latvija, Srbija in Slovenija, bo na ogled <span style=\"color: #993300\">od 26. maja do 15. septembra 2022<\/span>&nbsp;v avli Osnovne \u0161ole Dobravlje.<\/p>\n<p><em><strong>Mentorica Mihaela \u017dakelj Ogrin<\/strong><\/em><\/p>\n<p>&nbsp;<\/p>\n<p>&nbsp;<\/p>\n<p><a href=\"https:\/\/sola-poljane.splet.arnes.si\/files\/2022\/05\/grafike_basni_Manca-Habjan-manjsa-2.jpg\"><img loading=\"lazy\" decoding=\"async\" class=\"wp-image-24713 aligncenter\" src=\"https:\/\/sola-poljane.splet.arnes.si\/files\/2022\/05\/grafike_basni_Manca-Habjan-manjsa-2.jpg\" alt=\"\" width=\"455\" height=\"321\" srcset=\"https:\/\/sola-poljane.splet.arnes.si\/files\/2022\/05\/grafike_basni_Manca-Habjan-manjsa-2.jpg 795w, https:\/\/sola-poljane.splet.arnes.si\/files\/2022\/05\/grafike_basni_Manca-Habjan-manjsa-2-300x212.jpg 300w, https:\/\/sola-poljane.splet.arnes.si\/files\/2022\/05\/grafike_basni_Manca-Habjan-manjsa-2-768x543.jpg 768w, https:\/\/sola-poljane.splet.arnes.si\/files\/2022\/05\/grafike_basni_Manca-Habjan-manjsa-2-78x55.jpg 78w, https:\/\/sola-poljane.splet.arnes.si\/files\/2022\/05\/grafike_basni_Manca-Habjan-manjsa-2-624x441.jpg 624w\" sizes=\"auto, (max-width: 455px) 100vw, 455px\" \/><\/a><\/p>\n<p>&nbsp;<\/p>\n<p style=\"text-align: center\"><em><strong>Manca Habjan: Koko\u0161, ki je nesla zlata jajca<\/strong><\/em><\/p>\n<p>&nbsp;<\/p>\n<p>&nbsp;<\/p>\n<p><a href=\"https:\/\/sola-poljane.splet.arnes.si\/files\/2022\/05\/PANJSKE-KONCNICE-Jerca-Tusek-manjsa-2.jpg\"><img loading=\"lazy\" decoding=\"async\" class=\"wp-image-24714 aligncenter\" src=\"https:\/\/sola-poljane.splet.arnes.si\/files\/2022\/05\/PANJSKE-KONCNICE-Jerca-Tusek-manjsa-2.jpg\" alt=\"\" width=\"514\" height=\"360\" srcset=\"https:\/\/sola-poljane.splet.arnes.si\/files\/2022\/05\/PANJSKE-KONCNICE-Jerca-Tusek-manjsa-2.jpg 792w, https:\/\/sola-poljane.splet.arnes.si\/files\/2022\/05\/PANJSKE-KONCNICE-Jerca-Tusek-manjsa-2-300x210.jpg 300w, https:\/\/sola-poljane.splet.arnes.si\/files\/2022\/05\/PANJSKE-KONCNICE-Jerca-Tusek-manjsa-2-768x538.jpg 768w, https:\/\/sola-poljane.splet.arnes.si\/files\/2022\/05\/PANJSKE-KONCNICE-Jerca-Tusek-manjsa-2-78x55.jpg 78w, https:\/\/sola-poljane.splet.arnes.si\/files\/2022\/05\/PANJSKE-KONCNICE-Jerca-Tusek-manjsa-2-624x437.jpg 624w\" sizes=\"auto, (max-width: 514px) 100vw, 514px\" \/><\/a>&nbsp;<a href=\"https:\/\/sola-poljane.splet.arnes.si\/files\/2022\/05\/grafike_basni_Manca-Habjan-manjsa.jpg\">&nbsp; &nbsp; &nbsp; &nbsp; &nbsp; <\/a><\/p>\n<p style=\"text-align: center\"><em><strong>Jerca Tu\u0161ek: Dihur in lisica<\/strong><\/em><\/p>\n","protected":false},"excerpt":{"rendered":"<p>Na 14. likovnem nate\u010daju Po \u010debelah se zgleduj, ki ga [&hellip;]<\/p>\n","protected":false},"author":56163,"featured_media":24714,"comment_status":"closed","ping_status":"open","sticky":false,"template":"","format":"standard","meta":{"ngg_post_thumbnail":0,"footnotes":""},"categories":[55,37],"tags":[],"class_list":["post-24707","post","type-post","status-publish","format-standard","has-post-thumbnail","hentry","category-dogajanje","category-natecaji"],"_links":{"self":[{"href":"https:\/\/sola-poljane.splet.arnes.si\/index.php?rest_route=\/wp\/v2\/posts\/24707","targetHints":{"allow":["GET"]}}],"collection":[{"href":"https:\/\/sola-poljane.splet.arnes.si\/index.php?rest_route=\/wp\/v2\/posts"}],"about":[{"href":"https:\/\/sola-poljane.splet.arnes.si\/index.php?rest_route=\/wp\/v2\/types\/post"}],"author":[{"embeddable":true,"href":"https:\/\/sola-poljane.splet.arnes.si\/index.php?rest_route=\/wp\/v2\/users\/56163"}],"replies":[{"embeddable":true,"href":"https:\/\/sola-poljane.splet.arnes.si\/index.php?rest_route=%2Fwp%2Fv2%2Fcomments&post=24707"}],"version-history":[{"count":2,"href":"https:\/\/sola-poljane.splet.arnes.si\/index.php?rest_route=\/wp\/v2\/posts\/24707\/revisions"}],"predecessor-version":[{"id":24716,"href":"https:\/\/sola-poljane.splet.arnes.si\/index.php?rest_route=\/wp\/v2\/posts\/24707\/revisions\/24716"}],"wp:featuredmedia":[{"embeddable":true,"href":"https:\/\/sola-poljane.splet.arnes.si\/index.php?rest_route=\/wp\/v2\/media\/24714"}],"wp:attachment":[{"href":"https:\/\/sola-poljane.splet.arnes.si\/index.php?rest_route=%2Fwp%2Fv2%2Fmedia&parent=24707"}],"wp:term":[{"taxonomy":"category","embeddable":true,"href":"https:\/\/sola-poljane.splet.arnes.si\/index.php?rest_route=%2Fwp%2Fv2%2Fcategories&post=24707"},{"taxonomy":"post_tag","embeddable":true,"href":"https:\/\/sola-poljane.splet.arnes.si\/index.php?rest_route=%2Fwp%2Fv2%2Ftags&post=24707"}],"curies":[{"name":"wp","href":"https:\/\/api.w.org\/{rel}","templated":true}]}}