{"id":24486,"date":"2022-05-18T21:57:33","date_gmt":"2022-05-18T19:57:33","guid":{"rendered":"https:\/\/sola-poljane.splet.arnes.si\/?p=24486"},"modified":"2022-05-18T21:57:33","modified_gmt":"2022-05-18T19:57:33","slug":"prireditev-ob-zakljucku-bralne-znacke-in-obisk-dveh-knjiznic","status":"publish","type":"post","link":"https:\/\/sola-poljane.splet.arnes.si\/?p=24486","title":{"rendered":"Prireditev ob zaklju\u010dku bralne zna\u010dke in obisk dveh knji\u017enic"},"content":{"rendered":"<p style=\"text-align: justify\"><strong>U\u010denci prvega triletja smo obiskali Krajevno knji\u017enico Poljane<\/strong>. Tam nam je knji\u017eni\u010darka Bernarda Buh predstavila knji\u017enico ter njeno delovanje. Predstavila nam je tudi nekaj knjig ter prebrala pravljico <em>O mi\u0161ki, ki je oklofutala medveda<\/em>, nad katero so bili u\u010denci zelo navdu\u0161eni.<br \/>\nNato smo obiskali \u0161e <strong>\u0161olsko knji\u017enico<\/strong>. Tam nam je knji\u017eni\u010darka Majda Bernik predstavila knjige o pticah. Nato nam je prebrala zgodbo <em>Odkleni to knjigo<\/em>. U\u010diteljice so nam predstavile <span style=\"color: #ff6600\">pripovedovalko <strong>\u0160pelo Frlic<\/strong><\/span>. Poslu\u0161ali smo del zgodbe <span style=\"color: #ff6600\"><em>Ble\u0161\u010divka<\/em><\/span>. Nato smo izdelali sceno, ki je lepo popestrila zaklju\u010dno prireditev bralne zna\u010dke.<\/p>\n<p style=\"text-align: justify\">Gostja \u0160pela Frlic nas je navdu\u0161ila s pripovedovanjem svojih zgodb. Hvale\u017eni smo ji, da je z nami pre\u017eivela eno uro.<\/p>\n<p><em><strong>Maja Tr\u010dek<\/strong><\/em><\/p>\n<p>&nbsp;<\/p>\nngg_shortcode_0_placeholder\n","protected":false},"excerpt":{"rendered":"<p>U\u010denci prvega triletja smo obiskali Krajevno knji\u017enico Poljane. Tam nam [&hellip;]<\/p>\n","protected":false},"author":56163,"featured_media":24505,"comment_status":"closed","ping_status":"open","sticky":false,"template":"","format":"standard","meta":{"ngg_post_thumbnail":0,"footnotes":""},"categories":[33,7,55],"tags":[],"class_list":["post-24486","post","type-post","status-publish","format-standard","has-post-thumbnail","hentry","category-1-triletje","category-dnevi-dejavnosti","category-dogajanje"],"_links":{"self":[{"href":"https:\/\/sola-poljane.splet.arnes.si\/index.php?rest_route=\/wp\/v2\/posts\/24486","targetHints":{"allow":["GET"]}}],"collection":[{"href":"https:\/\/sola-poljane.splet.arnes.si\/index.php?rest_route=\/wp\/v2\/posts"}],"about":[{"href":"https:\/\/sola-poljane.splet.arnes.si\/index.php?rest_route=\/wp\/v2\/types\/post"}],"author":[{"embeddable":true,"href":"https:\/\/sola-poljane.splet.arnes.si\/index.php?rest_route=\/wp\/v2\/users\/56163"}],"replies":[{"embeddable":true,"href":"https:\/\/sola-poljane.splet.arnes.si\/index.php?rest_route=%2Fwp%2Fv2%2Fcomments&post=24486"}],"version-history":[{"count":3,"href":"https:\/\/sola-poljane.splet.arnes.si\/index.php?rest_route=\/wp\/v2\/posts\/24486\/revisions"}],"predecessor-version":[{"id":24506,"href":"https:\/\/sola-poljane.splet.arnes.si\/index.php?rest_route=\/wp\/v2\/posts\/24486\/revisions\/24506"}],"wp:featuredmedia":[{"embeddable":true,"href":"https:\/\/sola-poljane.splet.arnes.si\/index.php?rest_route=\/wp\/v2\/media\/24505"}],"wp:attachment":[{"href":"https:\/\/sola-poljane.splet.arnes.si\/index.php?rest_route=%2Fwp%2Fv2%2Fmedia&parent=24486"}],"wp:term":[{"taxonomy":"category","embeddable":true,"href":"https:\/\/sola-poljane.splet.arnes.si\/index.php?rest_route=%2Fwp%2Fv2%2Fcategories&post=24486"},{"taxonomy":"post_tag","embeddable":true,"href":"https:\/\/sola-poljane.splet.arnes.si\/index.php?rest_route=%2Fwp%2Fv2%2Ftags&post=24486"}],"curies":[{"name":"wp","href":"https:\/\/api.w.org\/{rel}","templated":true}]}}