{"id":24243,"date":"2022-04-24T09:44:25","date_gmt":"2022-04-24T07:44:25","guid":{"rendered":"https:\/\/sola-poljane.splet.arnes.si\/?p=24243"},"modified":"2022-04-24T09:44:25","modified_gmt":"2022-04-24T07:44:25","slug":"nagrajenke-literarnega-in-likovnega-natecaja-kd-dr-ivana-tavcarja-poljane","status":"publish","type":"post","link":"https:\/\/sola-poljane.splet.arnes.si\/?p=24243","title":{"rendered":"Nagrajenke literarnega in likovnega nate\u010daja KD dr. Ivana Tav\u010darja Poljane"},"content":{"rendered":"<p><span style=\"color: #ff6600\"><strong>Kulturno dru\u0161tvo dr. Ivana Tav\u010darja Poljane<\/strong><\/span> je izbralo nagrajenke in nagrajence literarnega in likovnega nate\u010daja&nbsp; &#8220;Po motivih poljanskih likovnih ustvarjalcev.<\/p>\n<p>Nagrajenke poustvarjalnega nate\u010daja so: <span style=\"color: #3366ff\"><em><strong>Hana Debeljak, Sara Robba, Tinkara Cankar, \u017dana R\u017een, Tara Kos <\/strong><\/em><span style=\"color: #000000\">in<\/span><em><strong> Ne\u017ea Str\u017einar<\/strong><\/em>.<\/span><\/p>\n<h4>&nbsp;<\/h4>\n<h3 style=\"text-align: center\"><span style=\"color: #ff6600\"><strong>LITERARNI NATE\u010cAJ<\/strong><\/span><\/h3>\n<h4 style=\"text-align: center\"><strong><span style=\"color: #800000\">ZAMORKA<br \/>\n<\/span>(<\/strong>po motivu <em>Antona A\u017ebeta:<\/em> <strong><em>Zamorka)<\/em><\/strong><\/h4>\n<p style=\"text-align: center\">Danes se mi odpira novo \u017eivljenje,<br \/>\nprihajam v svet, ki ga ne poznam,<br \/>\nmolila sem za to razsvetljenje,<br \/>\nzapu\u0161\u010dam kraj, ki je meni grozan.<\/p>\n<p style=\"text-align: center\">Na ladjo bom stopila veliko,<br \/>\nodpeljali me bodo v obljubljeni raj,<br \/>\nspoznala bom novo oliko,<br \/>\npri\u0161la bom v novi kraj.<\/p>\n<p style=\"text-align: center\">\u017delim si, da me bodo sprejeli,<br \/>\nmojo temno polt in temne o\u010di,<br \/>\nda me ne bodo v zanko ujeli<br \/>\nter ugotovili, da nisem njihove krvi.<\/p>\n<p style=\"text-align: center\">\u017delim si \u017eiveti ugledno,<br \/>\nbrez preganjanja in grozot,<br \/>\nvendar vem, da za vedno<br \/>\nbom zamorka povsod.<\/p>\n<p style=\"text-align: center\"><em><strong>Hana Debeljak, 9. a&nbsp;<\/strong> <\/em><\/p>\n<p>&nbsp;<\/p>\n<h4 style=\"text-align: center\"><b><span style=\"color: #800000\">PRED LOVOM<\/span><i><br \/>\n<\/i><\/b><strong>(<\/strong>po motivu <em>Jurija \u0160ubica:<\/em><strong><em> Pred lovom)<\/em><\/strong><\/h4>\n<p style=\"text-align: justify\">Spet pomladno jutro. Rutina se utirja. Pravijo, da je rutina dobra, pravijo, da je rutina zdrava, vendar v tem trenutku, tem tema\u010dnem trenutku, tega res ne vem. Moram iti. Moram! To je moje pre\u017eivetje, pre\u017eivetje mojih otrok! Tako \u017eivim \u017ee od malega, ko me je \u0161e o\u010de u\u010dil. Takrat sem bil \u0161e vesel, ampak veselje ne \u017eivi dolgo, kajti veselje je lepo in vsega lepega je enkrat konec. To je prekletstvo zemlje, prekletstvo sveta!<br \/>\nSpomnim se tistega jutra \u2013 enako kot dana\u0161nje. Videl sem lice svojega o\u010deta. Kako staro je bilo, kako utrujeno. Pod njim pa nasmeh, kot da ne vidi, kaj se z nami dogaja. Obdal me je ob\u010dutek miru, kot da se lahko naslonim nanj. Takrat \u0161e nisem vedel, kako usoden bo ta dan. Pravim vam, da nisem kriv! Mislil sem, da je srnjad. Pravim vam, da nisem kriv! Bil sem mlad. A krogla se je odlo\u010dila, da prileti v srce dobrega \u010dloveka.<br \/>\nPanika me zgrabi, kot da se mi je hudi\u010d v srce ugreznil. Kak\u0161na kazen \u010daka \u010dloveka, ki je ubil svojega lastnega o\u010deta? Vedel sem, kaj sem storil, pa sem se sku\u0161njavi vdal, ga zakopal in od\u0161el domov. Materi nisem mogel pogledati v o\u010di. Rekel sem, da ga je zverina, in nato hladno od\u0161el v kamro. Mati pa se obrne proti meni, me pogleda v o\u010di in poto\u010di eno samo solzo.<\/p>\n<p style=\"text-align: justify\">Vsaki\u010d, ko tukaj stojim, se spomnim \u2026 Srce me zaboli, ko se spomnim tega dne. A moram spet na pot, na lov? Spet in spet ta rutina, ki me ubija. Vsak dan ponovno in ponovno trpim zaradi tistega dne \u2026 Tako je \u017eivljenje, \u017eivljenje \u010dloveka, ki je ubil lastnega o\u010deta.<\/p>\n<p><em><strong>Sara Robba, 9. b<\/strong><\/em><\/p>\n<p>&nbsp;<\/p>\n<p>&nbsp;<\/p>\n<h3 style=\"text-align: center\"><span style=\"color: #ff6600\"><strong>LIKOVNI NATE\u010cAJ<\/strong><\/span><\/h3>\n<p>&nbsp;<\/p>\n<figure id=\"attachment_24256\" aria-describedby=\"caption-attachment-24256\" style=\"width: 675px\" class=\"wp-caption aligncenter\"><a href=\"https:\/\/sola-poljane.splet.arnes.si\/files\/2022\/04\/KDPoljane_Po-motivih_202204-2.jpg\"><img loading=\"lazy\" decoding=\"async\" class=\" wp-image-24256\" src=\"https:\/\/sola-poljane.splet.arnes.si\/files\/2022\/04\/KDPoljane_Po-motivih_202204-2.jpg\" alt=\"\" width=\"675\" height=\"343\" srcset=\"https:\/\/sola-poljane.splet.arnes.si\/files\/2022\/04\/KDPoljane_Po-motivih_202204-2.jpg 785w, https:\/\/sola-poljane.splet.arnes.si\/files\/2022\/04\/KDPoljane_Po-motivih_202204-2-300x152.jpg 300w, https:\/\/sola-poljane.splet.arnes.si\/files\/2022\/04\/KDPoljane_Po-motivih_202204-2-768x390.jpg 768w, https:\/\/sola-poljane.splet.arnes.si\/files\/2022\/04\/KDPoljane_Po-motivih_202204-2-108x55.jpg 108w, https:\/\/sola-poljane.splet.arnes.si\/files\/2022\/04\/KDPoljane_Po-motivih_202204-2-624x317.jpg 624w\" sizes=\"auto, (max-width: 675px) 100vw, 675px\" \/><\/a><figcaption id=\"caption-attachment-24256\" class=\"wp-caption-text\">Tinkara Cankar, 5. a<\/figcaption><\/figure>\n<p>&nbsp;<\/p>\n<figure id=\"attachment_24257\" aria-describedby=\"caption-attachment-24257\" style=\"width: 681px\" class=\"wp-caption aligncenter\"><a href=\"https:\/\/sola-poljane.splet.arnes.si\/files\/2022\/04\/KDPoljane_Po-motivih_202203-2.jpg\"><img loading=\"lazy\" decoding=\"async\" class=\"size-full wp-image-24257\" src=\"https:\/\/sola-poljane.splet.arnes.si\/files\/2022\/04\/KDPoljane_Po-motivih_202203-2.jpg\" alt=\"\" width=\"681\" height=\"561\" srcset=\"https:\/\/sola-poljane.splet.arnes.si\/files\/2022\/04\/KDPoljane_Po-motivih_202203-2.jpg 681w, https:\/\/sola-poljane.splet.arnes.si\/files\/2022\/04\/KDPoljane_Po-motivih_202203-2-300x247.jpg 300w, https:\/\/sola-poljane.splet.arnes.si\/files\/2022\/04\/KDPoljane_Po-motivih_202203-2-67x55.jpg 67w, https:\/\/sola-poljane.splet.arnes.si\/files\/2022\/04\/KDPoljane_Po-motivih_202203-2-624x514.jpg 624w\" sizes=\"auto, (max-width: 681px) 100vw, 681px\" \/><\/a><figcaption id=\"caption-attachment-24257\" class=\"wp-caption-text\">Tara Kos, 8. a<\/figcaption><\/figure>\n<p>&nbsp;<\/p>\n<p>&nbsp;<\/p>\n<figure id=\"attachment_24253\" aria-describedby=\"caption-attachment-24253\" style=\"width: 449px\" class=\"wp-caption aligncenter\"><a href=\"https:\/\/sola-poljane.splet.arnes.si\/files\/2022\/04\/KDPoljane_Po-motivih_202201-1.jpg\"><img loading=\"lazy\" decoding=\"async\" class=\"size-full wp-image-24253\" src=\"https:\/\/sola-poljane.splet.arnes.si\/files\/2022\/04\/KDPoljane_Po-motivih_202201-1.jpg\" alt=\"\" width=\"449\" height=\"594\" srcset=\"https:\/\/sola-poljane.splet.arnes.si\/files\/2022\/04\/KDPoljane_Po-motivih_202201-1.jpg 449w, https:\/\/sola-poljane.splet.arnes.si\/files\/2022\/04\/KDPoljane_Po-motivih_202201-1-227x300.jpg 227w, https:\/\/sola-poljane.splet.arnes.si\/files\/2022\/04\/KDPoljane_Po-motivih_202201-1-42x55.jpg 42w\" sizes=\"auto, (max-width: 449px) 100vw, 449px\" \/><\/a><figcaption id=\"caption-attachment-24253\" class=\"wp-caption-text\">\u017dana Er\u017een, 7. b<\/figcaption><\/figure>\n<p>&nbsp;<\/p>\n<p>&nbsp;<\/p>\n<figure id=\"attachment_24252\" aria-describedby=\"caption-attachment-24252\" style=\"width: 446px\" class=\"wp-caption aligncenter\"><a href=\"https:\/\/sola-poljane.splet.arnes.si\/files\/2022\/04\/KDPoljane_Po-motivih_202202-2.jpg\"><img loading=\"lazy\" decoding=\"async\" class=\" wp-image-24252\" src=\"https:\/\/sola-poljane.splet.arnes.si\/files\/2022\/04\/KDPoljane_Po-motivih_202202-2.jpg\" alt=\"\" width=\"446\" height=\"585\" srcset=\"https:\/\/sola-poljane.splet.arnes.si\/files\/2022\/04\/KDPoljane_Po-motivih_202202-2.jpg 408w, https:\/\/sola-poljane.splet.arnes.si\/files\/2022\/04\/KDPoljane_Po-motivih_202202-2-229x300.jpg 229w, https:\/\/sola-poljane.splet.arnes.si\/files\/2022\/04\/KDPoljane_Po-motivih_202202-2-42x55.jpg 42w\" sizes=\"auto, (max-width: 446px) 100vw, 446px\" \/><\/a><figcaption id=\"caption-attachment-24252\" class=\"wp-caption-text\">Ne\u017ea Str\u017einar, 8. a<\/figcaption><\/figure>\n","protected":false},"excerpt":{"rendered":"<p>Kulturno dru\u0161tvo dr. Ivana Tav\u010darja Poljane je izbralo nagrajenke in [&hellip;]<\/p>\n","protected":false},"author":56163,"featured_media":24251,"comment_status":"closed","ping_status":"open","sticky":false,"template":"","format":"standard","meta":{"ngg_post_thumbnail":0,"footnotes":""},"categories":[55,37],"tags":[],"class_list":["post-24243","post","type-post","status-publish","format-standard","has-post-thumbnail","hentry","category-dogajanje","category-natecaji"],"_links":{"self":[{"href":"https:\/\/sola-poljane.splet.arnes.si\/index.php?rest_route=\/wp\/v2\/posts\/24243","targetHints":{"allow":["GET"]}}],"collection":[{"href":"https:\/\/sola-poljane.splet.arnes.si\/index.php?rest_route=\/wp\/v2\/posts"}],"about":[{"href":"https:\/\/sola-poljane.splet.arnes.si\/index.php?rest_route=\/wp\/v2\/types\/post"}],"author":[{"embeddable":true,"href":"https:\/\/sola-poljane.splet.arnes.si\/index.php?rest_route=\/wp\/v2\/users\/56163"}],"replies":[{"embeddable":true,"href":"https:\/\/sola-poljane.splet.arnes.si\/index.php?rest_route=%2Fwp%2Fv2%2Fcomments&post=24243"}],"version-history":[{"count":5,"href":"https:\/\/sola-poljane.splet.arnes.si\/index.php?rest_route=\/wp\/v2\/posts\/24243\/revisions"}],"predecessor-version":[{"id":24259,"href":"https:\/\/sola-poljane.splet.arnes.si\/index.php?rest_route=\/wp\/v2\/posts\/24243\/revisions\/24259"}],"wp:featuredmedia":[{"embeddable":true,"href":"https:\/\/sola-poljane.splet.arnes.si\/index.php?rest_route=\/wp\/v2\/media\/24251"}],"wp:attachment":[{"href":"https:\/\/sola-poljane.splet.arnes.si\/index.php?rest_route=%2Fwp%2Fv2%2Fmedia&parent=24243"}],"wp:term":[{"taxonomy":"category","embeddable":true,"href":"https:\/\/sola-poljane.splet.arnes.si\/index.php?rest_route=%2Fwp%2Fv2%2Fcategories&post=24243"},{"taxonomy":"post_tag","embeddable":true,"href":"https:\/\/sola-poljane.splet.arnes.si\/index.php?rest_route=%2Fwp%2Fv2%2Ftags&post=24243"}],"curies":[{"name":"wp","href":"https:\/\/api.w.org\/{rel}","templated":true}]}}