{"id":23875,"date":"2022-04-19T22:54:17","date_gmt":"2022-04-19T20:54:17","guid":{"rendered":"https:\/\/sola-poljane.splet.arnes.si\/?p=23875"},"modified":"2022-04-24T08:31:24","modified_gmt":"2022-04-24T06:31:24","slug":"sola-v-naravi-za-8-razred-csod-kavka","status":"publish","type":"post","link":"https:\/\/sola-poljane.splet.arnes.si\/?p=23875","title":{"rendered":"\u0160ola v naravi za 8. razred, C\u0160OD Kavka"},"content":{"rendered":"<p><span style=\"color: #000080\"><strong>Liv\u0161ke Ravne nad Kobaridom<\/strong><\/span><\/p>\n<p>&nbsp;<\/p>\n<p><strong><span style=\"color: #ff6600\">PRVI DAN \u2013 torek, 19. april<\/span><\/strong><\/p>\n<p style=\"text-align: justify\">Osmo\u0161olci smo se zjutraj, ob 8.20, odpeljali izpred \u0161ole proti Kobaridu. Pribli\u017eno dve uri je trajalo, da smo prispeli do C\u0160OD-ja v Liv\u0161kih Ravnah. Najprej smo se razdelili po sobah, razpakirali svoje stvari in prestlali postelje. Nato smo se zbrali v jedilnici, kjer so nas seznanili s pravili doma in po\u017earnim redom. Sledilo je kosilo, nato pa nekaj prostega \u010dasa, ki smo ga izkoristili z igranjem ping-ponga in dru\u017eabnih iger.<\/p>\n<p style=\"text-align: justify\">Sledile so dejavnosti po razredih. 8. a razred se je u\u010dil osnov o\u017eivljanja in prve pomo\u010di, 8. b pa streljanja z lokom; najprej dekleta, nato \u0161e fantje. Obojim je \u0161lo odli\u010dno, nekateri so se izkazali za prave talente.<\/p>\n<p style=\"text-align: justify\">Po ve\u010derji smo se odpravili do razgledne to\u010dke na Kuku in med potjo izvedeli marsikaj zanimivega o teh krajih in ljudeh. Ko smo se vrnili, smo ob zvokih kitare prepevali pesmi, nau\u010dili smo se celo ene v nare\u010dju Bene\u0161kih Slovencev.<\/p>\n<p style=\"text-align: justify\"><em><strong>Filip Kr\u017ei\u0161nik<\/strong><\/em><\/p>\n<p>&nbsp;<\/p>\nngg_shortcode_0_placeholder\n<p><strong><span style=\"color: #ff6600\">DRUGI DAN \u2013 sreda, 20. april<\/span><\/strong><\/p>\n<p style=\"text-align: justify\">Zbudili smo se v hladno jutro, pono\u010di je celo rahlo sne\u017eilo. U\u010ditelji so nas pri\u0161li zbudit \u017ee ob 7.00. Imeli smo eno uro \u010dasa, da smo se pripravili na dan in pospravili sobe. Sledil je zajtrk, ki je bil res odli\u010den. Nato smo se odpravili na pohod. \u0160li smo po kro\u017eni poti okoli hribovja Kolovrata vse do Italije. Na tej poti smo si ogledali rove iz prve svetovne vojne. Med potjo smo opazovali pobeljene vrhove Kanina, Matajurja in Kuka. Po pohodu smo imeli kraj\u0161i premor, kasneje smo pojedli kosilo.<\/p>\n<p style=\"text-align: justify\">Ko smo si odpo\u010dili od obilnega kosila, so u\u010denci 8. a od\u0161li na igri\u0161\u010de, kjer so streljali z lokom in se igrali z \u017eogo, 8. b pa se je u\u010dil osnov prve pomo\u010di in o\u017eivljanja. Sledila je ve\u010derja, pri kateri smo kon\u010dno do\u010dakali sladico \u2013 sladoled. Nato je pri\u0161lo na vrsto izdelovanje amuletov, na katerih smo upodabljali krivopete \u2013 dobre vile, ki pomagajo ljudem pri re\u0161evanju njihovih vsakodnevnih preprek. Med umetni\u0161kim ustvarjanjem je vsako omizje izbralo svojo pesem, tako da smo u\u017eivali ob poslu\u0161anju tako narodnozabavne kot pop glasbe. Sledile so \u0161portne aktivnosti, nato pa zaslu\u017een po\u010ditek.<\/p>\n<p><strong><em>Eva Mrak <\/em><\/strong><em>in<\/em><strong><em> Domen Dolenc<\/em><\/strong><\/p>\n<p>&nbsp;<\/p>\nngg_shortcode_1_placeholder\n<p><strong><span style=\"color: #ff6600\">TRETJI DAN \u2013 \u010detrtek, 21. april<\/span><\/strong><\/p>\n<p style=\"text-align: justify\">Jutro se je za\u010delo zelo aktivno, saj smo morali po bujenju pospraviti sobe in spakirati kov\u010dke. Ko so nam u\u010ditelji dali zeleno lu\u010d glede urejenosti sob, smo se odpravili na zajtrk. Po zajtrku so podelili priznanje za sobo, ki je bila najbolje pospravljena in v kateri je bil najbolj upo\u0161tevan no\u010dni mir po 22. uri.<\/p>\n<p style=\"text-align: justify\">Poslovili smo se od u\u010diteljev v C\u0160OD, nato pa nas je avtobus odpeljal proti Kobaridu, kjer nas je najprej \u010dakala naravoslovna u\u010dna pot Kobari\u0161ko blato. Na tej poti smo spoznali marsikaj zanimivega o flori in favni Severne Primorske. Sledil je ogled ribogojnice, kjer so nam pojasnili, kako skrbijo za ohranjanje avtohtone vrste \u2013 So\u0161ke postrvi \u2013 ribe smo si v ribogojnici lahko tudi pobli\u017ee ogledali. Po koncu smo utrujeni in polni novih vtisov sedli na avtobus, ki nas je odpeljal nazaj proti Poljanam.<\/p>\n<p>&nbsp;<\/p>\nngg_shortcode_2_placeholder\n","protected":false},"excerpt":{"rendered":"<p>Liv\u0161ke Ravne nad Kobaridom &nbsp; PRVI DAN \u2013 torek, 19. [&hellip;]<\/p>\n","protected":false},"author":56163,"featured_media":24240,"comment_status":"closed","ping_status":"open","sticky":false,"template":"","format":"standard","meta":{"ngg_post_thumbnail":0,"footnotes":""},"categories":[15,55],"tags":[],"class_list":["post-23875","post","type-post","status-publish","format-standard","has-post-thumbnail","hentry","category-dnevi-dejavnosti-2-triada","category-dogajanje"],"_links":{"self":[{"href":"https:\/\/sola-poljane.splet.arnes.si\/index.php?rest_route=\/wp\/v2\/posts\/23875","targetHints":{"allow":["GET"]}}],"collection":[{"href":"https:\/\/sola-poljane.splet.arnes.si\/index.php?rest_route=\/wp\/v2\/posts"}],"about":[{"href":"https:\/\/sola-poljane.splet.arnes.si\/index.php?rest_route=\/wp\/v2\/types\/post"}],"author":[{"embeddable":true,"href":"https:\/\/sola-poljane.splet.arnes.si\/index.php?rest_route=\/wp\/v2\/users\/56163"}],"replies":[{"embeddable":true,"href":"https:\/\/sola-poljane.splet.arnes.si\/index.php?rest_route=%2Fwp%2Fv2%2Fcomments&post=23875"}],"version-history":[{"count":13,"href":"https:\/\/sola-poljane.splet.arnes.si\/index.php?rest_route=\/wp\/v2\/posts\/23875\/revisions"}],"predecessor-version":[{"id":24241,"href":"https:\/\/sola-poljane.splet.arnes.si\/index.php?rest_route=\/wp\/v2\/posts\/23875\/revisions\/24241"}],"wp:featuredmedia":[{"embeddable":true,"href":"https:\/\/sola-poljane.splet.arnes.si\/index.php?rest_route=\/wp\/v2\/media\/24240"}],"wp:attachment":[{"href":"https:\/\/sola-poljane.splet.arnes.si\/index.php?rest_route=%2Fwp%2Fv2%2Fmedia&parent=23875"}],"wp:term":[{"taxonomy":"category","embeddable":true,"href":"https:\/\/sola-poljane.splet.arnes.si\/index.php?rest_route=%2Fwp%2Fv2%2Fcategories&post=23875"},{"taxonomy":"post_tag","embeddable":true,"href":"https:\/\/sola-poljane.splet.arnes.si\/index.php?rest_route=%2Fwp%2Fv2%2Ftags&post=23875"}],"curies":[{"name":"wp","href":"https:\/\/api.w.org\/{rel}","templated":true}]}}