{"id":23805,"date":"2022-04-06T19:34:51","date_gmt":"2022-04-06T17:34:51","guid":{"rendered":"https:\/\/sola-poljane.splet.arnes.si\/?p=23805"},"modified":"2022-04-06T19:34:51","modified_gmt":"2022-04-06T17:34:51","slug":"likovna-dela-nase-bivse-ucenke-ane-marolt","status":"publish","type":"post","link":"https:\/\/sola-poljane.splet.arnes.si\/?p=23805","title":{"rendered":"Likovna dela na\u0161e biv\u0161e u\u010denke Ane Marolt"},"content":{"rendered":"<p><span style=\"color: #000000\">Srednji hodnik na\u0161e \u0161ole krasijo dela <span style=\"color: #008000\">na\u0161e biv\u0161e u\u010denke <strong>Ane Marolt<\/strong><\/span>. Dela so nastajala v lanskem letu na temo miru in kri\u017eevega pota v tehniki suhih barv.<\/span><\/p>\n<p><em><strong><span style=\"color: #000000\">Vabljeni k ogledu!<\/span><\/strong><\/em><\/p>\n<p>&nbsp;<\/p>\n<p><a href=\"https:\/\/sola-poljane.splet.arnes.si\/files\/2022\/04\/AnaMarolt_202202-1.jpg\"><img loading=\"lazy\" decoding=\"async\" class=\"alignnone size-full wp-image-23815\" src=\"https:\/\/sola-poljane.splet.arnes.si\/files\/2022\/04\/AnaMarolt_202202-1.jpg\" alt=\"\" width=\"800\" height=\"324\" srcset=\"https:\/\/sola-poljane.splet.arnes.si\/files\/2022\/04\/AnaMarolt_202202-1.jpg 800w, https:\/\/sola-poljane.splet.arnes.si\/files\/2022\/04\/AnaMarolt_202202-1-300x122.jpg 300w, https:\/\/sola-poljane.splet.arnes.si\/files\/2022\/04\/AnaMarolt_202202-1-768x311.jpg 768w, https:\/\/sola-poljane.splet.arnes.si\/files\/2022\/04\/AnaMarolt_202202-1-136x55.jpg 136w, https:\/\/sola-poljane.splet.arnes.si\/files\/2022\/04\/AnaMarolt_202202-1-624x253.jpg 624w\" sizes=\"auto, (max-width: 800px) 100vw, 800px\" \/><\/a><\/p>\n<p>&nbsp;<\/p>\n<p><a href=\"https:\/\/sola-poljane.splet.arnes.si\/files\/2022\/04\/AnaMarolt_202203-1.jpg\"><img loading=\"lazy\" decoding=\"async\" class=\"alignnone size-full wp-image-23816\" src=\"https:\/\/sola-poljane.splet.arnes.si\/files\/2022\/04\/AnaMarolt_202203-1.jpg\" alt=\"\" width=\"800\" height=\"313\" srcset=\"https:\/\/sola-poljane.splet.arnes.si\/files\/2022\/04\/AnaMarolt_202203-1.jpg 800w, https:\/\/sola-poljane.splet.arnes.si\/files\/2022\/04\/AnaMarolt_202203-1-300x117.jpg 300w, https:\/\/sola-poljane.splet.arnes.si\/files\/2022\/04\/AnaMarolt_202203-1-768x300.jpg 768w, https:\/\/sola-poljane.splet.arnes.si\/files\/2022\/04\/AnaMarolt_202203-1-141x55.jpg 141w, https:\/\/sola-poljane.splet.arnes.si\/files\/2022\/04\/AnaMarolt_202203-1-624x244.jpg 624w\" sizes=\"auto, (max-width: 800px) 100vw, 800px\" \/><\/a><\/p>\n<p>&nbsp;<\/p>\n<p><a href=\"https:\/\/sola-poljane.splet.arnes.si\/files\/2022\/04\/AnaMarolt_202201-1.jpg\"><img loading=\"lazy\" decoding=\"async\" class=\"alignnone size-full wp-image-23817\" src=\"https:\/\/sola-poljane.splet.arnes.si\/files\/2022\/04\/AnaMarolt_202201-1.jpg\" alt=\"\" width=\"800\" height=\"218\" srcset=\"https:\/\/sola-poljane.splet.arnes.si\/files\/2022\/04\/AnaMarolt_202201-1.jpg 800w, https:\/\/sola-poljane.splet.arnes.si\/files\/2022\/04\/AnaMarolt_202201-1-300x82.jpg 300w, https:\/\/sola-poljane.splet.arnes.si\/files\/2022\/04\/AnaMarolt_202201-1-768x209.jpg 768w, https:\/\/sola-poljane.splet.arnes.si\/files\/2022\/04\/AnaMarolt_202201-1-202x55.jpg 202w, https:\/\/sola-poljane.splet.arnes.si\/files\/2022\/04\/AnaMarolt_202201-1-624x170.jpg 624w\" sizes=\"auto, (max-width: 800px) 100vw, 800px\" \/><\/a><\/p>\n","protected":false},"excerpt":{"rendered":"<p>Srednji hodnik na\u0161e \u0161ole krasijo dela na\u0161e biv\u0161e u\u010denke Ane [&hellip;]<\/p>\n","protected":false},"author":56163,"featured_media":23818,"comment_status":"closed","ping_status":"open","sticky":false,"template":"","format":"standard","meta":{"ngg_post_thumbnail":0,"footnotes":""},"categories":[55,37],"tags":[],"class_list":["post-23805","post","type-post","status-publish","format-standard","has-post-thumbnail","hentry","category-dogajanje","category-natecaji"],"_links":{"self":[{"href":"https:\/\/sola-poljane.splet.arnes.si\/index.php?rest_route=\/wp\/v2\/posts\/23805","targetHints":{"allow":["GET"]}}],"collection":[{"href":"https:\/\/sola-poljane.splet.arnes.si\/index.php?rest_route=\/wp\/v2\/posts"}],"about":[{"href":"https:\/\/sola-poljane.splet.arnes.si\/index.php?rest_route=\/wp\/v2\/types\/post"}],"author":[{"embeddable":true,"href":"https:\/\/sola-poljane.splet.arnes.si\/index.php?rest_route=\/wp\/v2\/users\/56163"}],"replies":[{"embeddable":true,"href":"https:\/\/sola-poljane.splet.arnes.si\/index.php?rest_route=%2Fwp%2Fv2%2Fcomments&post=23805"}],"version-history":[{"count":2,"href":"https:\/\/sola-poljane.splet.arnes.si\/index.php?rest_route=\/wp\/v2\/posts\/23805\/revisions"}],"predecessor-version":[{"id":23819,"href":"https:\/\/sola-poljane.splet.arnes.si\/index.php?rest_route=\/wp\/v2\/posts\/23805\/revisions\/23819"}],"wp:featuredmedia":[{"embeddable":true,"href":"https:\/\/sola-poljane.splet.arnes.si\/index.php?rest_route=\/wp\/v2\/media\/23818"}],"wp:attachment":[{"href":"https:\/\/sola-poljane.splet.arnes.si\/index.php?rest_route=%2Fwp%2Fv2%2Fmedia&parent=23805"}],"wp:term":[{"taxonomy":"category","embeddable":true,"href":"https:\/\/sola-poljane.splet.arnes.si\/index.php?rest_route=%2Fwp%2Fv2%2Fcategories&post=23805"},{"taxonomy":"post_tag","embeddable":true,"href":"https:\/\/sola-poljane.splet.arnes.si\/index.php?rest_route=%2Fwp%2Fv2%2Ftags&post=23805"}],"curies":[{"name":"wp","href":"https:\/\/api.w.org\/{rel}","templated":true}]}}