{"id":23770,"date":"2022-04-03T21:48:09","date_gmt":"2022-04-03T19:48:09","guid":{"rendered":"https:\/\/sola-poljane.splet.arnes.si\/?p=23770"},"modified":"2022-04-03T21:56:30","modified_gmt":"2022-04-03T19:56:30","slug":"priznanja-ucenk-in-ucencev-na-likovnih-natecajih-deseta-dezela-in-drevo","status":"publish","type":"post","link":"https:\/\/sola-poljane.splet.arnes.si\/?p=23770","title":{"rendered":"Priznanja u\u010denk in u\u010dencev na likovnih nate\u010dajih &#8220;Deseta de\u017eela&#8221; in &#8220;Drevo&#8221;"},"content":{"rendered":"<p style=\"text-align: justify\"><span style=\"color: #3366ff\">O\u0160 Ferda Vesela \u0160entvid pri Sti\u010dni, Zavod Prijetno doma\u010de, Ob\u010dina Ivan\u010dna Gorica, Zveza kulturnih dru\u0161tev Ob\u010dine Ivan\u010dna Gorica in JSKD OI Ivan\u010dna Gorica<\/span> so <strong><span style=\"color: #ff6600\">v letu Josipa Jur\u010di\u010da 2021<\/span><\/strong> organizirali <span style=\"color: #3366ff\">vseslovenski nate\u010daj<\/span> <strong><span style=\"color: #3366ff\">DESETA DE\u017dELA<\/span><\/strong>, na katerem so sodelovali tudi na\u0161i u\u010denci. Z ilustracijami odlomka iz povesti o Desetem bratu so si prislu\u017eili kar deset priznanj.<\/p>\n<p>&nbsp;<\/p>\n<p style=\"text-align: justify\"><span style=\"color: #ff6600\"><strong>Zlato priznanje<\/strong><\/span> sta prejela <em><strong>Zarja Mlinar <\/strong><\/em>in <em><strong>Kri\u0161tof Pisk<\/strong><\/em><strong>.<\/strong>&nbsp; &nbsp; &nbsp; &nbsp; &nbsp; &nbsp; &nbsp; &nbsp; &nbsp; &nbsp;<\/p>\n<div id='gallery-1' class='gallery galleryid-23770 gallery-columns-2 gallery-size-full'><figure class='gallery-item'>\n\t\t\t<div class='gallery-icon landscape'>\n\t\t\t\t<a href='https:\/\/sola-poljane.splet.arnes.si\/?attachment_id=23771'><img loading=\"lazy\" decoding=\"async\" width=\"800\" height=\"566\" src=\"https:\/\/sola-poljane.splet.arnes.si\/files\/2022\/04\/Dva-likovna-natecaja_202211.jpg\" class=\"attachment-full size-full\" alt=\"\" aria-describedby=\"gallery-1-23771\" srcset=\"https:\/\/sola-poljane.splet.arnes.si\/files\/2022\/04\/Dva-likovna-natecaja_202211.jpg 800w, https:\/\/sola-poljane.splet.arnes.si\/files\/2022\/04\/Dva-likovna-natecaja_202211-300x212.jpg 300w, https:\/\/sola-poljane.splet.arnes.si\/files\/2022\/04\/Dva-likovna-natecaja_202211-768x543.jpg 768w, https:\/\/sola-poljane.splet.arnes.si\/files\/2022\/04\/Dva-likovna-natecaja_202211-78x55.jpg 78w, https:\/\/sola-poljane.splet.arnes.si\/files\/2022\/04\/Dva-likovna-natecaja_202211-624x441.jpg 624w\" sizes=\"auto, (max-width: 800px) 100vw, 800px\" \/><\/a>\n\t\t\t<\/div>\n\t\t\t\t<figcaption class='wp-caption-text gallery-caption' id='gallery-1-23771'>\n\t\t\t\tZarja Mlinar\n\t\t\t\t<\/figcaption><\/figure><figure class='gallery-item'>\n\t\t\t<div class='gallery-icon landscape'>\n\t\t\t\t<a href='https:\/\/sola-poljane.splet.arnes.si\/?attachment_id=23772'><img loading=\"lazy\" decoding=\"async\" width=\"800\" height=\"566\" src=\"https:\/\/sola-poljane.splet.arnes.si\/files\/2022\/04\/Dva-likovna-natecaja_202201.jpg\" class=\"attachment-full size-full\" alt=\"\" aria-describedby=\"gallery-1-23772\" srcset=\"https:\/\/sola-poljane.splet.arnes.si\/files\/2022\/04\/Dva-likovna-natecaja_202201.jpg 800w, https:\/\/sola-poljane.splet.arnes.si\/files\/2022\/04\/Dva-likovna-natecaja_202201-300x212.jpg 300w, https:\/\/sola-poljane.splet.arnes.si\/files\/2022\/04\/Dva-likovna-natecaja_202201-768x543.jpg 768w, https:\/\/sola-poljane.splet.arnes.si\/files\/2022\/04\/Dva-likovna-natecaja_202201-78x55.jpg 78w, https:\/\/sola-poljane.splet.arnes.si\/files\/2022\/04\/Dva-likovna-natecaja_202201-624x441.jpg 624w\" sizes=\"auto, (max-width: 800px) 100vw, 800px\" \/><\/a>\n\t\t\t<\/div>\n\t\t\t\t<figcaption class='wp-caption-text gallery-caption' id='gallery-1-23772'>\n\t\t\t\tKri\u0161tof Pisk\n\t\t\t\t<\/figcaption><\/figure>\n\t\t<\/div>\n\n<p style=\"text-align: justify\"><span style=\"color: #ff6600\"><strong>Srebrna priznanja<\/strong> <\/span>so dosegle<strong><em> Sima Rupar, Ema Kr\u017ei\u0161nik, Jerca Tu\u0161ek, Eva Debeljak, Kora Markelj, Nina Habjan<\/em> <\/strong>in <em><strong>\u017dana Er\u017een<\/strong><\/em>.<\/p>\n<div id='gallery-2' class='gallery galleryid-23770 gallery-columns-2 gallery-size-medium'><figure class='gallery-item'>\n\t\t\t<div class='gallery-icon landscape'>\n\t\t\t\t<a href='https:\/\/sola-poljane.splet.arnes.si\/?attachment_id=23781'><img loading=\"lazy\" decoding=\"async\" width=\"300\" height=\"212\" src=\"https:\/\/sola-poljane.splet.arnes.si\/files\/2022\/04\/Dva-likovna-natecaja_202204-1-300x212.jpg\" class=\"attachment-medium size-medium\" alt=\"\" aria-describedby=\"gallery-2-23781\" srcset=\"https:\/\/sola-poljane.splet.arnes.si\/files\/2022\/04\/Dva-likovna-natecaja_202204-1-300x212.jpg 300w, https:\/\/sola-poljane.splet.arnes.si\/files\/2022\/04\/Dva-likovna-natecaja_202204-1-768x543.jpg 768w, https:\/\/sola-poljane.splet.arnes.si\/files\/2022\/04\/Dva-likovna-natecaja_202204-1-78x55.jpg 78w, https:\/\/sola-poljane.splet.arnes.si\/files\/2022\/04\/Dva-likovna-natecaja_202204-1-624x441.jpg 624w, https:\/\/sola-poljane.splet.arnes.si\/files\/2022\/04\/Dva-likovna-natecaja_202204-1.jpg 800w\" sizes=\"auto, (max-width: 300px) 100vw, 300px\" \/><\/a>\n\t\t\t<\/div>\n\t\t\t\t<figcaption class='wp-caption-text gallery-caption' id='gallery-2-23781'>\n\t\t\t\tSima Rupar\n\t\t\t\t<\/figcaption><\/figure><figure class='gallery-item'>\n\t\t\t<div class='gallery-icon landscape'>\n\t\t\t\t<a href='https:\/\/sola-poljane.splet.arnes.si\/?attachment_id=23782'><img loading=\"lazy\" decoding=\"async\" width=\"300\" height=\"212\" src=\"https:\/\/sola-poljane.splet.arnes.si\/files\/2022\/04\/Dva-likovna-natecaja_202205-1-300x212.jpg\" class=\"attachment-medium size-medium\" alt=\"\" aria-describedby=\"gallery-2-23782\" srcset=\"https:\/\/sola-poljane.splet.arnes.si\/files\/2022\/04\/Dva-likovna-natecaja_202205-1-300x212.jpg 300w, https:\/\/sola-poljane.splet.arnes.si\/files\/2022\/04\/Dva-likovna-natecaja_202205-1-768x543.jpg 768w, https:\/\/sola-poljane.splet.arnes.si\/files\/2022\/04\/Dva-likovna-natecaja_202205-1-78x55.jpg 78w, https:\/\/sola-poljane.splet.arnes.si\/files\/2022\/04\/Dva-likovna-natecaja_202205-1-624x441.jpg 624w, https:\/\/sola-poljane.splet.arnes.si\/files\/2022\/04\/Dva-likovna-natecaja_202205-1.jpg 800w\" sizes=\"auto, (max-width: 300px) 100vw, 300px\" \/><\/a>\n\t\t\t<\/div>\n\t\t\t\t<figcaption class='wp-caption-text gallery-caption' id='gallery-2-23782'>\n\t\t\t\tEma Kr\u017ei\u0161nik\n\t\t\t\t<\/figcaption><\/figure><figure class='gallery-item'>\n\t\t\t<div class='gallery-icon landscape'>\n\t\t\t\t<a href='https:\/\/sola-poljane.splet.arnes.si\/?attachment_id=23783'><img loading=\"lazy\" decoding=\"async\" width=\"300\" height=\"212\" src=\"https:\/\/sola-poljane.splet.arnes.si\/files\/2022\/04\/Dva-likovna-natecaja_202206-1-300x212.jpg\" class=\"attachment-medium size-medium\" alt=\"\" aria-describedby=\"gallery-2-23783\" srcset=\"https:\/\/sola-poljane.splet.arnes.si\/files\/2022\/04\/Dva-likovna-natecaja_202206-1-300x212.jpg 300w, https:\/\/sola-poljane.splet.arnes.si\/files\/2022\/04\/Dva-likovna-natecaja_202206-1-768x543.jpg 768w, https:\/\/sola-poljane.splet.arnes.si\/files\/2022\/04\/Dva-likovna-natecaja_202206-1-78x55.jpg 78w, https:\/\/sola-poljane.splet.arnes.si\/files\/2022\/04\/Dva-likovna-natecaja_202206-1-624x441.jpg 624w, https:\/\/sola-poljane.splet.arnes.si\/files\/2022\/04\/Dva-likovna-natecaja_202206-1.jpg 800w\" sizes=\"auto, (max-width: 300px) 100vw, 300px\" \/><\/a>\n\t\t\t<\/div>\n\t\t\t\t<figcaption class='wp-caption-text gallery-caption' id='gallery-2-23783'>\n\t\t\t\tJerca Tu\u0161ek\n\t\t\t\t<\/figcaption><\/figure><figure class='gallery-item'>\n\t\t\t<div class='gallery-icon landscape'>\n\t\t\t\t<a href='https:\/\/sola-poljane.splet.arnes.si\/?attachment_id=23784'><img loading=\"lazy\" decoding=\"async\" width=\"300\" height=\"212\" src=\"https:\/\/sola-poljane.splet.arnes.si\/files\/2022\/04\/Dva-likovna-natecaja_202207-1-300x212.jpg\" class=\"attachment-medium size-medium\" alt=\"\" aria-describedby=\"gallery-2-23784\" srcset=\"https:\/\/sola-poljane.splet.arnes.si\/files\/2022\/04\/Dva-likovna-natecaja_202207-1-300x212.jpg 300w, https:\/\/sola-poljane.splet.arnes.si\/files\/2022\/04\/Dva-likovna-natecaja_202207-1-768x543.jpg 768w, https:\/\/sola-poljane.splet.arnes.si\/files\/2022\/04\/Dva-likovna-natecaja_202207-1-78x55.jpg 78w, https:\/\/sola-poljane.splet.arnes.si\/files\/2022\/04\/Dva-likovna-natecaja_202207-1-624x441.jpg 624w, https:\/\/sola-poljane.splet.arnes.si\/files\/2022\/04\/Dva-likovna-natecaja_202207-1.jpg 800w\" sizes=\"auto, (max-width: 300px) 100vw, 300px\" \/><\/a>\n\t\t\t<\/div>\n\t\t\t\t<figcaption class='wp-caption-text gallery-caption' id='gallery-2-23784'>\n\t\t\t\tEva Debeljak\n\t\t\t\t<\/figcaption><\/figure><figure class='gallery-item'>\n\t\t\t<div class='gallery-icon landscape'>\n\t\t\t\t<a href='https:\/\/sola-poljane.splet.arnes.si\/?attachment_id=23785'><img loading=\"lazy\" decoding=\"async\" width=\"300\" height=\"212\" src=\"https:\/\/sola-poljane.splet.arnes.si\/files\/2022\/04\/Dva-likovna-natecaja_202208-1-300x212.jpg\" class=\"attachment-medium size-medium\" alt=\"\" aria-describedby=\"gallery-2-23785\" srcset=\"https:\/\/sola-poljane.splet.arnes.si\/files\/2022\/04\/Dva-likovna-natecaja_202208-1-300x212.jpg 300w, https:\/\/sola-poljane.splet.arnes.si\/files\/2022\/04\/Dva-likovna-natecaja_202208-1-768x543.jpg 768w, https:\/\/sola-poljane.splet.arnes.si\/files\/2022\/04\/Dva-likovna-natecaja_202208-1-78x55.jpg 78w, https:\/\/sola-poljane.splet.arnes.si\/files\/2022\/04\/Dva-likovna-natecaja_202208-1-624x441.jpg 624w, https:\/\/sola-poljane.splet.arnes.si\/files\/2022\/04\/Dva-likovna-natecaja_202208-1.jpg 800w\" sizes=\"auto, (max-width: 300px) 100vw, 300px\" \/><\/a>\n\t\t\t<\/div>\n\t\t\t\t<figcaption class='wp-caption-text gallery-caption' id='gallery-2-23785'>\n\t\t\t\tKora Markelj\n\t\t\t\t<\/figcaption><\/figure><figure class='gallery-item'>\n\t\t\t<div class='gallery-icon landscape'>\n\t\t\t\t<a href='https:\/\/sola-poljane.splet.arnes.si\/?attachment_id=23786'><img loading=\"lazy\" decoding=\"async\" width=\"300\" height=\"212\" src=\"https:\/\/sola-poljane.splet.arnes.si\/files\/2022\/04\/Dva-likovna-natecaja_202209-1-300x212.jpg\" class=\"attachment-medium size-medium\" alt=\"\" aria-describedby=\"gallery-2-23786\" srcset=\"https:\/\/sola-poljane.splet.arnes.si\/files\/2022\/04\/Dva-likovna-natecaja_202209-1-300x212.jpg 300w, https:\/\/sola-poljane.splet.arnes.si\/files\/2022\/04\/Dva-likovna-natecaja_202209-1-768x543.jpg 768w, https:\/\/sola-poljane.splet.arnes.si\/files\/2022\/04\/Dva-likovna-natecaja_202209-1-78x55.jpg 78w, https:\/\/sola-poljane.splet.arnes.si\/files\/2022\/04\/Dva-likovna-natecaja_202209-1-624x441.jpg 624w, https:\/\/sola-poljane.splet.arnes.si\/files\/2022\/04\/Dva-likovna-natecaja_202209-1.jpg 800w\" sizes=\"auto, (max-width: 300px) 100vw, 300px\" \/><\/a>\n\t\t\t<\/div>\n\t\t\t\t<figcaption class='wp-caption-text gallery-caption' id='gallery-2-23786'>\n\t\t\t\tNina Habjan\n\t\t\t\t<\/figcaption><\/figure><figure class='gallery-item'>\n\t\t\t<div class='gallery-icon landscape'>\n\t\t\t\t<a href='https:\/\/sola-poljane.splet.arnes.si\/?attachment_id=23787'><img loading=\"lazy\" decoding=\"async\" width=\"300\" height=\"212\" src=\"https:\/\/sola-poljane.splet.arnes.si\/files\/2022\/04\/Dva-likovna-natecaja_202210-1-300x212.jpg\" class=\"attachment-medium size-medium\" alt=\"\" aria-describedby=\"gallery-2-23787\" srcset=\"https:\/\/sola-poljane.splet.arnes.si\/files\/2022\/04\/Dva-likovna-natecaja_202210-1-300x212.jpg 300w, https:\/\/sola-poljane.splet.arnes.si\/files\/2022\/04\/Dva-likovna-natecaja_202210-1-768x543.jpg 768w, https:\/\/sola-poljane.splet.arnes.si\/files\/2022\/04\/Dva-likovna-natecaja_202210-1-78x55.jpg 78w, https:\/\/sola-poljane.splet.arnes.si\/files\/2022\/04\/Dva-likovna-natecaja_202210-1-624x441.jpg 624w, https:\/\/sola-poljane.splet.arnes.si\/files\/2022\/04\/Dva-likovna-natecaja_202210-1.jpg 800w\" sizes=\"auto, (max-width: 300px) 100vw, 300px\" \/><\/a>\n\t\t\t<\/div>\n\t\t\t\t<figcaption class='wp-caption-text gallery-caption' id='gallery-2-23787'>\n\t\t\t\t\u017dana Er\u017een\n\t\t\t\t<\/figcaption><\/figure>\n\t\t<\/div>\n\n<p style=\"text-align: justify\"><span style=\"color: #ff6600\"><strong>Bronasto priznanje<\/strong><\/span> si je prislu\u017eil <em><strong>Nejc Poljan\u0161ek<\/strong><\/em>.<\/p>\n<p>&nbsp;<\/p>\n<figure id=\"attachment_23790\" aria-describedby=\"caption-attachment-23790\" style=\"width: 352px\" class=\"wp-caption aligncenter\"><a href=\"https:\/\/sola-poljane.splet.arnes.si\/files\/2022\/04\/Dva-likovna-natecaja_202203-1.jpg\"><img loading=\"lazy\" decoding=\"async\" class=\" wp-image-23790\" src=\"https:\/\/sola-poljane.splet.arnes.si\/files\/2022\/04\/Dva-likovna-natecaja_202203-1.jpg\" alt=\"\" width=\"352\" height=\"249\" srcset=\"https:\/\/sola-poljane.splet.arnes.si\/files\/2022\/04\/Dva-likovna-natecaja_202203-1.jpg 800w, https:\/\/sola-poljane.splet.arnes.si\/files\/2022\/04\/Dva-likovna-natecaja_202203-1-300x212.jpg 300w, https:\/\/sola-poljane.splet.arnes.si\/files\/2022\/04\/Dva-likovna-natecaja_202203-1-768x543.jpg 768w, https:\/\/sola-poljane.splet.arnes.si\/files\/2022\/04\/Dva-likovna-natecaja_202203-1-78x55.jpg 78w, https:\/\/sola-poljane.splet.arnes.si\/files\/2022\/04\/Dva-likovna-natecaja_202203-1-624x441.jpg 624w\" sizes=\"auto, (max-width: 352px) 100vw, 352px\" \/><\/a><figcaption id=\"caption-attachment-23790\" class=\"wp-caption-text\">Nejc Poljan\u0161ek<\/figcaption><\/figure>\n<p>&nbsp;<\/p>\n<p style=\"text-align: center\"><span style=\"color: #008000\"><strong>*****************************************************************<\/strong><\/span><\/p>\n<p>&nbsp;<\/p>\n<p style=\"text-align: justify\">U\u010denci, ki obiskujejo <span style=\"color: #008000\">izbirni predmet <strong>likovno snovanje<\/strong><\/span>, so sodelovali na <span style=\"color: #3366ff\"><strong>13. likovnem nate\u010daju DREVO<\/strong><\/span>, ki ga je razpisala<span style=\"color: #3366ff\"> O\u0160 \u0160turje Ajdov\u0161\u010dina<\/span>.<\/p>\n<p style=\"text-align: justify\">Delo <em><strong>Tadeje Kr\u017ei\u0161nik<\/strong><\/em> iz 9. razreda se je uvrstilo na razstavo in prejme <span style=\"color: #ff6600\"><strong>bronasto priznanje<\/strong><\/span>.<\/p>\n<figure id=\"attachment_23792\" aria-describedby=\"caption-attachment-23792\" style=\"width: 393px\" class=\"wp-caption aligncenter\"><a href=\"https:\/\/sola-poljane.splet.arnes.si\/files\/2022\/04\/Dva-likovna-natecaja_202202.jpg\"><img loading=\"lazy\" decoding=\"async\" class=\" wp-image-23792\" src=\"https:\/\/sola-poljane.splet.arnes.si\/files\/2022\/04\/Dva-likovna-natecaja_202202.jpg\" alt=\"\" width=\"393\" height=\"381\" srcset=\"https:\/\/sola-poljane.splet.arnes.si\/files\/2022\/04\/Dva-likovna-natecaja_202202.jpg 531w, https:\/\/sola-poljane.splet.arnes.si\/files\/2022\/04\/Dva-likovna-natecaja_202202-300x291.jpg 300w, https:\/\/sola-poljane.splet.arnes.si\/files\/2022\/04\/Dva-likovna-natecaja_202202-57x55.jpg 57w\" sizes=\"auto, (max-width: 393px) 100vw, 393px\" \/><\/a><figcaption id=\"caption-attachment-23792\" class=\"wp-caption-text\">Tadeja Kr\u017ei\u0161nik<\/figcaption><\/figure>\n<p style=\"text-align: justify\">&nbsp;<\/p>\n<p>&nbsp;<\/p>\n","protected":false},"excerpt":{"rendered":"<p>O\u0160 Ferda Vesela \u0160entvid pri Sti\u010dni, Zavod Prijetno doma\u010de, Ob\u010dina [&hellip;]<\/p>\n","protected":false},"author":56163,"featured_media":23797,"comment_status":"closed","ping_status":"open","sticky":false,"template":"","format":"standard","meta":{"ngg_post_thumbnail":0,"footnotes":""},"categories":[55,37],"tags":[],"class_list":["post-23770","post","type-post","status-publish","format-standard","has-post-thumbnail","hentry","category-dogajanje","category-natecaji"],"_links":{"self":[{"href":"https:\/\/sola-poljane.splet.arnes.si\/index.php?rest_route=\/wp\/v2\/posts\/23770","targetHints":{"allow":["GET"]}}],"collection":[{"href":"https:\/\/sola-poljane.splet.arnes.si\/index.php?rest_route=\/wp\/v2\/posts"}],"about":[{"href":"https:\/\/sola-poljane.splet.arnes.si\/index.php?rest_route=\/wp\/v2\/types\/post"}],"author":[{"embeddable":true,"href":"https:\/\/sola-poljane.splet.arnes.si\/index.php?rest_route=\/wp\/v2\/users\/56163"}],"replies":[{"embeddable":true,"href":"https:\/\/sola-poljane.splet.arnes.si\/index.php?rest_route=%2Fwp%2Fv2%2Fcomments&post=23770"}],"version-history":[{"count":7,"href":"https:\/\/sola-poljane.splet.arnes.si\/index.php?rest_route=\/wp\/v2\/posts\/23770\/revisions"}],"predecessor-version":[{"id":23796,"href":"https:\/\/sola-poljane.splet.arnes.si\/index.php?rest_route=\/wp\/v2\/posts\/23770\/revisions\/23796"}],"wp:featuredmedia":[{"embeddable":true,"href":"https:\/\/sola-poljane.splet.arnes.si\/index.php?rest_route=\/wp\/v2\/media\/23797"}],"wp:attachment":[{"href":"https:\/\/sola-poljane.splet.arnes.si\/index.php?rest_route=%2Fwp%2Fv2%2Fmedia&parent=23770"}],"wp:term":[{"taxonomy":"category","embeddable":true,"href":"https:\/\/sola-poljane.splet.arnes.si\/index.php?rest_route=%2Fwp%2Fv2%2Fcategories&post=23770"},{"taxonomy":"post_tag","embeddable":true,"href":"https:\/\/sola-poljane.splet.arnes.si\/index.php?rest_route=%2Fwp%2Fv2%2Ftags&post=23770"}],"curies":[{"name":"wp","href":"https:\/\/api.w.org\/{rel}","templated":true}]}}