{"id":23722,"date":"2022-03-25T18:06:32","date_gmt":"2022-03-25T17:06:32","guid":{"rendered":"https:\/\/sola-poljane.splet.arnes.si\/?p=23722"},"modified":"2022-03-25T18:07:39","modified_gmt":"2022-03-25T17:07:39","slug":"23722","status":"publish","type":"post","link":"https:\/\/sola-poljane.splet.arnes.si\/?p=23722","title":{"rendered":"Na\u0161i ko\u0161arkarji tretji na Gorenjskem!"},"content":{"rendered":"<p style=\"text-align: justify\"><span style=\"color: #000000\">V \u010detrtek, 24. marca, je v Kranju potekalo <span style=\"color: #0000ff\"><strong>podro\u010dno tekmovanje v ko\u0161arki za mlaj\u0161e de\u010dke<\/strong><\/span>. Na\u0161a \u0161ola je po nekaj letih spet dosegla viden rezultat, in sicer<\/span> <span style=\"color: #0000ff\"><strong>3. mesto<\/strong><\/span>.<\/p>\n<p style=\"text-align: justify\"><span style=\"color: #000000\">V na\u0161i skupini sta bili \u0161e O\u0160 Jakoba Alja\u017ea Kranj in O\u0160 A. T. Linharta Radovljica. Proti ekipi O\u0160 Jakoba Alja\u017ea smo v dokaj grobi tekmi slavili zmago z rezultatom 24 : 22. Rezultat je bil sicer na koncu dokaj tesen, a je bila med tekmo razlika bolj ob\u010dutna. Na naslednji tekmi pa smo morali z rezultatom 29 : 24 priznati premo\u010d u\u010dencem O\u0160 A. T. Linharta, ki so bili za odtenek bolj\u0161i. Obe ekipi sta prikazali lepo igro z&nbsp; veliko podajami in kombinatorike. Na trenutke nam je zmanjkalo tudi malo \u0161portne sre\u010de, saj kljub ve\u010dkratnim poskusom \u017eoga nikakor ni hotela skozi obro\u010d.<\/span><br \/>\n<span style=\"color: #000000\">Na drugi strani pa sta tekmovali ekipi O\u0160 Ivana Tav\u010darja Gorenja vas in O\u0160 Franceta Pre\u0161erna Kranj, v kateri so bili slednji premo\u010dan nasprotnik.<\/span><br \/>\n<span style=\"color: #000000\">Tako nam je preostala tekma za 3. mesto z u\u010denci O\u0160 Ivana Tav\u010darja, ki smo jo suvereno pripeljali zmage.<\/span><\/p>\n<p style=\"text-align: justify\"><span style=\"color: #000000\">Na\u0161o ekipo so sestavljali:<\/span> <span style=\"color: #0000ff\"><em>Ga\u0161per <\/em><span style=\"color: #000000\">in<\/span><em> An\u017ee Markovi\u010d, Martin <\/em><span style=\"color: #000000\">in<\/span><em> Kri\u0161tof Pisk, Matic <\/em><span style=\"color: #000000\">in<\/span><em> Ga\u0161per Drnov\u0161ek, Gal Kos, Matev\u017e Peternel, Nikola Treven, Izak Zver, Nik Krpi\u010d<\/em><\/span>.&nbsp;<\/p>\n<p style=\"text-align: justify\"><strong>\u010cestitke vsem fantom za po\u017ertvovalno igro in dose\u017eeno 3. mesto na Gorenjskem!<\/strong><\/p>\n<p style=\"text-align: justify\">&nbsp;<\/p>\n<p style=\"text-align: justify\"><em><strong>Ale\u0161 Mrak<\/strong><\/em><\/p>\n<p>&nbsp;<\/p>\n<div id='gallery-1' class='gallery galleryid-23722 gallery-columns-5 gallery-size-thumbnail'><figure class='gallery-item'>\n\t\t\t<div class='gallery-icon landscape'>\n\t\t\t\t<a href='https:\/\/sola-poljane.splet.arnes.si\/?attachment_id=23726'><img loading=\"lazy\" decoding=\"async\" width=\"150\" height=\"150\" src=\"https:\/\/sola-poljane.splet.arnes.si\/files\/2022\/03\/Kosarka_podrocno_202202-150x150.jpg\" class=\"attachment-thumbnail size-thumbnail\" alt=\"\" srcset=\"https:\/\/sola-poljane.splet.arnes.si\/files\/2022\/03\/Kosarka_podrocno_202202-150x150.jpg 150w, https:\/\/sola-poljane.splet.arnes.si\/files\/2022\/03\/Kosarka_podrocno_202202-100x100.jpg 100w\" sizes=\"auto, (max-width: 150px) 100vw, 150px\" \/><\/a>\n\t\t\t<\/div><\/figure><figure class='gallery-item'>\n\t\t\t<div class='gallery-icon landscape'>\n\t\t\t\t<a href='https:\/\/sola-poljane.splet.arnes.si\/?attachment_id=23727'><img loading=\"lazy\" decoding=\"async\" width=\"150\" height=\"150\" src=\"https:\/\/sola-poljane.splet.arnes.si\/files\/2022\/03\/Kosarka_podrocno_202203-150x150.jpg\" class=\"attachment-thumbnail size-thumbnail\" alt=\"\" srcset=\"https:\/\/sola-poljane.splet.arnes.si\/files\/2022\/03\/Kosarka_podrocno_202203-150x150.jpg 150w, https:\/\/sola-poljane.splet.arnes.si\/files\/2022\/03\/Kosarka_podrocno_202203-100x100.jpg 100w\" sizes=\"auto, (max-width: 150px) 100vw, 150px\" \/><\/a>\n\t\t\t<\/div><\/figure><figure class='gallery-item'>\n\t\t\t<div class='gallery-icon landscape'>\n\t\t\t\t<a href='https:\/\/sola-poljane.splet.arnes.si\/?attachment_id=23728'><img loading=\"lazy\" decoding=\"async\" width=\"150\" height=\"150\" src=\"https:\/\/sola-poljane.splet.arnes.si\/files\/2022\/03\/Kosarka_podrocno_202204-150x150.jpg\" class=\"attachment-thumbnail size-thumbnail\" alt=\"\" srcset=\"https:\/\/sola-poljane.splet.arnes.si\/files\/2022\/03\/Kosarka_podrocno_202204-150x150.jpg 150w, https:\/\/sola-poljane.splet.arnes.si\/files\/2022\/03\/Kosarka_podrocno_202204-100x100.jpg 100w\" sizes=\"auto, (max-width: 150px) 100vw, 150px\" \/><\/a>\n\t\t\t<\/div><\/figure><figure class='gallery-item'>\n\t\t\t<div class='gallery-icon landscape'>\n\t\t\t\t<a href='https:\/\/sola-poljane.splet.arnes.si\/?attachment_id=23725'><img loading=\"lazy\" decoding=\"async\" width=\"150\" height=\"150\" src=\"https:\/\/sola-poljane.splet.arnes.si\/files\/2022\/03\/Kosarka_podrocno_202201-150x150.jpg\" class=\"attachment-thumbnail size-thumbnail\" alt=\"\" srcset=\"https:\/\/sola-poljane.splet.arnes.si\/files\/2022\/03\/Kosarka_podrocno_202201-150x150.jpg 150w, https:\/\/sola-poljane.splet.arnes.si\/files\/2022\/03\/Kosarka_podrocno_202201-100x100.jpg 100w\" sizes=\"auto, (max-width: 150px) 100vw, 150px\" \/><\/a>\n\t\t\t<\/div><\/figure><figure class='gallery-item'>\n\t\t\t<div class='gallery-icon portrait'>\n\t\t\t\t<a href='https:\/\/sola-poljane.splet.arnes.si\/?attachment_id=23729'><img loading=\"lazy\" decoding=\"async\" width=\"150\" height=\"150\" src=\"https:\/\/sola-poljane.splet.arnes.si\/files\/2022\/03\/Kosarka_podrocno_202205-150x150.jpg\" class=\"attachment-thumbnail size-thumbnail\" alt=\"\" srcset=\"https:\/\/sola-poljane.splet.arnes.si\/files\/2022\/03\/Kosarka_podrocno_202205-150x150.jpg 150w, https:\/\/sola-poljane.splet.arnes.si\/files\/2022\/03\/Kosarka_podrocno_202205-100x100.jpg 100w\" sizes=\"auto, (max-width: 150px) 100vw, 150px\" \/><\/a>\n\t\t\t<\/div><\/figure>\n\t\t<\/div>\n\n","protected":false},"excerpt":{"rendered":"<p>V \u010detrtek, 24. marca, je v Kranju potekalo podro\u010dno tekmovanje [&hellip;]<\/p>\n","protected":false},"author":56163,"featured_media":23731,"comment_status":"closed","ping_status":"open","sticky":false,"template":"","format":"standard","meta":{"ngg_post_thumbnail":0,"footnotes":""},"categories":[55,59],"tags":[],"class_list":["post-23722","post","type-post","status-publish","format-standard","has-post-thumbnail","hentry","category-dogajanje","category-sportna-tekmovanja"],"_links":{"self":[{"href":"https:\/\/sola-poljane.splet.arnes.si\/index.php?rest_route=\/wp\/v2\/posts\/23722","targetHints":{"allow":["GET"]}}],"collection":[{"href":"https:\/\/sola-poljane.splet.arnes.si\/index.php?rest_route=\/wp\/v2\/posts"}],"about":[{"href":"https:\/\/sola-poljane.splet.arnes.si\/index.php?rest_route=\/wp\/v2\/types\/post"}],"author":[{"embeddable":true,"href":"https:\/\/sola-poljane.splet.arnes.si\/index.php?rest_route=\/wp\/v2\/users\/56163"}],"replies":[{"embeddable":true,"href":"https:\/\/sola-poljane.splet.arnes.si\/index.php?rest_route=%2Fwp%2Fv2%2Fcomments&post=23722"}],"version-history":[{"count":4,"href":"https:\/\/sola-poljane.splet.arnes.si\/index.php?rest_route=\/wp\/v2\/posts\/23722\/revisions"}],"predecessor-version":[{"id":23732,"href":"https:\/\/sola-poljane.splet.arnes.si\/index.php?rest_route=\/wp\/v2\/posts\/23722\/revisions\/23732"}],"wp:featuredmedia":[{"embeddable":true,"href":"https:\/\/sola-poljane.splet.arnes.si\/index.php?rest_route=\/wp\/v2\/media\/23731"}],"wp:attachment":[{"href":"https:\/\/sola-poljane.splet.arnes.si\/index.php?rest_route=%2Fwp%2Fv2%2Fmedia&parent=23722"}],"wp:term":[{"taxonomy":"category","embeddable":true,"href":"https:\/\/sola-poljane.splet.arnes.si\/index.php?rest_route=%2Fwp%2Fv2%2Fcategories&post=23722"},{"taxonomy":"post_tag","embeddable":true,"href":"https:\/\/sola-poljane.splet.arnes.si\/index.php?rest_route=%2Fwp%2Fv2%2Ftags&post=23722"}],"curies":[{"name":"wp","href":"https:\/\/api.w.org\/{rel}","templated":true}]}}