{"id":23693,"date":"2022-03-22T09:58:13","date_gmt":"2022-03-22T08:58:13","guid":{"rendered":"https:\/\/sola-poljane.splet.arnes.si\/?p=23693"},"modified":"2022-03-22T09:58:13","modified_gmt":"2022-03-22T08:58:13","slug":"bogata-gorenjska-kulturna-dediscina","status":"publish","type":"post","link":"https:\/\/sola-poljane.splet.arnes.si\/?p=23693","title":{"rendered":"Bogata gorenjska kulturna dedi\u0161\u010dina"},"content":{"rendered":"<p style=\"text-align: justify\"><strong>Kako bogato kulturno in literarno zgodovino tradicijo ima Gorenjska,<\/strong> smo se lahko z deveto\u0161olci prepri\u010dali ob nedavnem kulturnem dnevu. <span style=\"color: #008000\"><strong><em>Po poti kulturne dedi\u0161\u010dine<\/em><\/strong><\/span> je sicer pohodni\u0161ka pot, na kateri obiskovalci obi\u0161\u010dejo rojstne hi\u0161e Matije \u010copa, Franceta Pre\u0161erna, Frana Sale\u0161kega Fin\u017egarja in Janeza Jalna ter se seznanijo z njihovimi deli, etnolo\u0161kimi posebnostmi vasi in arhitekturo krajev pod Karavankami. Mi smo jo prevozili kar z avtobusom, pe\u0161pot pa je lahko dobra ideja za kak\u0161en nedeljski dru\u017einski izlet. Mogo\u010de pa bo dan, poln zgodb in anekdot, koga izmed u\u010dencev spodbudil k branju del omenjenih avtorjev ali podrobnej\u0161em raziskovanju njihovega \u017eivljenja.<\/p>\n<p style=\"text-align: justify\"><span style=\"color: #3366ff\"><strong>Takole pa je kulturni dan do\u017eivel Timi: <\/strong><\/span><\/p>\n<p style=\"text-align: justify\"><em>V sredo zjutraj smo se u\u010denci devetih razredov dobili na postaji pred \u0161olo in se z avtobusom odpravili v Vrbo k rojstni hi\u0161i Franceta Pre\u0161erna. Poleg hi\u0161e smo si najprej ogledali Cerkev svetega Marka, ki je omenjena tudi v Pre\u0161ernovi pesmi O Vrba. Vodi\u010d nam je povedal kar nekaj zanimivosti o njej. Nato smo \u0161li v Pre\u0161ernovo hi\u0161o, kjer smo se posedli na klopce v prostoru, imenovanem hi\u0161a. Potem ko smo izvedeli veliko o \u017eivljenju in delu pesnika ter opremljenosti hi\u0161e, smo se lahko \u0161e sami razgledali po ostalih prostorih. Nato smo od\u0161li do lipe v vasi, okoli katere stoji 16 kamnov, na katerih so se sre\u010devali predstavniki iz vsake od 16 hi\u0161 in se dogovarjali o pomembnih stvareh. Zatem smo \u0161li spet na avtobus in po kratki vo\u017enji prispeli v \u017dirovnico do rojstne hi\u0161e Matije \u010copa, prijatelja Franceta Pre\u0161erna. Tam smo si najprej \u0161li pogledat videoposnetek s &nbsp;predstavitvijo Matije \u010copa, Franceta Pre\u0161erna, Antona Jan\u0161e, Janeza Jalna in Frana Sale\u0161kega Fin\u017egarja. Video je bil narejen odli\u010dno. Izvedeli smo veliko o \u017eivljenju vsakega od njih, \u0161e bolj pa mi je bilo v\u0161e\u010d, da je bil narejen na zabaven na\u010din, saj je bilo v njem tudi nekaj igre. Ko smo se razgledali po hi\u0161i in nam je vodi\u010d povedal \u0161e nekaj stvari, smo se odpravili do rojstne hi\u0161e Janeza Jalna, kjer nas je sprejel njegov prane\u010dak, ki je vedel vse o pisatelju. Podrobno nam je razlo\u017eil vse o \u017eivljenju Janeza Jalna. Pripovedoval je zelo duhovito in nam povedal, da je bil tak tudi njegov prastric. Nato smo obiskali \u0161e Doslov\u010de \u2013 rojstno hi\u0161o Frana Sale\u0161kega Fin\u017egarja. Fin\u017egar je prihajal iz revnej\u0161e dru\u017eine kot ostali. \u017divel je v majhni hi\u0161i sredi brega nad vasjo. Poslu\u0161ali smo tudi odlomek, kjer je pisatelj povedal, kako ga je vzgajal o\u010de. Na koncu smo se polni do\u017eivetij in lepih vtisov odpravili domov. Kulturni dan se mi je zdel pou\u010den in zanimiv. Imel sem se dobro. <\/em><\/p>\n<p style=\"text-align: justify\"><strong><em>(Timotej Kos, 9. a)<\/em><\/strong><\/p>\n<p style=\"text-align: justify\">&nbsp;<\/p>\n<p><a href=\"https:\/\/sola-poljane.splet.arnes.si\/files\/2022\/03\/KD_9r_Po-poti-kulturne_2022_003.jpg\"><img loading=\"lazy\" decoding=\"async\" class=\"alignnone wp-image-23698 \" src=\"https:\/\/sola-poljane.splet.arnes.si\/files\/2022\/03\/KD_9r_Po-poti-kulturne_2022_003-300x224.jpg\" alt=\"\" width=\"400\" height=\"297\" srcset=\"https:\/\/sola-poljane.splet.arnes.si\/files\/2022\/03\/KD_9r_Po-poti-kulturne_2022_003-300x224.jpg 300w, https:\/\/sola-poljane.splet.arnes.si\/files\/2022\/03\/KD_9r_Po-poti-kulturne_2022_003-74x55.jpg 74w\" sizes=\"auto, (max-width: 400px) 100vw, 400px\" \/><\/a> &nbsp;&nbsp; &nbsp;&nbsp; &nbsp;&nbsp; &nbsp;&nbsp; &nbsp;&nbsp; &nbsp;<a href=\"https:\/\/sola-poljane.splet.arnes.si\/files\/2022\/03\/KD_9r_Po-poti-kulturne_2022_001.jpg\"><img loading=\"lazy\" decoding=\"async\" class=\"alignnone wp-image-23696\" src=\"https:\/\/sola-poljane.splet.arnes.si\/files\/2022\/03\/KD_9r_Po-poti-kulturne_2022_001-225x300.jpg\" alt=\"\" width=\"281\" height=\"376\" srcset=\"https:\/\/sola-poljane.splet.arnes.si\/files\/2022\/03\/KD_9r_Po-poti-kulturne_2022_001-225x300.jpg 225w, https:\/\/sola-poljane.splet.arnes.si\/files\/2022\/03\/KD_9r_Po-poti-kulturne_2022_001-41x55.jpg 41w, https:\/\/sola-poljane.splet.arnes.si\/files\/2022\/03\/KD_9r_Po-poti-kulturne_2022_001.jpg 449w\" sizes=\"auto, (max-width: 281px) 100vw, 281px\" \/><\/a><\/p>\n<p>&nbsp; &nbsp; &nbsp; &nbsp; &nbsp; &nbsp; &nbsp; &nbsp; &nbsp; &nbsp; &nbsp; &nbsp; &nbsp; &nbsp; &nbsp; <img loading=\"lazy\" decoding=\"async\" class=\"\" src=\"https:\/\/sola-poljane.splet.arnes.si\/files\/2022\/03\/KD_9r_Po-poti-kulturne_2022_002-300x225.jpg\" width=\"476\" height=\"356\"><\/p>\n","protected":false},"excerpt":{"rendered":"<p>Kako bogato kulturno in literarno zgodovino tradicijo ima Gorenjska, smo [&hellip;]<\/p>\n","protected":false},"author":56163,"featured_media":23697,"comment_status":"closed","ping_status":"open","sticky":false,"template":"","format":"standard","meta":{"ngg_post_thumbnail":0,"footnotes":""},"categories":[15,55],"tags":[],"class_list":["post-23693","post","type-post","status-publish","format-standard","has-post-thumbnail","hentry","category-dnevi-dejavnosti-2-triada","category-dogajanje"],"_links":{"self":[{"href":"https:\/\/sola-poljane.splet.arnes.si\/index.php?rest_route=\/wp\/v2\/posts\/23693","targetHints":{"allow":["GET"]}}],"collection":[{"href":"https:\/\/sola-poljane.splet.arnes.si\/index.php?rest_route=\/wp\/v2\/posts"}],"about":[{"href":"https:\/\/sola-poljane.splet.arnes.si\/index.php?rest_route=\/wp\/v2\/types\/post"}],"author":[{"embeddable":true,"href":"https:\/\/sola-poljane.splet.arnes.si\/index.php?rest_route=\/wp\/v2\/users\/56163"}],"replies":[{"embeddable":true,"href":"https:\/\/sola-poljane.splet.arnes.si\/index.php?rest_route=%2Fwp%2Fv2%2Fcomments&post=23693"}],"version-history":[{"count":5,"href":"https:\/\/sola-poljane.splet.arnes.si\/index.php?rest_route=\/wp\/v2\/posts\/23693\/revisions"}],"predecessor-version":[{"id":23702,"href":"https:\/\/sola-poljane.splet.arnes.si\/index.php?rest_route=\/wp\/v2\/posts\/23693\/revisions\/23702"}],"wp:featuredmedia":[{"embeddable":true,"href":"https:\/\/sola-poljane.splet.arnes.si\/index.php?rest_route=\/wp\/v2\/media\/23697"}],"wp:attachment":[{"href":"https:\/\/sola-poljane.splet.arnes.si\/index.php?rest_route=%2Fwp%2Fv2%2Fmedia&parent=23693"}],"wp:term":[{"taxonomy":"category","embeddable":true,"href":"https:\/\/sola-poljane.splet.arnes.si\/index.php?rest_route=%2Fwp%2Fv2%2Fcategories&post=23693"},{"taxonomy":"post_tag","embeddable":true,"href":"https:\/\/sola-poljane.splet.arnes.si\/index.php?rest_route=%2Fwp%2Fv2%2Ftags&post=23693"}],"curies":[{"name":"wp","href":"https:\/\/api.w.org\/{rel}","templated":true}]}}