{"id":23635,"date":"2022-03-16T16:23:28","date_gmt":"2022-03-16T15:23:28","guid":{"rendered":"https:\/\/sola-poljane.splet.arnes.si\/?p=23635"},"modified":"2022-03-16T16:23:28","modified_gmt":"2022-03-16T15:23:28","slug":"nasi-kosarkarji-medobcinski-prvaki","status":"publish","type":"post","link":"https:\/\/sola-poljane.splet.arnes.si\/?p=23635","title":{"rendered":"Na\u0161i ko\u0161arkarji medob\u010dinski prvaki!"},"content":{"rendered":"<p style=\"text-align: justify\"><span style=\"color: #000000\">V torek, 15. marca, je potekalo <span style=\"color: #0000ff\"><strong>medob\u010dinsko tekmovanje v ko\u0161arki za mlaj\u0161e de\u010dke<\/strong> <\/span>v \u0161portni dvorani v Gorenji vasi. Na\u0161i u\u010denci so se izredno izkazali in kljub okrnjenemu \u0161tevilu pri\u0161li do dveh suverenih zmag in s tem do <span style=\"color: #0000ff\"><strong>naslova medob\u010dinskih prvakov<\/strong><\/span>. Hitrost, spretnost in seveda tudi razpolo\u017eeni strelci so na\u0161i ekipi prinesli veliko prednost. Prav tako so pokazali odli\u010dno kondicijsko pripravljenost.<\/span><br \/>\n<span style=\"color: #000000\">Prva tekma z ekipo O\u0160 \u017diri se je kon\u010dala z izidom 59 : 29. V finalu pa so se na\u0161i pomerili z u\u010denci O\u0160 Ivana Tav\u010darja in prav tako slavili zmago z rezultatom 42 : 31.<\/span><\/p>\n<p style=\"text-align: justify\"><strong><span style=\"color: #000000\">Vse \u010destitke fantom v postavi <\/span><span style=\"color: #3366ff\">Ga\u0161per Markovi\u010d, Lovro Dolenc Kr\u017ei\u0161nik, Martin Pisk, Nikola Treven, Matic Drnov\u0161ek in An\u017ee Markovi\u010d.<\/span><\/strong><\/p>\n<p style=\"text-align: justify\"><em><strong><span style=\"color: #000000\">Ale\u0161 Mrak\u00a0 \u00a0 \u00a0\u00a0<\/span><\/strong><\/em><\/p>\n<p>&nbsp;<\/p>\n<p><a href=\"https:\/\/sola-poljane.splet.arnes.si\/files\/2022\/03\/MEDOBCINSKO-PRVENSTVO-V-KOSARKI-mlajsi-REZULTATI.docx\">MEDOB\u010cINSKO PRVENSTVO V KO\u0160ARKI mlaj\u0161i REZULTATI<\/a><\/p>\n<p>&nbsp;<\/p>\n<p><em>ngg_shortcode_0_placeholder<\/em><\/p>\n","protected":false},"excerpt":{"rendered":"<p>V torek, 15. marca, je potekalo medob\u010dinsko tekmovanje v ko\u0161arki [&hellip;]<\/p>\n","protected":false},"author":56163,"featured_media":23642,"comment_status":"closed","ping_status":"open","sticky":false,"template":"","format":"standard","meta":{"ngg_post_thumbnail":0,"footnotes":""},"categories":[55,59],"tags":[],"class_list":["post-23635","post","type-post","status-publish","format-standard","has-post-thumbnail","hentry","category-dogajanje","category-sportna-tekmovanja"],"_links":{"self":[{"href":"https:\/\/sola-poljane.splet.arnes.si\/index.php?rest_route=\/wp\/v2\/posts\/23635","targetHints":{"allow":["GET"]}}],"collection":[{"href":"https:\/\/sola-poljane.splet.arnes.si\/index.php?rest_route=\/wp\/v2\/posts"}],"about":[{"href":"https:\/\/sola-poljane.splet.arnes.si\/index.php?rest_route=\/wp\/v2\/types\/post"}],"author":[{"embeddable":true,"href":"https:\/\/sola-poljane.splet.arnes.si\/index.php?rest_route=\/wp\/v2\/users\/56163"}],"replies":[{"embeddable":true,"href":"https:\/\/sola-poljane.splet.arnes.si\/index.php?rest_route=%2Fwp%2Fv2%2Fcomments&post=23635"}],"version-history":[{"count":4,"href":"https:\/\/sola-poljane.splet.arnes.si\/index.php?rest_route=\/wp\/v2\/posts\/23635\/revisions"}],"predecessor-version":[{"id":23645,"href":"https:\/\/sola-poljane.splet.arnes.si\/index.php?rest_route=\/wp\/v2\/posts\/23635\/revisions\/23645"}],"wp:featuredmedia":[{"embeddable":true,"href":"https:\/\/sola-poljane.splet.arnes.si\/index.php?rest_route=\/wp\/v2\/media\/23642"}],"wp:attachment":[{"href":"https:\/\/sola-poljane.splet.arnes.si\/index.php?rest_route=%2Fwp%2Fv2%2Fmedia&parent=23635"}],"wp:term":[{"taxonomy":"category","embeddable":true,"href":"https:\/\/sola-poljane.splet.arnes.si\/index.php?rest_route=%2Fwp%2Fv2%2Fcategories&post=23635"},{"taxonomy":"post_tag","embeddable":true,"href":"https:\/\/sola-poljane.splet.arnes.si\/index.php?rest_route=%2Fwp%2Fv2%2Ftags&post=23635"}],"curies":[{"name":"wp","href":"https:\/\/api.w.org\/{rel}","templated":true}]}}