{"id":23574,"date":"2022-03-11T19:34:44","date_gmt":"2022-03-11T18:34:44","guid":{"rendered":"https:\/\/sola-poljane.splet.arnes.si\/?p=23574"},"modified":"2022-03-11T19:37:50","modified_gmt":"2022-03-11T18:37:50","slug":"drzavno-tekmovanje-v-smucarskih-skokih-planica","status":"publish","type":"post","link":"https:\/\/sola-poljane.splet.arnes.si\/?p=23574","title":{"rendered":"Dr\u017eavno tekmovanje v smu\u010darskih skokih, Planica"},"content":{"rendered":"<p style=\"text-align: justify\">8. marca smo se zgodaj zjutraj odpeljali <span style=\"color: #3366ff\"><strong>v Planico na dr\u017eavno tekmovanje v smu\u010darskih skokih z alpskimi smu\u010dmi<\/strong><\/span>. \u017de na podro\u010dnem smo bili odli\u010dni in tudi tokrat rezultati niso izostali. Skakalnica je bila narejena v izteku najmanj\u0161e skakalnice in kaj kmalu jo je obsijalo sonce, ki je vsem polep\u0161alo dan.<br \/>\nPo skoku za trening se je za\u010delo zares. Tekmovalci so opravili tri skoke, od katerih sta dva \u0161tela za uvrstitev. Vso konkurenco je premagala <strong><span style=\"color: #ff6600\">Larisa Kokelj<\/span> <\/strong>in osvojila <span style=\"color: #ff6600\">prvo mesto<\/span>. Na stopni\u010dke sta se uvrstila \u0161e <span style=\"color: #ff6600\"><strong>Manca \u0160turm<\/strong><\/span> ter <strong><span style=\"color: #ff6600\">Andra\u017e Kav\u010di\u010d<\/span><\/strong>, oba na <span style=\"color: #ff6600\">drugo mesto<\/span>.<br \/>\nVsi trije so za nagrado prejeli nahrbtnik. Prvih \u0161est uvr\u0161\u010denih pa je prejelo tudi vstopnico za tekmo svetovnega pokala v poletih v Planici. Tekmo si bodo lahko ogledali \u0161e <strong><span style=\"color: #ff6600\">Peter in Bla\u017e Pisk<\/span><\/strong>, ki sta osvojila <span style=\"color: #ff6600\">6. mesto<\/span>, <strong><span style=\"color: #ff6600\">Ajda Bogataj<\/span><\/strong>, ki se je uvrstila na <span style=\"color: #ff6600\">5. mesto<\/span> ter <strong><span style=\"color: #ff6600\">Alenka Miklav\u010di\u010d<\/span><\/strong>, ki je osvojila <span style=\"color: #ff6600\">4. mesto<\/span>.<\/p>\n<p style=\"text-align: justify\"><strong>Vsem nastopajo\u010dim \u010destitamo!!!<\/strong><\/p>\n<p style=\"text-align: justify\"><em>V priponki si lahko ogledate \u0161e ostale rezultate ter nekaj utrinkov iz Planice.<\/em><\/p>\n<p><em><strong>Uro\u0161 \u010cade\u017e<\/strong><\/em><\/p>\n<p>&nbsp;<\/p>\n<p><a href=\"https:\/\/sola-poljane.splet.arnes.si\/files\/2022\/03\/DP-skoki-rezultati-Planica_8-3-2022.xls\">DP skoki rezultati Planica_8 3 2022<\/a><\/p>\n<p>&nbsp;<\/p>\n<p><em>ngg_shortcode_0_placeholder<\/em><\/p>\n","protected":false},"excerpt":{"rendered":"<p>8. marca smo se zgodaj zjutraj odpeljali v Planico na [&hellip;]<\/p>\n","protected":false},"author":56163,"featured_media":23579,"comment_status":"closed","ping_status":"open","sticky":false,"template":"","format":"standard","meta":{"ngg_post_thumbnail":0,"footnotes":""},"categories":[55,59],"tags":[],"class_list":["post-23574","post","type-post","status-publish","format-standard","has-post-thumbnail","hentry","category-dogajanje","category-sportna-tekmovanja"],"_links":{"self":[{"href":"https:\/\/sola-poljane.splet.arnes.si\/index.php?rest_route=\/wp\/v2\/posts\/23574","targetHints":{"allow":["GET"]}}],"collection":[{"href":"https:\/\/sola-poljane.splet.arnes.si\/index.php?rest_route=\/wp\/v2\/posts"}],"about":[{"href":"https:\/\/sola-poljane.splet.arnes.si\/index.php?rest_route=\/wp\/v2\/types\/post"}],"author":[{"embeddable":true,"href":"https:\/\/sola-poljane.splet.arnes.si\/index.php?rest_route=\/wp\/v2\/users\/56163"}],"replies":[{"embeddable":true,"href":"https:\/\/sola-poljane.splet.arnes.si\/index.php?rest_route=%2Fwp%2Fv2%2Fcomments&post=23574"}],"version-history":[{"count":5,"href":"https:\/\/sola-poljane.splet.arnes.si\/index.php?rest_route=\/wp\/v2\/posts\/23574\/revisions"}],"predecessor-version":[{"id":23581,"href":"https:\/\/sola-poljane.splet.arnes.si\/index.php?rest_route=\/wp\/v2\/posts\/23574\/revisions\/23581"}],"wp:featuredmedia":[{"embeddable":true,"href":"https:\/\/sola-poljane.splet.arnes.si\/index.php?rest_route=\/wp\/v2\/media\/23579"}],"wp:attachment":[{"href":"https:\/\/sola-poljane.splet.arnes.si\/index.php?rest_route=%2Fwp%2Fv2%2Fmedia&parent=23574"}],"wp:term":[{"taxonomy":"category","embeddable":true,"href":"https:\/\/sola-poljane.splet.arnes.si\/index.php?rest_route=%2Fwp%2Fv2%2Fcategories&post=23574"},{"taxonomy":"post_tag","embeddable":true,"href":"https:\/\/sola-poljane.splet.arnes.si\/index.php?rest_route=%2Fwp%2Fv2%2Ftags&post=23574"}],"curies":[{"name":"wp","href":"https:\/\/api.w.org\/{rel}","templated":true}]}}