{"id":23445,"date":"2022-02-13T17:32:57","date_gmt":"2022-02-13T16:32:57","guid":{"rendered":"https:\/\/sola-poljane.splet.arnes.si\/?p=23445"},"modified":"2022-02-13T17:32:57","modified_gmt":"2022-02-13T16:32:57","slug":"drsanje-v-ledni-dvorani","status":"publish","type":"post","link":"https:\/\/sola-poljane.splet.arnes.si\/?p=23445","title":{"rendered":"Drsanje v Ledni dvorani"},"content":{"rendered":"<h6><strong><em>Sreda, 9. 2. 2022<\/em><\/strong><\/h6>\n<p style=\"text-align: justify\">Z <strong>u\u010denci 4. in 5. razredov<\/strong> smo se odpravili v <span style=\"color: #3366ff\"><strong>Ledno dvorano v Kranj<\/strong><\/span>, kjer smo izvedli zimski \u0161portni dan z drsanjem.<\/p>\n<p style=\"text-align: justify\">Drsali\u0161\u010de je bilo pripravljeno le za nas. Hitro smo se preobuli in drug za drugim zadrsali po ledeni ploskvi. Bilo je super. Tudi tisti, ki so danes prvi\u010d drsali,\u00a0 so se koraj\u017eno podali na led. Ob pomo\u010di u\u010diteljev in za\u0161\u010ditne ograje so kmalu samostojno nabirali kroge.<\/p>\n<p style=\"text-align: justify\">Vsi obrazi so bili nasmejani in prav vsi smo bili zadovoljni.<\/p>\n<p><strong><em>Mojca Veber<\/em><\/strong><\/p>\n<p>&nbsp;<\/p>\n<p><em> ngg_shortcode_0_placeholder<\/em><\/p>\n","protected":false},"excerpt":{"rendered":"<p>Sreda, 9. 2. 2022 Z u\u010denci 4. in 5. razredov [&hellip;]<\/p>\n","protected":false},"author":56163,"featured_media":23450,"comment_status":"closed","ping_status":"open","sticky":false,"template":"","format":"standard","meta":{"ngg_post_thumbnail":0,"footnotes":""},"categories":[7,29,55],"tags":[],"class_list":["post-23445","post","type-post","status-publish","format-standard","has-post-thumbnail","hentry","category-dnevi-dejavnosti","category-dnevi-dejavnosti-3-triada","category-dogajanje"],"_links":{"self":[{"href":"https:\/\/sola-poljane.splet.arnes.si\/index.php?rest_route=\/wp\/v2\/posts\/23445","targetHints":{"allow":["GET"]}}],"collection":[{"href":"https:\/\/sola-poljane.splet.arnes.si\/index.php?rest_route=\/wp\/v2\/posts"}],"about":[{"href":"https:\/\/sola-poljane.splet.arnes.si\/index.php?rest_route=\/wp\/v2\/types\/post"}],"author":[{"embeddable":true,"href":"https:\/\/sola-poljane.splet.arnes.si\/index.php?rest_route=\/wp\/v2\/users\/56163"}],"replies":[{"embeddable":true,"href":"https:\/\/sola-poljane.splet.arnes.si\/index.php?rest_route=%2Fwp%2Fv2%2Fcomments&post=23445"}],"version-history":[{"count":4,"href":"https:\/\/sola-poljane.splet.arnes.si\/index.php?rest_route=\/wp\/v2\/posts\/23445\/revisions"}],"predecessor-version":[{"id":23449,"href":"https:\/\/sola-poljane.splet.arnes.si\/index.php?rest_route=\/wp\/v2\/posts\/23445\/revisions\/23449"}],"wp:featuredmedia":[{"embeddable":true,"href":"https:\/\/sola-poljane.splet.arnes.si\/index.php?rest_route=\/wp\/v2\/media\/23450"}],"wp:attachment":[{"href":"https:\/\/sola-poljane.splet.arnes.si\/index.php?rest_route=%2Fwp%2Fv2%2Fmedia&parent=23445"}],"wp:term":[{"taxonomy":"category","embeddable":true,"href":"https:\/\/sola-poljane.splet.arnes.si\/index.php?rest_route=%2Fwp%2Fv2%2Fcategories&post=23445"},{"taxonomy":"post_tag","embeddable":true,"href":"https:\/\/sola-poljane.splet.arnes.si\/index.php?rest_route=%2Fwp%2Fv2%2Ftags&post=23445"}],"curies":[{"name":"wp","href":"https:\/\/api.w.org\/{rel}","templated":true}]}}