{"id":23296,"date":"2022-01-28T19:15:00","date_gmt":"2022-01-28T18:15:00","guid":{"rendered":"https:\/\/sola-poljane.splet.arnes.si\/?p=23296"},"modified":"2022-01-28T19:15:24","modified_gmt":"2022-01-28T18:15:24","slug":"karierni-dan-za-devetosolce","status":"publish","type":"post","link":"https:\/\/sola-poljane.splet.arnes.si\/?p=23296","title":{"rendered":"Karierni dan za deveto\u0161olce"},"content":{"rendered":"<p style=\"text-align: justify\"><span style=\"color: #3366ff\"><strong>Kam naprej po osnovni \u0161oli?<\/strong> <\/span>To je v zadnjem \u010dasu pomembna tema pogovorov na\u0161ih deveto\u0161olcev. Trenutek, ko bodo za\u010deli od\u0161tevati dneve do zaklju\u010dka devetletke, je \u017ee zelo blizu.<\/p>\n<p style=\"text-align: justify\">A kam naprej, kje je njihova prihodnost, katera vrata srednje \u0161ole bodo prestopili 1. septembra? Pomembno vpra\u0161anje in z njim povezana odlo\u010ditev.<\/p>\n<p style=\"text-align: justify\">V ta namen smo zanje v torek, 25. januarja 2022, organizirali tehni\u0161ki dan, ki smo ga poimenovali <span style=\"color: #3366ff\"><strong>karierni dan<\/strong><\/span>. Njegov potek smo razdelili na dva dela. Dopoldan sta na \u0161oli potekali delavnici o kreativnih poklicih in poklicih prihodnosti. Popoldan pa so se preko Zooma, kar iz svojih sob, udele\u017eili \u0161e predstavitve nekaterih srednjih \u0161ol.<\/p>\n<p style=\"text-align: justify\"><span style=\"color: #ff6600\"><strong>Kako so do\u017eiveli ta dan in kak\u0161en je njihov pogled v lastno prihodnost?<\/strong><\/span><\/p>\n<p style=\"text-align: justify\"><em>\u00bbPredstavitve so mi bile v\u0161e\u010d, nekatere bolj, nekatere manj. Izvedela sem \u0161e ve\u010d podrobnosti, ki so me zanimale. Vesela sem, da so se predstavile tiste tri \u0161ole, ki sem si jih \u017eelela ogledati. Predstavitve so mi zelo pomagale pri kon\u010dni izbiri srednje \u0161ole. Sama bi si \u017eelela postati detektivka ali kriminalistka, ampak do tam je \u0161e dolga pot. Zdaj se bom potrudila, da uspe\u0161no zaklju\u010dim srednjo \u0161olo in nato bom videla, kam me nese prihodnost.\u00ab<\/em><\/p>\n<p style=\"text-align: justify\"><em><strong>\u0160pela \u0160turm, 9. b<\/strong><\/em><\/p>\n<p style=\"text-align: justify\"><em>\u00bbDana\u0161nji dan se mi je zdel dobro karierno podkovan. Dopoldanske delavnice so bile zanimive in spro\u0161\u010deno naravnane. Nau\u010dili smo se veliko o za\u017eelenih kompetencah na podro\u010dju delovnih mest. Predstavitve \u0161ol so bile nazorne in temeljite. Za poklice prihodnosti bi \u0161tela vse poklice na zdravstvenem podro\u010dju. Mislim, da je to trenutno in bo tudi v prihodnosti zelo iskana storitev. Sama sem se napotila v to stroko, saj se nameravam iz\u0161olati za laboratorijskega tehnika biomedicine. Ta poklic sem izbrala zaradi \u0161irokega spektra zaposlitve in s tem samega dela na podro\u010dju biologije.\u00ab<\/em><\/p>\n<p style=\"text-align: justify\"><strong> <em>Tadeja Kr\u017ei\u0161nik, 9. b<\/em><\/strong><\/p>\n<p style=\"text-align: justify\"><em>\u00bbDana\u0161nji dan se mi je zdel zanimiv in pou\u010den. Imeli smo tudi delavnico. Pri delavnici smo se veliko nau\u010dili o tem, da je vsak poklic po svoje kreativen in da je vsak \u010dlovek na svoj na\u010din kreativen \u2013 samo poiskati mora to kreativnost v sebi. Poklici prihodnosti se mi zdijo prav vsi, saj je vsak poklic na svoj na\u010din pomemben. Jaz sebe vidim kot ekonomistko. In tudi to je kreativen poklic, \u010deprav se marsikomu ne bi zdel. Poklic mi je v\u0161e\u010d, saj vklju\u010duje delo na ra\u010dunalniku in delo v pisarni.\u00ab<\/em><\/p>\n<p style=\"text-align: justify\"><em><strong>Ema Stanonik, 9. b<\/strong><\/em><\/p>\n<p style=\"text-align: justify\"><em>\u00bbDana\u0161nji dan se mi je zdel zanimiv, saj sem izvedela marsikaj novega. Izvedela sem tudi, kak\u0161na je \u0161ola. Dobro so predstavili svoje programe. Povedali pa so tudi, kako je s prevozi. Meni je v\u0161e\u010d pred\u0161olska vzgoja. Rada bi delala z otroki. Ta poklic mi je v\u0161e\u010d, ker imam rada otroke in ustvarjanje \u2026\u00ab<\/em><\/p>\n<p style=\"text-align: justify\"><em> <strong>Nu\u0161a Kos, 9. a<\/strong><\/em><\/p>\n<p>&nbsp;<\/p>\n<p style=\"text-align: justify\">ngg_shortcode_0_placeholder<\/p>\n","protected":false},"excerpt":{"rendered":"<p>Kam naprej po osnovni \u0161oli? To je v zadnjem \u010dasu [&hellip;]<\/p>\n","protected":false},"author":56163,"featured_media":23300,"comment_status":"closed","ping_status":"open","sticky":false,"template":"","format":"standard","meta":{"ngg_post_thumbnail":0,"footnotes":""},"categories":[15,55],"tags":[],"class_list":["post-23296","post","type-post","status-publish","format-standard","has-post-thumbnail","hentry","category-dnevi-dejavnosti-2-triada","category-dogajanje"],"_links":{"self":[{"href":"https:\/\/sola-poljane.splet.arnes.si\/index.php?rest_route=\/wp\/v2\/posts\/23296","targetHints":{"allow":["GET"]}}],"collection":[{"href":"https:\/\/sola-poljane.splet.arnes.si\/index.php?rest_route=\/wp\/v2\/posts"}],"about":[{"href":"https:\/\/sola-poljane.splet.arnes.si\/index.php?rest_route=\/wp\/v2\/types\/post"}],"author":[{"embeddable":true,"href":"https:\/\/sola-poljane.splet.arnes.si\/index.php?rest_route=\/wp\/v2\/users\/56163"}],"replies":[{"embeddable":true,"href":"https:\/\/sola-poljane.splet.arnes.si\/index.php?rest_route=%2Fwp%2Fv2%2Fcomments&post=23296"}],"version-history":[{"count":5,"href":"https:\/\/sola-poljane.splet.arnes.si\/index.php?rest_route=\/wp\/v2\/posts\/23296\/revisions"}],"predecessor-version":[{"id":23302,"href":"https:\/\/sola-poljane.splet.arnes.si\/index.php?rest_route=\/wp\/v2\/posts\/23296\/revisions\/23302"}],"wp:featuredmedia":[{"embeddable":true,"href":"https:\/\/sola-poljane.splet.arnes.si\/index.php?rest_route=\/wp\/v2\/media\/23300"}],"wp:attachment":[{"href":"https:\/\/sola-poljane.splet.arnes.si\/index.php?rest_route=%2Fwp%2Fv2%2Fmedia&parent=23296"}],"wp:term":[{"taxonomy":"category","embeddable":true,"href":"https:\/\/sola-poljane.splet.arnes.si\/index.php?rest_route=%2Fwp%2Fv2%2Fcategories&post=23296"},{"taxonomy":"post_tag","embeddable":true,"href":"https:\/\/sola-poljane.splet.arnes.si\/index.php?rest_route=%2Fwp%2Fv2%2Ftags&post=23296"}],"curies":[{"name":"wp","href":"https:\/\/api.w.org\/{rel}","templated":true}]}}