{"id":23027,"date":"2021-12-14T09:54:47","date_gmt":"2021-12-14T08:54:47","guid":{"rendered":"https:\/\/sola-poljane.splet.arnes.si\/?p=23027"},"modified":"2021-12-14T09:55:22","modified_gmt":"2021-12-14T08:55:22","slug":"10-december-dan-clovekovih-pravic","status":"publish","type":"post","link":"https:\/\/sola-poljane.splet.arnes.si\/?p=23027","title":{"rendered":"10. december \u2013 dan \u010dlovekovih pravic"},"content":{"rendered":"<p style=\"text-align: justify\"><span style=\"color: #3366ff\">O \u010dlovekovih pravicah danes sli\u0161imo veliko.<\/span> Mediji dnevno poro\u010dajo predvsem o kr\u0161itvah teh temeljnih pravic po vsem svetu. Prepri\u010danost o ve\u010dvrednosti dolo\u010denih skupin ljudi, zani\u010devanje drugih, \u017eelja po bogastvu, oblasti in ozemlju vodijo v vojne, lakoto, preseljevanje, tudi v smrt. Vse to je grozljivo, a smo nekako \u00bbpomirjeni\u00ab, ker se to ne dogaja nam, ker smo prepri\u010dani, da se \u010dlovekove pravice teptajo nekje dale\u010d od nas, na drugem koncu sveta, na televiziji, spletu \u2026 Pa ni \u010disto tako.<br \/>\n<span style=\"color: #3366ff\">Tudi sami smo verjetno kdaj pri\u010da ne\u010dlove\u0161kemu ravnanju do so\u010dloveka. Kaj storimo? Se obrnemo pro\u010d? Opomnimo tistega, ki povzro\u010da krivico? Ali pomagamo \u017ertvi? Mar nismo vsi ljudje in si vsi ne zaslu\u017eimo spo\u0161tovanja?<\/span><br \/>\nTe\u017eko se je v\u017eiveti v ko\u017eo drugega, ki trpi \u2013 pa naj bo to zato, ker je preprosto druga\u010den, ker ne deli enakih vrednot kot ostali, ker ni priljubljen, mogo\u010de prihaja od drugod, je druge rase, vere \u2026<\/p>\n<p style=\"text-align: justify\"><span style=\"color: #ff6600\"><strong>Na\u0161e u\u010denke in u\u010denci razmi\u0161ljajo o tem, ker se z njimi pogovarjamo tudi o \u010dlovekovih pravicah in o tem, kako bi se po\u010dutili, \u010de bi jim bile odvzete.<\/strong><\/span><\/p>\n<p style=\"text-align: justify\"><span style=\"color: #ff9900\"><strong>Prvo\u0161olci<\/strong><\/span> so po pogovoru o \u010dlovekovih pravicah narisali risbice, ki prikazujejo tudi druga\u010dne ljudi. <strong><span style=\"color: #ff9900\">U\u010denke in u\u010denci 8. razreda<\/span><\/strong> so svoje misli o druga\u010dnosti strnili v razmi\u0161ljanja, <strong><span style=\"color: #ff9900\">deveto\u0161olci<\/span><\/strong> pa so na temo druga\u010dnosti svoje misli ujeli v pesmi.<\/p>\n<p><strong><span style=\"color: #ff6600\">Oglejte si, kaj otroci sporo\u010dajo vrstnikom, odraslim, vsej dru\u017ebi in vsem ljudem.\u00a0<\/span><\/strong><\/p>\n<p>&nbsp;<\/p>\n<h3 style=\"text-align: center\"><span style=\"color: #993300\"><strong>PESMI DEVETO\u0160OLCEV<\/strong><\/span><\/h3>\n<p>&nbsp;<\/p>\n<p style=\"text-align: center\"><span style=\"color: #008000\"><strong>ENAK, VENDAR DRUGA\u010cEN<\/strong><\/span><\/p>\n<p style=\"text-align: center\">Po neskon\u010dni cesti fant gre sam,<br \/>\nvsi ga gledajo postrani,<br \/>\nmislijo, da je bolan,<br \/>\na le koraki niso mu podani.<\/p>\n<p style=\"text-align: center\">On si tega ne \u017eeli,<br \/>\nho\u010de, da bi ga sprejeli,<br \/>\nvendar tega ne dobi,<br \/>\nker ljudje druga\u010dnost so dojeli.<\/p>\n<p style=\"text-align: center\">Kamor pride, je odrinjen,<br \/>\nto je \u017ee dojel,<br \/>\nvedno je v kot porinjen,<br \/>\nsvet ga v zanko je ujel.<\/p>\n<p style=\"text-align: center\">\u017deli si, da neko\u010d bo bolje,<br \/>\nda svet ne bo tako tema\u010den,<br \/>\nda bodo razumeli njegovo vesolje,<br \/>\nker je enak, vendar druga\u010den.<\/p>\n<p style=\"text-align: center\"><em><strong>Hana Debeljak<\/strong><\/em><\/p>\n<p>&nbsp;<\/p>\n<p>&nbsp;<\/p>\n<div id='gallery-1' class='gallery galleryid-23027 gallery-columns-5 gallery-size-thumbnail'><figure class='gallery-item'>\n\t\t\t<div class='gallery-icon landscape'>\n\t\t\t\t<a href='https:\/\/sola-poljane.splet.arnes.si\/?attachment_id=23055'><img loading=\"lazy\" decoding=\"async\" width=\"150\" height=\"150\" src=\"https:\/\/sola-poljane.splet.arnes.si\/files\/2021\/12\/1b-Druga\u010dnost_2021_001-150x150.jpg\" class=\"attachment-thumbnail size-thumbnail\" alt=\"\" srcset=\"https:\/\/sola-poljane.splet.arnes.si\/files\/2021\/12\/1b-Druga\u010dnost_2021_001-150x150.jpg 150w, https:\/\/sola-poljane.splet.arnes.si\/files\/2021\/12\/1b-Druga\u010dnost_2021_001-100x100.jpg 100w\" sizes=\"auto, (max-width: 150px) 100vw, 150px\" \/><\/a>\n\t\t\t<\/div><\/figure><figure class='gallery-item'>\n\t\t\t<div class='gallery-icon landscape'>\n\t\t\t\t<a href='https:\/\/sola-poljane.splet.arnes.si\/?attachment_id=23056'><img loading=\"lazy\" decoding=\"async\" width=\"150\" height=\"150\" src=\"https:\/\/sola-poljane.splet.arnes.si\/files\/2021\/12\/1b-Druga\u010dnost_2021_002-150x150.jpg\" class=\"attachment-thumbnail size-thumbnail\" alt=\"\" srcset=\"https:\/\/sola-poljane.splet.arnes.si\/files\/2021\/12\/1b-Druga\u010dnost_2021_002-150x150.jpg 150w, https:\/\/sola-poljane.splet.arnes.si\/files\/2021\/12\/1b-Druga\u010dnost_2021_002-100x100.jpg 100w\" sizes=\"auto, (max-width: 150px) 100vw, 150px\" \/><\/a>\n\t\t\t<\/div><\/figure><figure class='gallery-item'>\n\t\t\t<div class='gallery-icon landscape'>\n\t\t\t\t<a href='https:\/\/sola-poljane.splet.arnes.si\/?attachment_id=23057'><img loading=\"lazy\" decoding=\"async\" width=\"150\" height=\"150\" src=\"https:\/\/sola-poljane.splet.arnes.si\/files\/2021\/12\/1b-Druga\u010dnost_2021_003-150x150.jpg\" class=\"attachment-thumbnail size-thumbnail\" alt=\"\" srcset=\"https:\/\/sola-poljane.splet.arnes.si\/files\/2021\/12\/1b-Druga\u010dnost_2021_003-150x150.jpg 150w, https:\/\/sola-poljane.splet.arnes.si\/files\/2021\/12\/1b-Druga\u010dnost_2021_003-100x100.jpg 100w\" sizes=\"auto, (max-width: 150px) 100vw, 150px\" \/><\/a>\n\t\t\t<\/div><\/figure><figure class='gallery-item'>\n\t\t\t<div class='gallery-icon landscape'>\n\t\t\t\t<a href='https:\/\/sola-poljane.splet.arnes.si\/?attachment_id=23058'><img loading=\"lazy\" decoding=\"async\" width=\"150\" height=\"150\" src=\"https:\/\/sola-poljane.splet.arnes.si\/files\/2021\/12\/1b-Druga\u010dnost_2021_004-150x150.jpg\" class=\"attachment-thumbnail size-thumbnail\" alt=\"\" srcset=\"https:\/\/sola-poljane.splet.arnes.si\/files\/2021\/12\/1b-Druga\u010dnost_2021_004-150x150.jpg 150w, https:\/\/sola-poljane.splet.arnes.si\/files\/2021\/12\/1b-Druga\u010dnost_2021_004-100x100.jpg 100w\" sizes=\"auto, (max-width: 150px) 100vw, 150px\" \/><\/a>\n\t\t\t<\/div><\/figure><figure class='gallery-item'>\n\t\t\t<div class='gallery-icon landscape'>\n\t\t\t\t<a href='https:\/\/sola-poljane.splet.arnes.si\/?attachment_id=23059'><img loading=\"lazy\" decoding=\"async\" width=\"150\" height=\"150\" src=\"https:\/\/sola-poljane.splet.arnes.si\/files\/2021\/12\/1b-Druga\u010dnost_2021_005-150x150.jpg\" class=\"attachment-thumbnail size-thumbnail\" alt=\"\" srcset=\"https:\/\/sola-poljane.splet.arnes.si\/files\/2021\/12\/1b-Druga\u010dnost_2021_005-150x150.jpg 150w, https:\/\/sola-poljane.splet.arnes.si\/files\/2021\/12\/1b-Druga\u010dnost_2021_005-100x100.jpg 100w\" sizes=\"auto, (max-width: 150px) 100vw, 150px\" \/><\/a>\n\t\t\t<\/div><\/figure>\n\t\t<\/div>\n\n<table class=\" aligncenter\" style=\"width: 768px\">\n<tbody>\n<tr>\n<td style=\"width: 10px\" width=\"201\"><\/td>\n<td style=\"width: 397px\" width=\"201\">\n<p style=\"text-align: center\"><span style=\"color: #008000\"><strong>MISLI\u0160, DA SI BOLJ\u0160I?<\/strong><\/span><\/p>\n<p style=\"text-align: center\">\u010crno telo, izmu\u010den obraz,<br \/>\nprijazna beseda daje ti glas.<\/p>\n<p style=\"text-align: center\">V vojni si trpel, umrli so ti vsi,<br \/>\nbrez doma si ostal in stradal si.<br \/>\n\u0160el si na pot prek daljnega morja,<br \/>\npri\u0161el si v de\u017eelo, kjer vsak svoj dom ima.<\/p>\n<p style=\"text-align: center\">Izogibajo se te vsi, ker temen si.<br \/>\nNa ulici \u017eivi\u0161, za \u017eivljenje se bori\u0161.<br \/>\nZa hrano prosi\u0161, nih\u010de ti je ne da,<br \/>\nle sem pa tja kak\u0161na so\u010dutna gospa.<\/p>\n<p style=\"text-align: center\">Kaj pa ti, ki bele polti si?<br \/>\nMisli\u0161, da si bolj\u0161i, ker denar ima\u0161?<br \/>\nMisli\u0161, da si bolj\u0161i, ker svobodo ima\u0161?<br \/>\nMisli\u0161, da si bolj\u0161i, ker svoj dom ima\u0161?<\/p>\n<p style=\"text-align: center\">Se zaveda\u0161, da se lahko v trenutku vse spremeni,<br \/>\nko pri drugih iskal pomo\u010d bo\u0161 tudi ti?<\/p>\n<p style=\"text-align: center\"><em><strong>Dominik Pisk, <\/strong><strong>Bla\u017e \u0160ubic in <\/strong><strong>Timotej Kos<\/strong><\/em><\/p>\n<p>&nbsp;<\/td>\n<td style=\"width: 470px\" width=\"201\">\n<p style=\"text-align: center\"><span style=\"color: #008000\"><strong>ZAKAJ RAVNO JAZ?<\/strong><\/span><\/p>\n<p style=\"text-align: center\">Pretekli dogodki mali\u010dijo moj obraz,<br \/>\nspominjajo me na pretekli \u010das.<\/p>\n<p style=\"text-align: center\">Postranski pogled,<br \/>\notro\u0161ki zakrit je \u0161epet,<br \/>\nporajajo se vpra\u0161anja,<br \/>\na ljudem se o meni ne sanja.<\/p>\n<p style=\"text-align: center\">V sebi kri\u010dim,<br \/>\nna zunaj mol\u010dim,<br \/>\na \u017eelja ostaja<br \/>\nin upanje poraja.<\/p>\n<p style=\"text-align: center\">Notranjost se skriva,<br \/>\nzunanjost jo izpodriva,<br \/>\na senca pri vseh je enaka,<br \/>\nod reve\u017ea in do korenjaka.<\/p>\n<p style=\"text-align: center\">Zakaj ravno jaz sem ta,<br \/>\nki \u017eivljenje ne mara ga?<br \/>\nKaj naj naredim,<br \/>\nda od drugih spo\u0161tovanje pridobim?<\/p>\n<p style=\"text-align: center\">So drugi bolj\u0161i kot jaz,<br \/>\nker zmali\u010den njihov ni obraz?<br \/>\nAli res samo popolnost velja<br \/>\nin druga\u010dnost vedno bo izpodrinjena s tega sveta<\/p>\n<p style=\"text-align: center\"><em><strong>Tadeja Kr\u017ei\u0161nik in <\/strong><strong>Tadeja Omejc<\/strong><\/em><\/p>\n<p>&nbsp;<\/td>\n<\/tr>\n<\/tbody>\n<\/table>\n<p>&nbsp;<\/p>\n<p>&nbsp;<\/p>\n<h3 style=\"text-align: center\"><span style=\"color: #993300\"><strong>MISLI OSMO\u0160OLCEV<\/strong><\/span><\/h3>\n<p>&nbsp;<\/p>\n<p style=\"text-align: justify\">Kaj je druga\u010dnost?<\/p>\n<p style=\"text-align: justify\">Je to izklju\u010devanje drugih, ker so druga\u010dni od tebe, se u\u010dijo druge stvari kot ti, imajo druga\u010dno telo, lastnosti, so iz drugih krajev, imajo druga\u010dno mnenje, s katerim se ne strinja\u0161, so mogo\u010de glasnej\u0161i, so bolj tihi? Ne bodi nestrpen. Ne pravim, da ti morajo biti vsi ljudje v\u0161e\u010d, in to je normalno, ampak ne ka\u017ei tega z glasnostjo, posmehovanjem, \u017ealitvijo, izklju\u010devanjem, nestrpnostjo ali celo z nasiljem. Bodi po\u0161ten in daj vsakemu mo\u017enost spoznavati nove stvari. Tudi ti bo\u0161 kaj novega spoznal in mogo\u010de ti bo v\u0161e\u010d. Tudi ti bo\u0161 mogo\u010de kdaj potreboval so\u010dutje, strpnost in razumevanje.<\/p>\n<p style=\"text-align: justify\"><span style=\"color: #ff6600\"><strong>\u010ce se vsak vsaj malo potrudi, bo svet \u017ee malo lep\u0161i. In tega si vsi \u017eelimo.<\/strong><\/span><\/p>\n<p style=\"text-align: justify\"><strong><em>Maja \u0160ink<\/em><\/strong><\/p>\n<p style=\"text-align: center\"><span style=\"color: #3366ff\"><strong>**********<\/strong><\/span><\/p>\n<p style=\"text-align: justify\">Tudi v \u0161oli je premalo strpnosti in preve\u010d izklju\u010devanja. \u010ce vidim, da nekoga izklju\u010dujejo iz dru\u017ebe, se mi skoraj vedno zasmili in rad bi mu pomagal. V\u010dasih tudi mene malo zanese, vendar se hitro popravim. Star\u0161i so tisti, ki nas vzgajajo, da se lepo obna\u0161amo in spo\u0161tujemo druge. \u010ce \u017ee star\u0161i niso bili lepo vzgojeni v strpnosti in razumevanju, potem verjetno tudi otrok ne bo.<\/p>\n<p style=\"text-align: justify\"><span style=\"color: #ff6600\"><strong>Zdaj, med korono, se celo odrasli prepirajo med seboj. To nam vzbuja skrbi, saj se iz tega lahko razvije \u0161e kaj huj\u0161ega.<\/strong><\/span><\/p>\n<p style=\"text-align: justify\"><em><strong>Bla\u017e Jur\u010di\u010d<\/strong><\/em><\/p>\n<p style=\"text-align: center\"><span style=\"color: #3366ff\"><strong>**********<\/strong><\/span><\/p>\n<div id='gallery-2' class='gallery galleryid-23027 gallery-columns-5 gallery-size-thumbnail'><figure class='gallery-item'>\n\t\t\t<div class='gallery-icon landscape'>\n\t\t\t\t<a href='https:\/\/sola-poljane.splet.arnes.si\/?attachment_id=23064'><img loading=\"lazy\" decoding=\"async\" width=\"150\" height=\"150\" src=\"https:\/\/sola-poljane.splet.arnes.si\/files\/2021\/12\/1b-Druga\u010dnost_2021_010-150x150.jpg\" class=\"attachment-thumbnail size-thumbnail\" alt=\"\" srcset=\"https:\/\/sola-poljane.splet.arnes.si\/files\/2021\/12\/1b-Druga\u010dnost_2021_010-150x150.jpg 150w, https:\/\/sola-poljane.splet.arnes.si\/files\/2021\/12\/1b-Druga\u010dnost_2021_010-100x100.jpg 100w\" sizes=\"auto, (max-width: 150px) 100vw, 150px\" \/><\/a>\n\t\t\t<\/div><\/figure><figure class='gallery-item'>\n\t\t\t<div class='gallery-icon landscape'>\n\t\t\t\t<a href='https:\/\/sola-poljane.splet.arnes.si\/?attachment_id=23063'><img loading=\"lazy\" decoding=\"async\" width=\"150\" height=\"150\" src=\"https:\/\/sola-poljane.splet.arnes.si\/files\/2021\/12\/1b-Druga\u010dnost_2021_009-150x150.jpg\" class=\"attachment-thumbnail size-thumbnail\" alt=\"\" srcset=\"https:\/\/sola-poljane.splet.arnes.si\/files\/2021\/12\/1b-Druga\u010dnost_2021_009-150x150.jpg 150w, https:\/\/sola-poljane.splet.arnes.si\/files\/2021\/12\/1b-Druga\u010dnost_2021_009-100x100.jpg 100w\" sizes=\"auto, (max-width: 150px) 100vw, 150px\" \/><\/a>\n\t\t\t<\/div><\/figure><figure class='gallery-item'>\n\t\t\t<div class='gallery-icon landscape'>\n\t\t\t\t<a href='https:\/\/sola-poljane.splet.arnes.si\/?attachment_id=23062'><img loading=\"lazy\" decoding=\"async\" width=\"150\" height=\"150\" src=\"https:\/\/sola-poljane.splet.arnes.si\/files\/2021\/12\/1b-Druga\u010dnost_2021_008-150x150.jpg\" class=\"attachment-thumbnail size-thumbnail\" alt=\"\" srcset=\"https:\/\/sola-poljane.splet.arnes.si\/files\/2021\/12\/1b-Druga\u010dnost_2021_008-150x150.jpg 150w, https:\/\/sola-poljane.splet.arnes.si\/files\/2021\/12\/1b-Druga\u010dnost_2021_008-100x100.jpg 100w\" sizes=\"auto, (max-width: 150px) 100vw, 150px\" \/><\/a>\n\t\t\t<\/div><\/figure><figure class='gallery-item'>\n\t\t\t<div class='gallery-icon landscape'>\n\t\t\t\t<a href='https:\/\/sola-poljane.splet.arnes.si\/?attachment_id=23061'><img loading=\"lazy\" decoding=\"async\" width=\"150\" height=\"150\" src=\"https:\/\/sola-poljane.splet.arnes.si\/files\/2021\/12\/1b-Druga\u010dnost_2021_007-150x150.jpg\" class=\"attachment-thumbnail size-thumbnail\" alt=\"\" srcset=\"https:\/\/sola-poljane.splet.arnes.si\/files\/2021\/12\/1b-Druga\u010dnost_2021_007-150x150.jpg 150w, https:\/\/sola-poljane.splet.arnes.si\/files\/2021\/12\/1b-Druga\u010dnost_2021_007-100x100.jpg 100w\" sizes=\"auto, (max-width: 150px) 100vw, 150px\" \/><\/a>\n\t\t\t<\/div><\/figure><figure class='gallery-item'>\n\t\t\t<div class='gallery-icon landscape'>\n\t\t\t\t<a href='https:\/\/sola-poljane.splet.arnes.si\/?attachment_id=23060'><img loading=\"lazy\" decoding=\"async\" width=\"150\" height=\"150\" src=\"https:\/\/sola-poljane.splet.arnes.si\/files\/2021\/12\/1b-Druga\u010dnost_2021_006-150x150.jpg\" class=\"attachment-thumbnail size-thumbnail\" alt=\"\" srcset=\"https:\/\/sola-poljane.splet.arnes.si\/files\/2021\/12\/1b-Druga\u010dnost_2021_006-150x150.jpg 150w, https:\/\/sola-poljane.splet.arnes.si\/files\/2021\/12\/1b-Druga\u010dnost_2021_006-100x100.jpg 100w\" sizes=\"auto, (max-width: 150px) 100vw, 150px\" \/><\/a>\n\t\t\t<\/div><\/figure>\n\t\t<\/div>\n\n<p style=\"text-align: justify\">\u010ce smo nestrpni in soljudi izklju\u010dujemo, si mo\u017enosti, da bi jih spoznali, sploh ne ustvarimo. Navadno jih presojamo le po zunanjosti, na\u010dinu govora, barvi ko\u017ee ali na\u010dinu obla\u010denja. Zelo hitro se zgodi, da jih uvrstimo v neko skupino in podle\u017eemo predsodkom.<\/p>\n<p style=\"text-align: justify\">Vsakega \u010dloveka moramo zares spoznati, tudi tistega, ki je druga\u010den od nas. \u010ce nam kaj pri njem ni v\u0161e\u010d, moramo vseeno biti previdni in po\u0161teni \u2013 nikoli NE obsodimo vse skupnosti, rase, vere ali spolne usmerjenosti, ki ji pripada. <span style=\"color: #ff6600\"><strong>Proti predsodkom lahko marsikaj naredimo kar sami, \u010de nekoga, ki se niti malo ne ujema s pri\u010dakovanji ve\u010dine, predstavimo svojim znancem in prijateljem in s tem razblinimo predsodke.<\/strong><\/span><\/p>\n<p style=\"text-align: justify\"><em><strong>Mirjam Bo\u017enar<\/strong><\/em><\/p>\n<p style=\"text-align: center\"><span style=\"color: #3366ff\"><strong>**********<\/strong><\/span><\/p>\n<p style=\"text-align: justify\">Kako pa bi bilo, \u010de bi vsi bili enaki? To bi bilo grozno za cel svet. Ne bi spoznavali ne novih ljudi ne novih stvari, ni\u010desar ne bi izumili, ne bi bilo napredka, vsi bi enako mislili \u2013 to bi bilo grozno. Tudi nestrinjanje, prepiri in protesti so tu, ker smo si razli\u010dni. Vse to po\u010dnemo, ker smo si razli\u010dni. A pri vsem, kar po\u010dnemo in govorimo, moramo biti spo\u0161tljivi in upo\u0161tevati tudi mnenja in poglede drugih.<\/p>\n<p style=\"text-align: justify\"><span style=\"color: #ff6600\"><strong>Da smo druga\u010dni, to je res dobra stvar!<\/strong><\/span><\/p>\n<p><em><strong>Nastja Tratnik<\/strong><\/em><\/p>\n<p style=\"text-align: center\"><span style=\"color: #3366ff\"><strong>**********<\/strong><\/span><\/p>\n<p style=\"text-align: justify\">Sodobne oblike diskriminacije lahko velikokrat vodijo v sovra\u0161tvo do drugih in druga\u010dnih. Veliko ljudi strah spremeni v jezo, jezo v sovra\u0161tvo in temu ne sledi ni\u010d dobrega. Pri tem pomagajo tudi stereotipi o narodih, verah in prepri\u010danjih dolo\u010denih skupin ljudi.<\/p>\n<p style=\"text-align: justify\"><span style=\"color: #ff6600\"><strong>Ne sodimo knjige po platnicah, odprimo jo in jo preberimo. V vsakem primeru bomo bogatej\u0161i.<\/strong><\/span><\/p>\n<p style=\"text-align: justify\"><em><strong>Tara Kos<\/strong><\/em><\/p>\n<p style=\"text-align: center\"><span style=\"color: #3366ff\"><strong>**********<\/strong><\/span><\/p>\n<p style=\"text-align: justify\">Prav zaradi druga\u010dnosti je vsak \u010dlovek to, kar je. Razli\u010dni smo si v vseh mo\u017enih stvareh, npr. po spolu, po rasi, barvi ko\u017ee \u2026 Ne pa samo po tem, ampak tudi po na\u0161em pogledu na svet, na\u0161ih ob\u010dutkih, vrednotah in osebnosti.<\/p>\n<p style=\"text-align: justify\">V dana\u0161njem \u010dasu se je zakoreninila &#8216;popolna podoba \u010dloveka&#8217; \u2013 da mora\u0161 biti &#8216;lep&#8217;, suhe postave, svetle polti, v\u0161e\u010d ti mora biti nasprotni spol \u2026 Mnogi, ki tej ideji ne ustrezajo, so odrinjeni, lahko so izpostavljeni psihi\u010dnemu in celo fizi\u010dnemu nasilju. Zaradi epidemije koronavirusa pa je nestrpnosti \u0161e ve\u010d, saj se ljudje lo\u010dujejo Ncelo a cepljene in necepljene. \u017dalostno je, da vedno prihaja do novih in novih delitev med nami.<\/p>\n<p>Drug drugega bi morali spo\u0161tovati ne glede na razlike. Vsi smo ljudje.<\/p>\n<p><span style=\"color: #ff6600\"><strong>Dovolj je bilo nestrpnosti, ker je druga\u010dnost normalna in druga\u010dnost naredi \u010dloveka!<\/strong><\/span><\/p>\n<p><em><strong>Zoja Klemen\u010di\u010d<\/strong><\/em><\/p>\n<div id='gallery-3' class='gallery galleryid-23027 gallery-columns-5 gallery-size-thumbnail'><figure class='gallery-item'>\n\t\t\t<div class='gallery-icon landscape'>\n\t\t\t\t<a href='https:\/\/sola-poljane.splet.arnes.si\/?attachment_id=23065'><img loading=\"lazy\" decoding=\"async\" width=\"150\" height=\"150\" src=\"https:\/\/sola-poljane.splet.arnes.si\/files\/2021\/12\/1b-Druga\u010dnost_2021_011-150x150.jpg\" class=\"attachment-thumbnail size-thumbnail\" alt=\"\" srcset=\"https:\/\/sola-poljane.splet.arnes.si\/files\/2021\/12\/1b-Druga\u010dnost_2021_011-150x150.jpg 150w, https:\/\/sola-poljane.splet.arnes.si\/files\/2021\/12\/1b-Druga\u010dnost_2021_011-100x100.jpg 100w\" sizes=\"auto, (max-width: 150px) 100vw, 150px\" \/><\/a>\n\t\t\t<\/div><\/figure><figure class='gallery-item'>\n\t\t\t<div class='gallery-icon landscape'>\n\t\t\t\t<a href='https:\/\/sola-poljane.splet.arnes.si\/?attachment_id=23069'><img loading=\"lazy\" decoding=\"async\" width=\"150\" height=\"150\" src=\"https:\/\/sola-poljane.splet.arnes.si\/files\/2021\/12\/1b-Druga\u010dnost_2021_015-150x150.jpg\" class=\"attachment-thumbnail size-thumbnail\" alt=\"\" srcset=\"https:\/\/sola-poljane.splet.arnes.si\/files\/2021\/12\/1b-Druga\u010dnost_2021_015-150x150.jpg 150w, https:\/\/sola-poljane.splet.arnes.si\/files\/2021\/12\/1b-Druga\u010dnost_2021_015-100x100.jpg 100w\" sizes=\"auto, (max-width: 150px) 100vw, 150px\" \/><\/a>\n\t\t\t<\/div><\/figure><figure class='gallery-item'>\n\t\t\t<div class='gallery-icon landscape'>\n\t\t\t\t<a href='https:\/\/sola-poljane.splet.arnes.si\/?attachment_id=23068'><img loading=\"lazy\" decoding=\"async\" width=\"150\" height=\"150\" src=\"https:\/\/sola-poljane.splet.arnes.si\/files\/2021\/12\/1b-Druga\u010dnost_2021_014-150x150.jpg\" class=\"attachment-thumbnail size-thumbnail\" alt=\"\" srcset=\"https:\/\/sola-poljane.splet.arnes.si\/files\/2021\/12\/1b-Druga\u010dnost_2021_014-150x150.jpg 150w, https:\/\/sola-poljane.splet.arnes.si\/files\/2021\/12\/1b-Druga\u010dnost_2021_014-100x100.jpg 100w\" sizes=\"auto, (max-width: 150px) 100vw, 150px\" \/><\/a>\n\t\t\t<\/div><\/figure><figure class='gallery-item'>\n\t\t\t<div class='gallery-icon landscape'>\n\t\t\t\t<a href='https:\/\/sola-poljane.splet.arnes.si\/?attachment_id=23067'><img loading=\"lazy\" decoding=\"async\" width=\"150\" height=\"150\" src=\"https:\/\/sola-poljane.splet.arnes.si\/files\/2021\/12\/1b-Druga\u010dnost_2021_013-150x150.jpg\" class=\"attachment-thumbnail size-thumbnail\" alt=\"\" srcset=\"https:\/\/sola-poljane.splet.arnes.si\/files\/2021\/12\/1b-Druga\u010dnost_2021_013-150x150.jpg 150w, https:\/\/sola-poljane.splet.arnes.si\/files\/2021\/12\/1b-Druga\u010dnost_2021_013-100x100.jpg 100w\" sizes=\"auto, (max-width: 150px) 100vw, 150px\" \/><\/a>\n\t\t\t<\/div><\/figure><figure class='gallery-item'>\n\t\t\t<div class='gallery-icon landscape'>\n\t\t\t\t<a href='https:\/\/sola-poljane.splet.arnes.si\/?attachment_id=23066'><img loading=\"lazy\" decoding=\"async\" width=\"150\" height=\"150\" src=\"https:\/\/sola-poljane.splet.arnes.si\/files\/2021\/12\/1b-Druga\u010dnost_2021_012-150x150.jpg\" class=\"attachment-thumbnail size-thumbnail\" alt=\"\" srcset=\"https:\/\/sola-poljane.splet.arnes.si\/files\/2021\/12\/1b-Druga\u010dnost_2021_012-150x150.jpg 150w, https:\/\/sola-poljane.splet.arnes.si\/files\/2021\/12\/1b-Druga\u010dnost_2021_012-100x100.jpg 100w\" sizes=\"auto, (max-width: 150px) 100vw, 150px\" \/><\/a>\n\t\t\t<\/div><\/figure>\n\t\t<\/div>\n\n<p>&nbsp;<\/p>\n<p>&nbsp;<\/p>\n","protected":false},"excerpt":{"rendered":"<p>O \u010dlovekovih pravicah danes sli\u0161imo veliko. Mediji dnevno poro\u010dajo predvsem [&hellip;]<\/p>\n","protected":false},"author":56163,"featured_media":23071,"comment_status":"closed","ping_status":"open","sticky":false,"template":"","format":"standard","meta":{"ngg_post_thumbnail":0,"footnotes":""},"categories":[55,37,61],"tags":[],"class_list":["post-23027","post","type-post","status-publish","format-standard","has-post-thumbnail","hentry","category-dogajanje","category-natecaji","category-unesco"],"_links":{"self":[{"href":"https:\/\/sola-poljane.splet.arnes.si\/index.php?rest_route=\/wp\/v2\/posts\/23027","targetHints":{"allow":["GET"]}}],"collection":[{"href":"https:\/\/sola-poljane.splet.arnes.si\/index.php?rest_route=\/wp\/v2\/posts"}],"about":[{"href":"https:\/\/sola-poljane.splet.arnes.si\/index.php?rest_route=\/wp\/v2\/types\/post"}],"author":[{"embeddable":true,"href":"https:\/\/sola-poljane.splet.arnes.si\/index.php?rest_route=\/wp\/v2\/users\/56163"}],"replies":[{"embeddable":true,"href":"https:\/\/sola-poljane.splet.arnes.si\/index.php?rest_route=%2Fwp%2Fv2%2Fcomments&post=23027"}],"version-history":[{"count":11,"href":"https:\/\/sola-poljane.splet.arnes.si\/index.php?rest_route=\/wp\/v2\/posts\/23027\/revisions"}],"predecessor-version":[{"id":23073,"href":"https:\/\/sola-poljane.splet.arnes.si\/index.php?rest_route=\/wp\/v2\/posts\/23027\/revisions\/23073"}],"wp:featuredmedia":[{"embeddable":true,"href":"https:\/\/sola-poljane.splet.arnes.si\/index.php?rest_route=\/wp\/v2\/media\/23071"}],"wp:attachment":[{"href":"https:\/\/sola-poljane.splet.arnes.si\/index.php?rest_route=%2Fwp%2Fv2%2Fmedia&parent=23027"}],"wp:term":[{"taxonomy":"category","embeddable":true,"href":"https:\/\/sola-poljane.splet.arnes.si\/index.php?rest_route=%2Fwp%2Fv2%2Fcategories&post=23027"},{"taxonomy":"post_tag","embeddable":true,"href":"https:\/\/sola-poljane.splet.arnes.si\/index.php?rest_route=%2Fwp%2Fv2%2Ftags&post=23027"}],"curies":[{"name":"wp","href":"https:\/\/api.w.org\/{rel}","templated":true}]}}