{"id":23022,"date":"2021-12-10T18:23:59","date_gmt":"2021-12-10T17:23:59","guid":{"rendered":"https:\/\/sola-poljane.splet.arnes.si\/?p=23022"},"modified":"2021-12-10T18:26:26","modified_gmt":"2021-12-10T17:26:26","slug":"muzej-poste-in-telekomunikacij","status":"publish","type":"post","link":"https:\/\/sola-poljane.splet.arnes.si\/?p=23022","title":{"rendered":"Muzej po\u0161te in telekomunikacij"},"content":{"rendered":"<p style=\"text-align: justify\">V sredo, 8. 12. 2021, smo se u\u010denci osmih razredov odpravili v Polhov Gradec v <span style=\"color: #ff6600\"><strong>Muzej po\u0161te in telekomunikacij<\/strong><\/span> na tehni\u0161ki dan. Po prihodu smo se najprej razdelili po razredih. Prva skupina se je odpravila na ogled muzejske zbirke, druga skupina pa na delavnico, v kateri so izdelali po\u0161tni rog. U\u010diteljica nam je v vsaki sobi povedala in pokazala veliko zanimivih stvari o zgodovini po\u0161te ter telekomunikacij. Izvedeli smo, kako so v starih \u010dasih prena\u0161ali po\u0161to z golobi. To je bilo tako, da so golobom na nogo zavezali zvitek in jih iz dolo\u010denega kraja izpustili, da so prenesli sporo\u010dilo na svoj dom. Povedala in razlo\u017eila je, kako so v\u010dasih delovale telekomunikacije v Sloveniji. Po ogledu muzejske zbirke smo imeli malico, potem pa smo se \u0161e mi lotili izdelave po\u0161tnega roga. Bilo je zelo zabavno, sploh ko smo na koncu vsi na enkrat zatrobili.<\/p>\n<p><strong><em>Ajda Ficko, 8. b<\/em><\/strong><\/p>\n<p><strong><em>\u00a0<\/em><\/strong><\/p>\nngg_shortcode_0_placeholder\n","protected":false},"excerpt":{"rendered":"<p>V sredo, 8. 12. 2021, smo se u\u010denci osmih razredov [&hellip;]<\/p>\n","protected":false},"author":56163,"featured_media":23026,"comment_status":"closed","ping_status":"open","sticky":false,"template":"","format":"standard","meta":{"ngg_post_thumbnail":0,"footnotes":""},"categories":[15,55],"tags":[],"class_list":["post-23022","post","type-post","status-publish","format-standard","has-post-thumbnail","hentry","category-dnevi-dejavnosti-2-triada","category-dogajanje"],"_links":{"self":[{"href":"https:\/\/sola-poljane.splet.arnes.si\/index.php?rest_route=\/wp\/v2\/posts\/23022","targetHints":{"allow":["GET"]}}],"collection":[{"href":"https:\/\/sola-poljane.splet.arnes.si\/index.php?rest_route=\/wp\/v2\/posts"}],"about":[{"href":"https:\/\/sola-poljane.splet.arnes.si\/index.php?rest_route=\/wp\/v2\/types\/post"}],"author":[{"embeddable":true,"href":"https:\/\/sola-poljane.splet.arnes.si\/index.php?rest_route=\/wp\/v2\/users\/56163"}],"replies":[{"embeddable":true,"href":"https:\/\/sola-poljane.splet.arnes.si\/index.php?rest_route=%2Fwp%2Fv2%2Fcomments&post=23022"}],"version-history":[{"count":3,"href":"https:\/\/sola-poljane.splet.arnes.si\/index.php?rest_route=\/wp\/v2\/posts\/23022\/revisions"}],"predecessor-version":[{"id":23025,"href":"https:\/\/sola-poljane.splet.arnes.si\/index.php?rest_route=\/wp\/v2\/posts\/23022\/revisions\/23025"}],"wp:featuredmedia":[{"embeddable":true,"href":"https:\/\/sola-poljane.splet.arnes.si\/index.php?rest_route=\/wp\/v2\/media\/23026"}],"wp:attachment":[{"href":"https:\/\/sola-poljane.splet.arnes.si\/index.php?rest_route=%2Fwp%2Fv2%2Fmedia&parent=23022"}],"wp:term":[{"taxonomy":"category","embeddable":true,"href":"https:\/\/sola-poljane.splet.arnes.si\/index.php?rest_route=%2Fwp%2Fv2%2Fcategories&post=23022"},{"taxonomy":"post_tag","embeddable":true,"href":"https:\/\/sola-poljane.splet.arnes.si\/index.php?rest_route=%2Fwp%2Fv2%2Ftags&post=23022"}],"curies":[{"name":"wp","href":"https:\/\/api.w.org\/{rel}","templated":true}]}}