{"id":22810,"date":"2021-11-06T11:30:49","date_gmt":"2021-11-06T10:30:49","guid":{"rendered":"https:\/\/sola-poljane.splet.arnes.si\/?p=22810"},"modified":"2021-11-10T22:39:25","modified_gmt":"2021-11-10T21:39:25","slug":"plakat-miru-vsi-smo-povezani","status":"publish","type":"post","link":"https:\/\/sola-poljane.splet.arnes.si\/?p=22810","title":{"rendered":"Plakat miru \u2013 Vsi smo povezani"},"content":{"rendered":"<p><em>Vsako leto <strong><span style=\"color: #008000\">Lions klubi<\/span> <\/strong>s celega sveta sponzorirajo <span style=\"color: #008000\">mednarodni likovni nate\u010daj <strong>\u00bbPlakat miru\u00ab<\/strong> v lokalnem okolju<\/span>.<\/em><\/p>\n<p style=\"text-align: justify\">Leto\u0161nji 34. ( na svetovnem nivoju) nate\u010daj Plakat miru nosi ime <strong><span style=\"color: #008000\">&#8220;We are all connected&#8221; \u2013 Vsi smo povezani<\/span>.<br \/>\n<\/strong>Namen nate\u010daja je spodbuditi otroke <span style=\"color: #ff6600\">k razmi\u0161ljanju o \u017eivljenju, miru na svetu, prihodnosti, ljubezni in medsebojnemu razumevanju<\/span>.<\/p>\n<p style=\"text-align: justify\">Pod pokroviteljstvom LK \u0160kofja Loka je sodelovalo pet osnovnih \u0161ol, in sicer: O\u0160 Ivana Groharja, O\u0160 Cvetka Golarja, O\u0160 \u0160kofja Loka-Mesto, O\u0160 Poljane\u00a0 in O\u0160 \u017delezniki. <span style=\"color: #ff6600\">Skupaj je nastalo 111 plakatov<\/span>.<\/p>\n<p style=\"text-align: justify\">Komisija je med vsemi izbrala <span style=\"color: #ff6600\">pet plakatov<\/span>, med katerimi je tudi izdelek na\u0161e u\u010denke <span style=\"color: #ff6600\"><strong>Simone Fojkar<\/strong><\/span>.<\/p>\n<p style=\"text-align: justify\"><span style=\"color: #008000\">Iskrene \u010destitke vsem, ki so s\u00a0 svojimi deli pokazali, da razumejo namen in sporo\u010dilo nate\u010daja. \u0160e posebej pa \u010destitamo nagrajenki Simoni!<\/span><\/p>\n<p>&nbsp;<\/p>\n<p><em><strong>Mentorica Mihaela \u017dakelj Ogrin<\/strong><\/em><\/p>\n<p>&nbsp;<\/p>\n<p style=\"text-align: center\"><strong><span style=\"color: #3366ff\">Plakati na\u0161ih u\u010denk in u\u010denca<\/span>\u00a0<\/strong><\/p>\n<p>&nbsp;<\/p>\n<div id='gallery-1' class='gallery galleryid-22810 gallery-columns-3 gallery-size-thumbnail'><figure class='gallery-item'>\n\t\t\t<div class='gallery-icon landscape'>\n\t\t\t\t<a href='https:\/\/sola-poljane.splet.arnes.si\/?attachment_id=22812'><img loading=\"lazy\" decoding=\"async\" width=\"150\" height=\"150\" src=\"https:\/\/sola-poljane.splet.arnes.si\/files\/2021\/11\/Ema-Krek-7.-r-150x150.jpg\" class=\"attachment-thumbnail size-thumbnail\" alt=\"\" aria-describedby=\"gallery-1-22812\" srcset=\"https:\/\/sola-poljane.splet.arnes.si\/files\/2021\/11\/Ema-Krek-7.-r-150x150.jpg 150w, https:\/\/sola-poljane.splet.arnes.si\/files\/2021\/11\/Ema-Krek-7.-r-100x100.jpg 100w\" sizes=\"auto, (max-width: 150px) 100vw, 150px\" \/><\/a>\n\t\t\t<\/div>\n\t\t\t\t<figcaption class='wp-caption-text gallery-caption' id='gallery-1-22812'>\n\t\t\t\tEma Krek, 7. razred\n\t\t\t\t<\/figcaption><\/figure><figure class='gallery-item'>\n\t\t\t<div class='gallery-icon landscape'>\n\t\t\t\t<a href='https:\/\/sola-poljane.splet.arnes.si\/?attachment_id=22813'><img loading=\"lazy\" decoding=\"async\" width=\"150\" height=\"150\" src=\"https:\/\/sola-poljane.splet.arnes.si\/files\/2021\/11\/Hana-Debeljak-150x150.jpg\" class=\"attachment-thumbnail size-thumbnail\" alt=\"\" aria-describedby=\"gallery-1-22813\" srcset=\"https:\/\/sola-poljane.splet.arnes.si\/files\/2021\/11\/Hana-Debeljak-150x150.jpg 150w, https:\/\/sola-poljane.splet.arnes.si\/files\/2021\/11\/Hana-Debeljak-100x100.jpg 100w\" sizes=\"auto, (max-width: 150px) 100vw, 150px\" \/><\/a>\n\t\t\t<\/div>\n\t\t\t\t<figcaption class='wp-caption-text gallery-caption' id='gallery-1-22813'>\n\t\t\t\tHana Debeljak, 9. razred\n\t\t\t\t<\/figcaption><\/figure><figure class='gallery-item'>\n\t\t\t<div class='gallery-icon landscape'>\n\t\t\t\t<a href='https:\/\/sola-poljane.splet.arnes.si\/?attachment_id=22814'><img loading=\"lazy\" decoding=\"async\" width=\"150\" height=\"150\" src=\"https:\/\/sola-poljane.splet.arnes.si\/files\/2021\/11\/Jaka-Pade\u017enik-150x150.jpg\" class=\"attachment-thumbnail size-thumbnail\" alt=\"\" aria-describedby=\"gallery-1-22814\" srcset=\"https:\/\/sola-poljane.splet.arnes.si\/files\/2021\/11\/Jaka-Pade\u017enik-150x150.jpg 150w, https:\/\/sola-poljane.splet.arnes.si\/files\/2021\/11\/Jaka-Pade\u017enik-100x100.jpg 100w\" sizes=\"auto, (max-width: 150px) 100vw, 150px\" \/><\/a>\n\t\t\t<\/div>\n\t\t\t\t<figcaption class='wp-caption-text gallery-caption' id='gallery-1-22814'>\n\t\t\t\tJaka Pade\u017enik, 9. razred\n\t\t\t\t<\/figcaption><\/figure><figure class='gallery-item'>\n\t\t\t<div class='gallery-icon landscape'>\n\t\t\t\t<a href='https:\/\/sola-poljane.splet.arnes.si\/?attachment_id=22815'><img loading=\"lazy\" decoding=\"async\" width=\"150\" height=\"150\" src=\"https:\/\/sola-poljane.splet.arnes.si\/files\/2021\/11\/Lu\u010dka-Ficko-150x150.jpg\" class=\"attachment-thumbnail size-thumbnail\" alt=\"\" aria-describedby=\"gallery-1-22815\" srcset=\"https:\/\/sola-poljane.splet.arnes.si\/files\/2021\/11\/Lu\u010dka-Ficko-150x150.jpg 150w, https:\/\/sola-poljane.splet.arnes.si\/files\/2021\/11\/Lu\u010dka-Ficko-100x100.jpg 100w\" sizes=\"auto, (max-width: 150px) 100vw, 150px\" \/><\/a>\n\t\t\t<\/div>\n\t\t\t\t<figcaption class='wp-caption-text gallery-caption' id='gallery-1-22815'>\n\t\t\t\tLu\u010dka Ficko, 9. razred\n\t\t\t\t<\/figcaption><\/figure><figure class='gallery-item'>\n\t\t\t<div class='gallery-icon landscape'>\n\t\t\t\t<a href='https:\/\/sola-poljane.splet.arnes.si\/?attachment_id=22816'><img loading=\"lazy\" decoding=\"async\" width=\"150\" height=\"150\" src=\"https:\/\/sola-poljane.splet.arnes.si\/files\/2021\/11\/Osredkar-Tadeja-150x150.jpg\" class=\"attachment-thumbnail size-thumbnail\" alt=\"\" aria-describedby=\"gallery-1-22816\" srcset=\"https:\/\/sola-poljane.splet.arnes.si\/files\/2021\/11\/Osredkar-Tadeja-150x150.jpg 150w, https:\/\/sola-poljane.splet.arnes.si\/files\/2021\/11\/Osredkar-Tadeja-100x100.jpg 100w\" sizes=\"auto, (max-width: 150px) 100vw, 150px\" \/><\/a>\n\t\t\t<\/div>\n\t\t\t\t<figcaption class='wp-caption-text gallery-caption' id='gallery-1-22816'>\n\t\t\t\tTadeja Osredkar, 9. razred                                \n\t\t\t\t<\/figcaption><\/figure><figure class='gallery-item'>\n\t\t\t<div class='gallery-icon portrait'>\n\t\t\t\t<a href='https:\/\/sola-poljane.splet.arnes.si\/?attachment_id=22817'><img loading=\"lazy\" decoding=\"async\" width=\"150\" height=\"150\" src=\"https:\/\/sola-poljane.splet.arnes.si\/files\/2021\/11\/Simona-Fojkar-150x150.jpg\" class=\"attachment-thumbnail size-thumbnail\" alt=\"\" aria-describedby=\"gallery-1-22817\" srcset=\"https:\/\/sola-poljane.splet.arnes.si\/files\/2021\/11\/Simona-Fojkar-150x150.jpg 150w, https:\/\/sola-poljane.splet.arnes.si\/files\/2021\/11\/Simona-Fojkar-100x100.jpg 100w\" sizes=\"auto, (max-width: 150px) 100vw, 150px\" \/><\/a>\n\t\t\t<\/div>\n\t\t\t\t<figcaption class='wp-caption-text gallery-caption' id='gallery-1-22817'>\n\t\t\t\tSimona Fojkar, 9. razred\n\t\t\t\t<\/figcaption><\/figure><figure class='gallery-item'>\n\t\t\t<div class='gallery-icon landscape'>\n\t\t\t\t<a href='https:\/\/sola-poljane.splet.arnes.si\/?attachment_id=22818'><img loading=\"lazy\" decoding=\"async\" width=\"150\" height=\"150\" src=\"https:\/\/sola-poljane.splet.arnes.si\/files\/2021\/11\/Tadeja-Kr\u017ei\u0161nik-150x150.jpg\" class=\"attachment-thumbnail size-thumbnail\" alt=\"\" aria-describedby=\"gallery-1-22818\" srcset=\"https:\/\/sola-poljane.splet.arnes.si\/files\/2021\/11\/Tadeja-Kr\u017ei\u0161nik-150x150.jpg 150w, https:\/\/sola-poljane.splet.arnes.si\/files\/2021\/11\/Tadeja-Kr\u017ei\u0161nik-100x100.jpg 100w\" sizes=\"auto, (max-width: 150px) 100vw, 150px\" \/><\/a>\n\t\t\t<\/div>\n\t\t\t\t<figcaption class='wp-caption-text gallery-caption' id='gallery-1-22818'>\n\t\t\t\tTadeja Kr\u017ei\u0161nik, 9. razred\n\t\t\t\t<\/figcaption><\/figure>\n\t\t<\/div>\n\n<p>&nbsp;<\/p>\n<p style=\"text-align: center\"><strong><span style=\"color: #3366ff\">Izbrani plakati, ki si jih lahko ogledate na razstavi v Sokolskem domu v \u0160kofji Loki<\/span><\/strong><\/p>\n<p>&nbsp;<\/p>\n<p style=\"text-align: center\"><a href=\"https:\/\/sola-poljane.splet.arnes.si\/files\/2021\/11\/Plakat-miru-izbrani_202101.jpg\"><img loading=\"lazy\" decoding=\"async\" class=\"alignnone wp-image-22829\" src=\"https:\/\/sola-poljane.splet.arnes.si\/files\/2021\/11\/Plakat-miru-izbrani_202101.jpg\" alt=\"\" width=\"142\" height=\"250\" srcset=\"https:\/\/sola-poljane.splet.arnes.si\/files\/2021\/11\/Plakat-miru-izbrani_202101.jpg 341w, https:\/\/sola-poljane.splet.arnes.si\/files\/2021\/11\/Plakat-miru-izbrani_202101-171x300.jpg 171w, https:\/\/sola-poljane.splet.arnes.si\/files\/2021\/11\/Plakat-miru-izbrani_202101-31x55.jpg 31w\" sizes=\"auto, (max-width: 142px) 100vw, 142px\" \/>\u00a0 \u00a0 \u00a0 \u00a0 \u00a0 \u00a0 \u00a0 \u00a0 \u00a0 \u00a0\u00a0<\/a> <a href=\"https:\/\/sola-poljane.splet.arnes.si\/files\/2021\/11\/Plakat-miru-izbrani_202102.jpg\"><img loading=\"lazy\" decoding=\"async\" class=\"alignnone wp-image-22830\" src=\"https:\/\/sola-poljane.splet.arnes.si\/files\/2021\/11\/Plakat-miru-izbrani_202102.jpg\" alt=\"\" width=\"159\" height=\"251\" srcset=\"https:\/\/sola-poljane.splet.arnes.si\/files\/2021\/11\/Plakat-miru-izbrani_202102.jpg 382w, https:\/\/sola-poljane.splet.arnes.si\/files\/2021\/11\/Plakat-miru-izbrani_202102-191x300.jpg 191w, https:\/\/sola-poljane.splet.arnes.si\/files\/2021\/11\/Plakat-miru-izbrani_202102-35x55.jpg 35w\" sizes=\"auto, (max-width: 159px) 100vw, 159px\" \/>\u00a0 \u00a0 \u00a0 \u00a0 \u00a0 \u00a0 \u00a0 \u00a0 \u00a0 \u00a0<\/a> <a href=\"https:\/\/sola-poljane.splet.arnes.si\/files\/2021\/11\/Plakat-miru-izbrani_202103.jpg\"><img loading=\"lazy\" decoding=\"async\" class=\"alignnone wp-image-22831\" src=\"https:\/\/sola-poljane.splet.arnes.si\/files\/2021\/11\/Plakat-miru-izbrani_202103.jpg\" alt=\"\" width=\"150\" height=\"248\" \/><\/a><\/p>\n<p style=\"text-align: center\"><a href=\"https:\/\/sola-poljane.splet.arnes.si\/files\/2021\/11\/Plakat-miru-izbrani_202104.jpg\"><img loading=\"lazy\" decoding=\"async\" class=\"alignnone wp-image-22832\" src=\"https:\/\/sola-poljane.splet.arnes.si\/files\/2021\/11\/Plakat-miru-izbrani_202104.jpg\" alt=\"\" width=\"232\" height=\"220\" srcset=\"https:\/\/sola-poljane.splet.arnes.si\/files\/2021\/11\/Plakat-miru-izbrani_202104.jpg 634w, https:\/\/sola-poljane.splet.arnes.si\/files\/2021\/11\/Plakat-miru-izbrani_202104-300x284.jpg 300w, https:\/\/sola-poljane.splet.arnes.si\/files\/2021\/11\/Plakat-miru-izbrani_202104-58x55.jpg 58w, https:\/\/sola-poljane.splet.arnes.si\/files\/2021\/11\/Plakat-miru-izbrani_202104-624x591.jpg 624w\" sizes=\"auto, (max-width: 232px) 100vw, 232px\" \/><\/a>\u00a0 \u00a0 \u00a0 \u00a0 <a href=\"https:\/\/sola-poljane.splet.arnes.si\/files\/2021\/11\/Plakat-miru-izbrani_202105.jpg\"><img loading=\"lazy\" decoding=\"async\" class=\"alignnone wp-image-22833\" src=\"https:\/\/sola-poljane.splet.arnes.si\/files\/2021\/11\/Plakat-miru-izbrani_202105.jpg\" alt=\"\" width=\"228\" height=\"218\" srcset=\"https:\/\/sola-poljane.splet.arnes.si\/files\/2021\/11\/Plakat-miru-izbrani_202105.jpg 629w, https:\/\/sola-poljane.splet.arnes.si\/files\/2021\/11\/Plakat-miru-izbrani_202105-300x286.jpg 300w, https:\/\/sola-poljane.splet.arnes.si\/files\/2021\/11\/Plakat-miru-izbrani_202105-58x55.jpg 58w, https:\/\/sola-poljane.splet.arnes.si\/files\/2021\/11\/Plakat-miru-izbrani_202105-624x595.jpg 624w\" sizes=\"auto, (max-width: 228px) 100vw, 228px\" \/>\u00a0 \u00a0 \u00a0 \u00a0<\/a> <a href=\"https:\/\/sola-poljane.splet.arnes.si\/files\/2021\/11\/Plakat-miru-izbrani_202106.jpg\"><img loading=\"lazy\" decoding=\"async\" class=\"alignnone wp-image-22834\" src=\"https:\/\/sola-poljane.splet.arnes.si\/files\/2021\/11\/Plakat-miru-izbrani_202106.jpg\" alt=\"\" width=\"227\" height=\"216\" srcset=\"https:\/\/sola-poljane.splet.arnes.si\/files\/2021\/11\/Plakat-miru-izbrani_202106.jpg 631w, https:\/\/sola-poljane.splet.arnes.si\/files\/2021\/11\/Plakat-miru-izbrani_202106-300x285.jpg 300w, https:\/\/sola-poljane.splet.arnes.si\/files\/2021\/11\/Plakat-miru-izbrani_202106-58x55.jpg 58w, https:\/\/sola-poljane.splet.arnes.si\/files\/2021\/11\/Plakat-miru-izbrani_202106-624x593.jpg 624w\" sizes=\"auto, (max-width: 227px) 100vw, 227px\" \/><\/a><\/p>\n<p>&nbsp;<\/p>\n<p>&nbsp;<\/p>\n<p><a href=\"https:\/\/sola-poljane.splet.arnes.si\/files\/2021\/11\/Plakat-miru-izbrani_202107.jpg\"><img loading=\"lazy\" decoding=\"async\" class=\"size-large wp-image-22835 aligncenter\" src=\"https:\/\/sola-poljane.splet.arnes.si\/files\/2021\/11\/Plakat-miru-izbrani_202107.jpg\" alt=\"\" width=\"800\" height=\"450\" srcset=\"https:\/\/sola-poljane.splet.arnes.si\/files\/2021\/11\/Plakat-miru-izbrani_202107.jpg 800w, https:\/\/sola-poljane.splet.arnes.si\/files\/2021\/11\/Plakat-miru-izbrani_202107-300x169.jpg 300w, https:\/\/sola-poljane.splet.arnes.si\/files\/2021\/11\/Plakat-miru-izbrani_202107-768x432.jpg 768w, https:\/\/sola-poljane.splet.arnes.si\/files\/2021\/11\/Plakat-miru-izbrani_202107-98x55.jpg 98w, https:\/\/sola-poljane.splet.arnes.si\/files\/2021\/11\/Plakat-miru-izbrani_202107-624x351.jpg 624w\" sizes=\"auto, (max-width: 800px) 100vw, 800px\" \/><\/a><\/p>\n<p style=\"text-align: center\"><strong><span style=\"color: #3366ff\">Utrinek z razstave v Sokolskem domu v \u0160kofji Loki<\/span><\/strong><\/p>\n<p>&nbsp;<\/p>\n<p style=\"text-align: justify\"><strong><span style=\"color: #3366ff\">Razstava<\/span> <\/strong>je odprta <strong>od srede, 3. novembra 2021, do ponedeljka, 15. novembra<\/strong>, in sicer:<\/p>\n<ul style=\"text-align: justify\">\n<li><strong>med tednom<\/strong> od 10. ure do 12.30 ter od 17. do 19. ure<\/li>\n<li><strong>v soboto<\/strong> od 9.30 do 12.30<\/li>\n<li><strong>v nedeljo<\/strong> od 9.30 do 12.30 ter od 17. do 19. ure, ko bo \u0161est \u00a0finalnih plakatov poslanih na Distrikt.<\/li>\n<\/ul>\n<p>&nbsp;<\/p>\n<p>&nbsp;<\/p>\n<p style=\"text-align: justify\">\n","protected":false},"excerpt":{"rendered":"<p>Vsako leto Lions klubi s celega sveta sponzorirajo mednarodni likovni [&hellip;]<\/p>\n","protected":false},"author":56163,"featured_media":22839,"comment_status":"closed","ping_status":"open","sticky":false,"template":"","format":"standard","meta":{"ngg_post_thumbnail":0,"footnotes":""},"categories":[55,37,61],"tags":[],"class_list":["post-22810","post","type-post","status-publish","format-standard","has-post-thumbnail","hentry","category-dogajanje","category-natecaji","category-unesco"],"_links":{"self":[{"href":"https:\/\/sola-poljane.splet.arnes.si\/index.php?rest_route=\/wp\/v2\/posts\/22810","targetHints":{"allow":["GET"]}}],"collection":[{"href":"https:\/\/sola-poljane.splet.arnes.si\/index.php?rest_route=\/wp\/v2\/posts"}],"about":[{"href":"https:\/\/sola-poljane.splet.arnes.si\/index.php?rest_route=\/wp\/v2\/types\/post"}],"author":[{"embeddable":true,"href":"https:\/\/sola-poljane.splet.arnes.si\/index.php?rest_route=\/wp\/v2\/users\/56163"}],"replies":[{"embeddable":true,"href":"https:\/\/sola-poljane.splet.arnes.si\/index.php?rest_route=%2Fwp%2Fv2%2Fcomments&post=22810"}],"version-history":[{"count":7,"href":"https:\/\/sola-poljane.splet.arnes.si\/index.php?rest_route=\/wp\/v2\/posts\/22810\/revisions"}],"predecessor-version":[{"id":22838,"href":"https:\/\/sola-poljane.splet.arnes.si\/index.php?rest_route=\/wp\/v2\/posts\/22810\/revisions\/22838"}],"wp:featuredmedia":[{"embeddable":true,"href":"https:\/\/sola-poljane.splet.arnes.si\/index.php?rest_route=\/wp\/v2\/media\/22839"}],"wp:attachment":[{"href":"https:\/\/sola-poljane.splet.arnes.si\/index.php?rest_route=%2Fwp%2Fv2%2Fmedia&parent=22810"}],"wp:term":[{"taxonomy":"category","embeddable":true,"href":"https:\/\/sola-poljane.splet.arnes.si\/index.php?rest_route=%2Fwp%2Fv2%2Fcategories&post=22810"},{"taxonomy":"post_tag","embeddable":true,"href":"https:\/\/sola-poljane.splet.arnes.si\/index.php?rest_route=%2Fwp%2Fv2%2Ftags&post=22810"}],"curies":[{"name":"wp","href":"https:\/\/api.w.org\/{rel}","templated":true}]}}