{"id":22738,"date":"2021-10-24T20:36:54","date_gmt":"2021-10-24T18:36:54","guid":{"rendered":"https:\/\/sola-poljane.splet.arnes.si\/?p=22738"},"modified":"2021-10-26T13:07:40","modified_gmt":"2021-10-26T11:07:40","slug":"tretjesolci-so-sesili-macka-murija","status":"publish","type":"post","link":"https:\/\/sola-poljane.splet.arnes.si\/?p=22738","title":{"rendered":"\u0160ivanje v prvem triletju"},"content":{"rendered":"<p>V tednu pred jesenskimi po\u010ditnicami so u\u010denci 1. razreda pre\u017eiveli zanimivo dopoldne. V okviru tehni\u0161kega dne so se namre\u010d u\u010dili \u0161ivati. Delo jim je \u0161lo zelo dobro od rok, bili so natan\u010dni in zelo vztrajni.<\/p>\n<p style=\"text-align: center\"><span style=\"color: #0000ff\"><strong>************************************************************<\/strong><\/span><\/p>\n<p>&nbsp;<\/p>\n<p><strong><span style=\"color: #3366ff\"><span style=\"text-decoration: underline\">Prvo\u0161olci<\/span> <\/span><\/strong><span style=\"color: #3366ff\">so \u0161ivali <span style=\"text-decoration: underline\"><strong>pti\u010dke iz papirja<\/strong><\/span>, ki bodo krasili spodnji hodnik.\u00a0<\/span><\/p>\nngg_shortcode_0_placeholder\n<p style=\"text-align: center\"><span style=\"color: #ff6600\"><strong>************************************************************<\/strong><\/span><\/p>\n<p>&nbsp;<\/p>\n<p><span style=\"color: #ff6600\"><span style=\"text-decoration: underline\"><strong>Drugo\u0161olci<\/strong><\/span> so \u0161ivali <strong><span style=\"text-decoration: underline\">gumbe.<br \/>\n<\/span><\/strong><\/span>V \u0161ivanju so se na tehni\u0161kem dnevu preizkusili tudi drugo\u0161olci. Lansko leto so se v 1. razredu u\u010dili osnovni \u0161iv, letos pa je bila naloga \u0161e zahtevnej\u0161a. U\u010dili so se \u0161ivanja gumbov. Vsem je uspelo izdelati <span style=\"text-decoration: underline\"><span style=\"color: #ff6600;text-decoration: underline\"><strong>sovico<\/strong><\/span><\/span>, katere so bili ob koncu zelo veseli.<\/p>\n<p><span style=\"color: #ff6600\">Nekateri u\u010denci 2. a so o tehni\u0161kem dnevu povedali:<\/span><br \/>\nTa dan je bil zelo zabaven. (Vesna)<br \/>\nDobro mi je uspela sovica. (Tine)<br \/>\nVse sovice so lepe. (Anja)<br \/>\nDanes smo imeli tehni\u0161ki dan. (Erik)<br \/>\nDanes je bil dan \u0161ivanja. (Oskar)<br \/>\nTa dan je bil zanimiv. (Sara \u0160.)<br \/>\nPomagal sem Marcelu. (Emanuel)<br \/>\n\u0160ivanje je bilo te\u017eko. (Marcel)<br \/>\nTa dan nam je bil v\u0161e\u010d. (Peter)<br \/>\nZelo dobro mi je \u0161lo. (Lili)<br \/>\nPomagal sem Urbanu. (Rok)<br \/>\n\u0160ivanje je bilo te\u017eko. Nikoli ne bom \u0161ivilja. (Katja)<\/p>\n<p><em><strong>Irma \u010cade\u017e<\/strong><\/em><\/p>\nngg_shortcode_1_placeholder\n<p style=\"text-align: center\"><span style=\"color: #008000\"><strong>************************************************************<\/strong><\/span><\/p>\n<p>&nbsp;<\/p>\n<p style=\"text-align: justify\"><strong><span style=\"color: #008000\"><span style=\"text-decoration: underline\">Tretje\u0161olci<\/span> <\/span><\/strong><span style=\"color: #008000\">so nadgradili svoje znanje iz 1. in 2. razreda ter se nau\u010dili nov \u0161iv (zan\u010dni vbod). \u010cisto vsak si je se\u0161il <\/span><span style=\"color: #008000\"><strong><span style=\"text-decoration: underline\">lutko ma\u010dka Murija<\/span><\/strong>. Ob koncu niso skrivali zadovoljstva in ponosa nad svojim delom.<\/span><\/p>\n<h5><span style=\"color: #008000\"><strong>3. a<\/strong><\/span><\/h5>\nngg_shortcode_2_placeholder\n<h5><span style=\"color: #008000\"><strong>3. b<\/strong><\/span><\/h5>\nngg_shortcode_3_placeholder\n<p>&nbsp;<\/p>\n<p>&nbsp;<\/p>\n","protected":false},"excerpt":{"rendered":"<p>V tednu pred jesenskimi po\u010ditnicami so u\u010denci 1. razreda pre\u017eiveli [&hellip;]<\/p>\n","protected":false},"author":56163,"featured_media":22752,"comment_status":"closed","ping_status":"open","sticky":false,"template":"","format":"standard","meta":{"ngg_post_thumbnail":0,"footnotes":""},"categories":[7,55],"tags":[],"class_list":["post-22738","post","type-post","status-publish","format-standard","has-post-thumbnail","hentry","category-dnevi-dejavnosti","category-dogajanje"],"_links":{"self":[{"href":"https:\/\/sola-poljane.splet.arnes.si\/index.php?rest_route=\/wp\/v2\/posts\/22738","targetHints":{"allow":["GET"]}}],"collection":[{"href":"https:\/\/sola-poljane.splet.arnes.si\/index.php?rest_route=\/wp\/v2\/posts"}],"about":[{"href":"https:\/\/sola-poljane.splet.arnes.si\/index.php?rest_route=\/wp\/v2\/types\/post"}],"author":[{"embeddable":true,"href":"https:\/\/sola-poljane.splet.arnes.si\/index.php?rest_route=\/wp\/v2\/users\/56163"}],"replies":[{"embeddable":true,"href":"https:\/\/sola-poljane.splet.arnes.si\/index.php?rest_route=%2Fwp%2Fv2%2Fcomments&post=22738"}],"version-history":[{"count":15,"href":"https:\/\/sola-poljane.splet.arnes.si\/index.php?rest_route=\/wp\/v2\/posts\/22738\/revisions"}],"predecessor-version":[{"id":22756,"href":"https:\/\/sola-poljane.splet.arnes.si\/index.php?rest_route=\/wp\/v2\/posts\/22738\/revisions\/22756"}],"wp:featuredmedia":[{"embeddable":true,"href":"https:\/\/sola-poljane.splet.arnes.si\/index.php?rest_route=\/wp\/v2\/media\/22752"}],"wp:attachment":[{"href":"https:\/\/sola-poljane.splet.arnes.si\/index.php?rest_route=%2Fwp%2Fv2%2Fmedia&parent=22738"}],"wp:term":[{"taxonomy":"category","embeddable":true,"href":"https:\/\/sola-poljane.splet.arnes.si\/index.php?rest_route=%2Fwp%2Fv2%2Fcategories&post=22738"},{"taxonomy":"post_tag","embeddable":true,"href":"https:\/\/sola-poljane.splet.arnes.si\/index.php?rest_route=%2Fwp%2Fv2%2Ftags&post=22738"}],"curies":[{"name":"wp","href":"https:\/\/api.w.org\/{rel}","templated":true}]}}