{"id":22698,"date":"2021-10-16T16:38:15","date_gmt":"2021-10-16T14:38:15","guid":{"rendered":"https:\/\/sola-poljane.splet.arnes.si\/?p=22698"},"modified":"2021-10-16T16:38:15","modified_gmt":"2021-10-16T14:38:15","slug":"osmosolci-poizkusali-in-preizkusali-hrano-vonje-in-okuse","status":"publish","type":"post","link":"https:\/\/sola-poljane.splet.arnes.si\/?p=22698","title":{"rendered":"Osmo\u0161olci poizku\u0161ali in preizku\u0161ali hrano, vonje in okuse"},"content":{"rendered":"<p style=\"text-align: justify\">V torek, 12. 10. 2021, smo v 8. a razredu imeli naravoslovni dan, ki ga je vodila gospa Katarina.<br \/>\nPrvi dve \u0161olski uri nam je gospa Katarina pripovedovala o razli\u010dnih prehranskih navadah ljudi po svetu \u2013 da so \u017eu\u017eelke zelo dobre za nas, saj vsebujejo veliko beljakovin, da v Ameriki jejo morske pra\u0161i\u010dke itd. Povedala nam je tudi ,da bomo mogo\u010de dale\u010d v prihodnosti tudi v Evropi, tako kot so v srednjem veku \u017ee kmetje, kadar niso imeli druge hrane, tudi mi spet jedli \u017eu\u017eelke. Na primerih nam je predstavila tudi aditive (dodatke) v prehrani.<br \/>\nV zadnjih treh \u0161olskih urah pa smo izvajali poskuse v zvezi z vonjem in okusom.<br \/>\nPri prvem poskusu smo dobili vodo, v kateri je bilo nekaj zme\u0161ano (sol, sladkor, ipd.), mi pa smo morali ugotoviti, ali je bila voda slana, sladka, grenka, kisla, umami ali pa brez okusa. Voda ni imela nobenega vonja, lahko pa je bila obarvana.<br \/>\nNaravoslovni dan smo zaklju\u010dili z drugim poskusom, pri katerem pa smo bili razdeljeni v skupine, kjer smo skupaj ugotavljali, kak\u0161en vonj (po \u010dem) ima vata v epruveti. Lahko je bil vonj \u010desar koli, npr. marelice, ro\u017emarina, jelke, mete, klin\u010dkov.<\/p>\n<p style=\"text-align: justify\"><em><strong>Eva Mrak, 8. a<\/strong><\/em><\/p>\n<p style=\"text-align: justify\">Ko smo pri\u0161li v razred, nas je pozdravil predavatelj Miha. Prvi dve \u0161olski uri smo se pogovarjali o zdravi prehrani, dodatkih v prehrani in hrani po svetu. Skoraj vsem v razredu se je hrana iz drugih dr\u017eav zdela \u010dudna.<br \/>\nPo \u0161olski malici smo 3., 4. in 5. uro presku\u0161ali na\u0161a \u010dutila. Najprej smo oku\u0161ali razli\u010dne snovi, zatem pa \u0161e vohali. Ker nam je na koncu ostalo \u0161e malo \u010dasa, smo ga porabili za bralne minute. Vsem je bil ta dan zelo v\u0161e\u010d.<\/p>\n<p style=\"text-align: justify\"><em><strong>Filip Kr\u017ei\u0161nik, 8. b<\/strong><\/em><\/p>\n<p>&nbsp;<\/p>\n<p>&nbsp;<\/p>\nngg_shortcode_0_placeholder\n","protected":false},"excerpt":{"rendered":"<p>V torek, 12. 10. 2021, smo v 8. a razredu [&hellip;]<\/p>\n","protected":false},"author":56163,"featured_media":22701,"comment_status":"closed","ping_status":"open","sticky":false,"template":"","format":"standard","meta":{"ngg_post_thumbnail":0,"footnotes":""},"categories":[15,55],"tags":[],"class_list":["post-22698","post","type-post","status-publish","format-standard","has-post-thumbnail","hentry","category-dnevi-dejavnosti-2-triada","category-dogajanje"],"_links":{"self":[{"href":"https:\/\/sola-poljane.splet.arnes.si\/index.php?rest_route=\/wp\/v2\/posts\/22698","targetHints":{"allow":["GET"]}}],"collection":[{"href":"https:\/\/sola-poljane.splet.arnes.si\/index.php?rest_route=\/wp\/v2\/posts"}],"about":[{"href":"https:\/\/sola-poljane.splet.arnes.si\/index.php?rest_route=\/wp\/v2\/types\/post"}],"author":[{"embeddable":true,"href":"https:\/\/sola-poljane.splet.arnes.si\/index.php?rest_route=\/wp\/v2\/users\/56163"}],"replies":[{"embeddable":true,"href":"https:\/\/sola-poljane.splet.arnes.si\/index.php?rest_route=%2Fwp%2Fv2%2Fcomments&post=22698"}],"version-history":[{"count":3,"href":"https:\/\/sola-poljane.splet.arnes.si\/index.php?rest_route=\/wp\/v2\/posts\/22698\/revisions"}],"predecessor-version":[{"id":22702,"href":"https:\/\/sola-poljane.splet.arnes.si\/index.php?rest_route=\/wp\/v2\/posts\/22698\/revisions\/22702"}],"wp:featuredmedia":[{"embeddable":true,"href":"https:\/\/sola-poljane.splet.arnes.si\/index.php?rest_route=\/wp\/v2\/media\/22701"}],"wp:attachment":[{"href":"https:\/\/sola-poljane.splet.arnes.si\/index.php?rest_route=%2Fwp%2Fv2%2Fmedia&parent=22698"}],"wp:term":[{"taxonomy":"category","embeddable":true,"href":"https:\/\/sola-poljane.splet.arnes.si\/index.php?rest_route=%2Fwp%2Fv2%2Fcategories&post=22698"},{"taxonomy":"post_tag","embeddable":true,"href":"https:\/\/sola-poljane.splet.arnes.si\/index.php?rest_route=%2Fwp%2Fv2%2Ftags&post=22698"}],"curies":[{"name":"wp","href":"https:\/\/api.w.org\/{rel}","templated":true}]}}