{"id":22609,"date":"2021-10-06T18:04:19","date_gmt":"2021-10-06T16:04:19","guid":{"rendered":"https:\/\/sola-poljane.splet.arnes.si\/?p=22609"},"modified":"2021-10-06T21:28:14","modified_gmt":"2021-10-06T19:28:14","slug":"8-razred-v-grofovskem-celju","status":"publish","type":"post","link":"https:\/\/sola-poljane.splet.arnes.si\/?p=22609","title":{"rendered":"8. razred v grofovskem Celju"},"content":{"rendered":"<p><em><strong>Kako sta ta dan do\u017eivela Benjamin in Julija? Preberite.<\/strong><\/em><\/p>\n<p style=\"text-align: justify\">V torek, 5. oktobra, smo imeli kulturni dan. Odpravili smo se <span style=\"color: #3366ff\"><strong>na \u0160tajersko v Celje<\/strong><\/span>. Ogledat smo si \u0161li <span style=\"color: #3366ff\">Pokrajinski muzej ter Celjski grad<\/span>. Najprej smo se z avtobusom peljali dve uri. Ko smo pri\u0161li, smo pojedli malico.<br \/>\nPo malici smo si \u0161li ogledat muzej. Tam so mi bili najbolj v\u0161e\u010d mosti\u010dki, po katerih smo se sprehajali. Vodi\u010dka nam je povedala, da je bila neka kraljica zelo grda ter da je imela vrhnje zobe naprej za 90\u00b0. To se je vsem zdelo zelo sme\u0161no.<br \/>\nPo ogledu muzeja smo si ogledali \u0161e grad. \u0160li smo tudi v mu\u010dilnico. Vodi\u010dka nam je povedala, da naj bi bil v prihodnosti od gradu do cerkvice, ki je bila zgrajena na sosednjem hribu, \u00a0vise\u010di most, dolg 500 metrov. Na koncu pa smo si \u0161li ogledat \u0161e Henrikov stolp, visok 24 metrov. Po ogledu gradu smo \u0161e drugi\u010d pomalicali ter od\u0161li domov.<\/p>\n<p style=\"text-align: justify\"><em><strong>Benjamin Treven, 8. b<\/strong><\/em><\/p>\n<p>&nbsp;<\/p>\n<p style=\"text-align: justify\">V torek , 5. oktobra 2021, smo imeli kulturni in naravoslovni dan. Odpravili smo se <span style=\"color: #3366ff\"><strong>na \u0160tajersko, natan\u010dneje v Celje<\/strong><\/span>.<br \/>\nNajprej smo si ogledali <span style=\"color: #3366ff\">Pokrajinski muzej Celje<\/span>, kjer so nam predstavili Celje kot mesto, nato pa so nas popeljali skozi muzej. Tam so nam predstavili dru\u017einsko drevo Celjskih grofov, njihove najve\u010dje dose\u017eke, grbe in njihove gradove. Videli smo tudi veliko oro\u017eja, njihove pe\u010date in nekaj listin. Ogledali smo si \u0161e lobanje nekaj Celjskih grofov, njihovih \u017eena in otrok. Predstavili so nam Celje v rimskih \u010dasih, ki je imelo mesto pod mestom, videli smo nekaj mozaikov, kipov, skodel in staro rimsko cesto.<br \/>\nSledila je malica. Po malici smo se z avtobusom odpravili \u0161e <span style=\"color: #3366ff\">na Celjski grad<\/span>, kjer smo najprej od\u0161li na \u00bbteraso\u00ab, od koder se vidi mesto Celje. Tam nam je gospa vodi\u010dka povedala, da anekdota pravi, da je neki grof dal narediti most iz \u010dlove\u0161ke ko\u017ee in kosti \u010dez reko Savinjo, kjer so namesto mu\u010denja morali obto\u017eenci skakati s tega mostu. Kasneje smo si ogledali \u0161e nekaj mu\u010dilnih naprav. Nato pa smo se odpravili nazaj proti Poljanam.<\/p>\n<p style=\"text-align: justify\"><em><strong>Julija Strel, 8. a<\/strong><\/em><\/p>\nngg_shortcode_0_placeholder\nngg_shortcode_1_placeholder\n<p>&nbsp;<\/p>\n","protected":false},"excerpt":{"rendered":"<p>Kako sta ta dan do\u017eivela Benjamin in Julija? Preberite. V [&hellip;]<\/p>\n","protected":false},"author":56163,"featured_media":22611,"comment_status":"closed","ping_status":"open","sticky":false,"template":"","format":"standard","meta":{"ngg_post_thumbnail":0,"footnotes":""},"categories":[15,55],"tags":[],"class_list":["post-22609","post","type-post","status-publish","format-standard","has-post-thumbnail","hentry","category-dnevi-dejavnosti-2-triada","category-dogajanje"],"_links":{"self":[{"href":"https:\/\/sola-poljane.splet.arnes.si\/index.php?rest_route=\/wp\/v2\/posts\/22609","targetHints":{"allow":["GET"]}}],"collection":[{"href":"https:\/\/sola-poljane.splet.arnes.si\/index.php?rest_route=\/wp\/v2\/posts"}],"about":[{"href":"https:\/\/sola-poljane.splet.arnes.si\/index.php?rest_route=\/wp\/v2\/types\/post"}],"author":[{"embeddable":true,"href":"https:\/\/sola-poljane.splet.arnes.si\/index.php?rest_route=\/wp\/v2\/users\/56163"}],"replies":[{"embeddable":true,"href":"https:\/\/sola-poljane.splet.arnes.si\/index.php?rest_route=%2Fwp%2Fv2%2Fcomments&post=22609"}],"version-history":[{"count":7,"href":"https:\/\/sola-poljane.splet.arnes.si\/index.php?rest_route=\/wp\/v2\/posts\/22609\/revisions"}],"predecessor-version":[{"id":22623,"href":"https:\/\/sola-poljane.splet.arnes.si\/index.php?rest_route=\/wp\/v2\/posts\/22609\/revisions\/22623"}],"wp:featuredmedia":[{"embeddable":true,"href":"https:\/\/sola-poljane.splet.arnes.si\/index.php?rest_route=\/wp\/v2\/media\/22611"}],"wp:attachment":[{"href":"https:\/\/sola-poljane.splet.arnes.si\/index.php?rest_route=%2Fwp%2Fv2%2Fmedia&parent=22609"}],"wp:term":[{"taxonomy":"category","embeddable":true,"href":"https:\/\/sola-poljane.splet.arnes.si\/index.php?rest_route=%2Fwp%2Fv2%2Fcategories&post=22609"},{"taxonomy":"post_tag","embeddable":true,"href":"https:\/\/sola-poljane.splet.arnes.si\/index.php?rest_route=%2Fwp%2Fv2%2Ftags&post=22609"}],"curies":[{"name":"wp","href":"https:\/\/api.w.org\/{rel}","templated":true}]}}