{"id":22599,"date":"2021-10-05T22:01:56","date_gmt":"2021-10-05T20:01:56","guid":{"rendered":"https:\/\/sola-poljane.splet.arnes.si\/?p=22599"},"modified":"2021-10-12T19:01:43","modified_gmt":"2021-10-12T17:01:43","slug":"sestosolci-na-dolenjskem-2","status":"publish","type":"post","link":"https:\/\/sola-poljane.splet.arnes.si\/?p=22599","title":{"rendered":"\u0160esto\u0161olci na Dolenjskem"},"content":{"rendered":"<p><span style=\"color: #0000ff\"><em><strong>Janja in Anamarija sta dolenjske znamenitosti predstavili v poro\u010dilu in na fotografijah.<\/strong><\/em><\/span><\/p>\n<p style=\"text-align: justify\">V torek, 5. 10. 2021, smo se u\u010denci obeh \u0161estih razredov odpravili na ekskurzijo <span style=\"color: #ff6600\"><strong>na Dolenjsko<\/strong><\/span>. Ker s so\u0161olci \u017ee dolgo nismo bili skupaj na izletu, smo se te ekskurzije \u0161e posebej veselili.<br \/>\nV Sloveniji je vse polno znamenitosti. Ena izmed njih je zagotovo tudi samostan Sti\u010dna. Malokdo ve, da se v njem nahaja manj\u0161i muzej. V njem smo imeli delavnice, pri katerih smo pisali s \u010drnilom in peresom. Po ogledu samostana smo se odpeljali \u0161e v Novo mesto, v katerem smo si prav tako ogledali muzej. V njem smo spoznali vsako dobo posebej, vse od prazgodovine do zgodnjega srednjega veka.<br \/>\nOb prihodu v Poljane smo bili po zelo zanimivem dnevu utrujeni, pa vendar smo s seboj prinesli veliko novega znanja. Spodaj je zbranih \u0161e nekaj vtisov so\u0161olcev.<\/p>\n<p style=\"text-align: justify\"><em><span style=\"color: #000000\"><strong>ASJA:<\/strong><\/span> Bilo mi je v\u0161e\u010d, ker imam rada zgodovino.<\/em><br \/>\n<em><strong>ALINA:<\/strong> V muzeju v Sti\u010dni so bile zanimive stvari.<\/em><br \/>\n<em><strong>MARU\u0160A:<\/strong> V\u0161e\u010d mi je bil muzej v Novem mestu, ker je bila v njem predstavljena vsaka doba posebej. Zelo v\u0161e\u010d mi je bil tudi samostan v Sti\u010dni, ker je zelo urejen.<\/em><br \/>\n<em><strong>VERONIKA:<\/strong> Bilo je dobro, \u010deprav je bilo obla\u010dno vreme. Ko je padal de\u017e, smo bili k sre\u010di vedno na suhem v avtobusu.<\/em><br \/>\n<em><strong>LOTI:<\/strong> V samostanu Sti\u010dna mi je bilo zelo v\u0161e\u010d, ko smo pisali na star na\u010din s \u010drnilom in peresom.<\/em><br \/>\n<em><strong>NACE:<\/strong> Samostan Sti\u010dna je bil velik. V\u0161e\u010d mi je bil star rokopis.<\/em><br \/>\n<em><strong>EMIN:<\/strong> Ekskurzija mi je bila v\u0161e\u010d, zato ker ni bilo pouka.<\/em><br \/>\n<em><strong>JANJA:<\/strong> Meni je bila v samostanu Sti\u010dna posebej v\u0161e\u010d legenda o zeleni ptici.<\/em><br \/>\n<em><strong>ANAMARIJA:<\/strong> V samostanu v Sti\u010dni mi je bilo zelo v\u0161e\u010d. Izvedela sem tudi nekaj novega, na primer, da menihom najve\u010d pomeni kri\u017eni hodnik in da je menihov v samostanu samo \u0161e deset.<\/em><br \/>\n<em><strong>NU\u0160A:<\/strong> Bilo je lepo. V\u0161e\u010d mi je bil muzej v Novem mestu, ker je bilo tam razstavljenih veliko predmetov.<\/em><\/p>\n<p style=\"text-align: justify\"><em><strong>Janja in Anamarija, 6. b<\/strong><\/em><\/p>\n<p>&nbsp;<\/p>\n<p><span style=\"color: #0000ff\"><em><strong>Veronika in Maru\u0161a pa sta popotovanje po Dolenjskem ujeli v verze.<\/strong><\/em><\/span><\/p>\n<p><span style=\"color: #ff6600\"><strong>Izlet na Dolenjsko<\/strong><\/span><\/p>\n<p>Na izletu bilo je lepo,<br \/>\n\u010deprav se je sonce ves dan skrivalo.<br \/>\nV avtobus smo se nabasali<br \/>\nin se kmalu v Sti\u010dno pripeljali.<\/p>\n<p>Pomalicali smo kar tam,<br \/>\nnato pa si ogledali samostan.<br \/>\nMuzej samostanski ni bil kar tako,<br \/>\nker nau\u010dili smo se pisat&#8217; res lepo.<\/p>\n<p>Pa dneva \u0161e ni konec bilo.<br \/>\nSmo v Dolenjskem muzeju imeli se lepo,<br \/>\nkjer veliko starih predmetov je bilo,<br \/>\nki zgodovino predstavljajo.<\/p>\n<p>Ob dveh na avtobus smo spet sko\u010dili<br \/>\nin se nazaj v Poljane vrnili.<br \/>\nNekatere so star\u0161i odpeljali,<br \/>\ndrugi so na kombi po\u010dakali.<\/p>\n<p>Vsem prav fino je bilo,<br \/>\nzato bi hitro radi novo ekskurzijo.<\/p>\n<p><strong><em>Veronika in Maru\u0161a, 6. b<\/em><\/strong><\/p>\n<p>&nbsp;<\/p>\nngg_shortcode_0_placeholder\n","protected":false},"excerpt":{"rendered":"<p>Janja in Anamarija sta dolenjske znamenitosti predstavili v poro\u010dilu in [&hellip;]<\/p>\n","protected":false},"author":56163,"featured_media":22601,"comment_status":"closed","ping_status":"open","sticky":false,"template":"","format":"standard","meta":{"ngg_post_thumbnail":0,"footnotes":""},"categories":[15,55],"tags":[],"class_list":["post-22599","post","type-post","status-publish","format-standard","has-post-thumbnail","hentry","category-dnevi-dejavnosti-2-triada","category-dogajanje"],"_links":{"self":[{"href":"https:\/\/sola-poljane.splet.arnes.si\/index.php?rest_route=\/wp\/v2\/posts\/22599","targetHints":{"allow":["GET"]}}],"collection":[{"href":"https:\/\/sola-poljane.splet.arnes.si\/index.php?rest_route=\/wp\/v2\/posts"}],"about":[{"href":"https:\/\/sola-poljane.splet.arnes.si\/index.php?rest_route=\/wp\/v2\/types\/post"}],"author":[{"embeddable":true,"href":"https:\/\/sola-poljane.splet.arnes.si\/index.php?rest_route=\/wp\/v2\/users\/56163"}],"replies":[{"embeddable":true,"href":"https:\/\/sola-poljane.splet.arnes.si\/index.php?rest_route=%2Fwp%2Fv2%2Fcomments&post=22599"}],"version-history":[{"count":7,"href":"https:\/\/sola-poljane.splet.arnes.si\/index.php?rest_route=\/wp\/v2\/posts\/22599\/revisions"}],"predecessor-version":[{"id":22652,"href":"https:\/\/sola-poljane.splet.arnes.si\/index.php?rest_route=\/wp\/v2\/posts\/22599\/revisions\/22652"}],"wp:featuredmedia":[{"embeddable":true,"href":"https:\/\/sola-poljane.splet.arnes.si\/index.php?rest_route=\/wp\/v2\/media\/22601"}],"wp:attachment":[{"href":"https:\/\/sola-poljane.splet.arnes.si\/index.php?rest_route=%2Fwp%2Fv2%2Fmedia&parent=22599"}],"wp:term":[{"taxonomy":"category","embeddable":true,"href":"https:\/\/sola-poljane.splet.arnes.si\/index.php?rest_route=%2Fwp%2Fv2%2Fcategories&post=22599"},{"taxonomy":"post_tag","embeddable":true,"href":"https:\/\/sola-poljane.splet.arnes.si\/index.php?rest_route=%2Fwp%2Fv2%2Ftags&post=22599"}],"curies":[{"name":"wp","href":"https:\/\/api.w.org\/{rel}","templated":true}]}}