{"id":22527,"date":"2021-09-26T16:39:11","date_gmt":"2021-09-26T14:39:11","guid":{"rendered":"https:\/\/sola-poljane.splet.arnes.si\/?p=22527"},"modified":"2021-09-27T16:39:49","modified_gmt":"2021-09-27T14:39:49","slug":"na-dan-slovenskega-sporta-sportni-dan-za-6-in-7-razred","status":"publish","type":"post","link":"https:\/\/sola-poljane.splet.arnes.si\/?p=22527","title":{"rendered":"Na dan slovenskega \u0161porta \u2013 \u0161portni dan za 6. in 7. razred"},"content":{"rendered":"<p style=\"text-align: justify\">23. septembra smo v po\u010dastitev <span style=\"color: #3366ff\"><strong>dneva slovenskega \u0161porta<\/strong><\/span>, ki je od lanskega leta tudi dr\u017eavni praznik, izvedli \u0161portni dan za 6. in 7. razred. Glavna tema je bil tek, ki smo ga popestrili. Posamezne skupine so v spro\u0161\u010denem vzdu\u0161ju izmenjaje izvajale razli\u010dne \u0161portne aktivnosti \u2013 prva skupina je tekla na Visoko in nazaj, druga je tekla orientacijski tek v okolici \u0161ole in tretja je igrala ekipno igro na igri\u0161\u010du. Za konec smo izvedli \u0161e tekmovanje v \u0161tafetah.<br \/>\n<span style=\"color: #3366ff\">Skupaj smo pretekli ve\u010d kot 600 kilometrov!!!<\/span><\/p>\n<p><em><strong>Uro\u0161 \u010cade\u017e<\/strong><\/em><\/p>\n<p>&nbsp;<\/p>\nngg_shortcode_0_placeholder\n","protected":false},"excerpt":{"rendered":"<p>23. septembra smo v po\u010dastitev dneva slovenskega \u0161porta, ki je [&hellip;]<\/p>\n","protected":false},"author":56163,"featured_media":22536,"comment_status":"closed","ping_status":"open","sticky":false,"template":"","format":"standard","meta":{"ngg_post_thumbnail":0,"footnotes":""},"categories":[15,55],"tags":[],"class_list":["post-22527","post","type-post","status-publish","format-standard","has-post-thumbnail","hentry","category-dnevi-dejavnosti-2-triada","category-dogajanje"],"_links":{"self":[{"href":"https:\/\/sola-poljane.splet.arnes.si\/index.php?rest_route=\/wp\/v2\/posts\/22527","targetHints":{"allow":["GET"]}}],"collection":[{"href":"https:\/\/sola-poljane.splet.arnes.si\/index.php?rest_route=\/wp\/v2\/posts"}],"about":[{"href":"https:\/\/sola-poljane.splet.arnes.si\/index.php?rest_route=\/wp\/v2\/types\/post"}],"author":[{"embeddable":true,"href":"https:\/\/sola-poljane.splet.arnes.si\/index.php?rest_route=\/wp\/v2\/users\/56163"}],"replies":[{"embeddable":true,"href":"https:\/\/sola-poljane.splet.arnes.si\/index.php?rest_route=%2Fwp%2Fv2%2Fcomments&post=22527"}],"version-history":[{"count":3,"href":"https:\/\/sola-poljane.splet.arnes.si\/index.php?rest_route=\/wp\/v2\/posts\/22527\/revisions"}],"predecessor-version":[{"id":22535,"href":"https:\/\/sola-poljane.splet.arnes.si\/index.php?rest_route=\/wp\/v2\/posts\/22527\/revisions\/22535"}],"wp:featuredmedia":[{"embeddable":true,"href":"https:\/\/sola-poljane.splet.arnes.si\/index.php?rest_route=\/wp\/v2\/media\/22536"}],"wp:attachment":[{"href":"https:\/\/sola-poljane.splet.arnes.si\/index.php?rest_route=%2Fwp%2Fv2%2Fmedia&parent=22527"}],"wp:term":[{"taxonomy":"category","embeddable":true,"href":"https:\/\/sola-poljane.splet.arnes.si\/index.php?rest_route=%2Fwp%2Fv2%2Fcategories&post=22527"},{"taxonomy":"post_tag","embeddable":true,"href":"https:\/\/sola-poljane.splet.arnes.si\/index.php?rest_route=%2Fwp%2Fv2%2Ftags&post=22527"}],"curies":[{"name":"wp","href":"https:\/\/api.w.org\/{rel}","templated":true}]}}