{"id":22496,"date":"2021-09-22T17:39:32","date_gmt":"2021-09-22T15:39:32","guid":{"rendered":"https:\/\/sola-poljane.splet.arnes.si\/?p=22496"},"modified":"2021-09-22T17:39:32","modified_gmt":"2021-09-22T15:39:32","slug":"mednarodni-dan-miru","status":"publish","type":"post","link":"https:\/\/sola-poljane.splet.arnes.si\/?p=22496","title":{"rendered":"Mednarodni dan miru"},"content":{"rendered":"<p><span style=\"color: #993300\"><strong>21. september je mednarodni dan miru. <\/strong><\/span><\/p>\n<p><span style=\"color: #800000\">U\u010denci 6. b razreda so na temo miru napisali <strong>pesmi<\/strong>, u\u010denci 7. b razreda pa izdelali <strong>plakat<\/strong>. Nanj so napisali besede \u2013 <strong>asociacije<\/strong> na besedo <strong>MIR<\/strong>.<\/span><\/p>\n<p><span style=\"color: #008000\"><strong>MIR<\/strong><\/span><\/p>\n<p>Ponekod pobijajo se,<br \/>\nkot da mir bi \u0161el na po\u010ditnice.<\/p>\n<p>\u010ce kdo za drugega skrbi,<br \/>\nse mir v njem naseli.<\/p>\n<p>Zato do drugih moramo biti dobri<br \/>\nin oni ne bodo do nas zlobni.<\/p>\n<p>Vsi za mir skrbeti moramo,<br \/>\nda na svetu bo lepo<br \/>\nin da vojn ve\u010d ne bo.<\/p>\n<p><strong><em>Veronika Pisk, Janja Bon\u010da, Anamarija Jur\u010di\u010d, Maru\u0161a \u0160ubic<\/em><\/strong><\/p>\n<p>&nbsp;<\/p>\n<p><span style=\"color: #008000\"><strong>MIR<\/strong><\/span><\/p>\n<p>Mir po vsem svetu ne vladuje,<br \/>\nker nasilje prevladuje.<\/p>\n<p>Policija in vojaki \u017ee re\u0161ujejo na\u0161 svet,<br \/>\nda z njega bi pregnali nasilje in nered.<\/p>\n<p>Mi se branimo nasilja,<br \/>\nker\u00a0 grdo govorjenje in pretepi niso prisila.<\/p>\n<p>Nasilje nikoli ne bo zmagalo,<br \/>\nker razumevanje ga bo premagalo.<\/p>\n<p><em><strong>Angelika Strel, Liza Strel, Marija Derlink, Nu\u0161a Jan\u010di\u010d<\/strong><\/em><\/p>\n<p>&#8230;&#8230;&#8230;&#8230;&#8230;&#8230;&#8230;&#8230;&#8230;&#8230;&#8230;&#8230;&#8230;&#8230;&#8230;&#8230;&#8230;<\/p>\n<p><em><strong>Mateja Nastran<\/strong><\/em><\/p>\n<p><a href=\"https:\/\/sola-poljane.splet.arnes.si\/files\/2021\/09\/Dan-miru_plakat-scaled.jpg\"><img loading=\"lazy\" decoding=\"async\" class=\"alignnone size-large wp-image-22497\" src=\"https:\/\/sola-poljane.splet.arnes.si\/files\/2021\/09\/Dan-miru_plakat-1024x695.jpg\" alt=\"\" width=\"887\" height=\"602\" srcset=\"https:\/\/sola-poljane.splet.arnes.si\/files\/2021\/09\/Dan-miru_plakat-1024x695.jpg 1024w, https:\/\/sola-poljane.splet.arnes.si\/files\/2021\/09\/Dan-miru_plakat-300x204.jpg 300w, https:\/\/sola-poljane.splet.arnes.si\/files\/2021\/09\/Dan-miru_plakat-768x521.jpg 768w, https:\/\/sola-poljane.splet.arnes.si\/files\/2021\/09\/Dan-miru_plakat-81x55.jpg 81w, https:\/\/sola-poljane.splet.arnes.si\/files\/2021\/09\/Dan-miru_plakat-1536x1042.jpg 1536w, https:\/\/sola-poljane.splet.arnes.si\/files\/2021\/09\/Dan-miru_plakat-2048x1390.jpg 2048w, https:\/\/sola-poljane.splet.arnes.si\/files\/2021\/09\/Dan-miru_plakat-947x643.jpg 947w, https:\/\/sola-poljane.splet.arnes.si\/files\/2021\/09\/Dan-miru_plakat-624x424.jpg 624w, https:\/\/sola-poljane.splet.arnes.si\/files\/2021\/09\/Dan-miru_plakat-84x56.jpg 84w\" sizes=\"auto, (max-width: 887px) 100vw, 887px\" \/><\/a><\/p>\n","protected":false},"excerpt":{"rendered":"<p>21. september je mednarodni dan miru. U\u010denci 6. b razreda [&hellip;]<\/p>\n","protected":false},"author":56163,"featured_media":22498,"comment_status":"closed","ping_status":"open","sticky":false,"template":"","format":"standard","meta":{"ngg_post_thumbnail":0,"footnotes":""},"categories":[55,37,61],"tags":[],"class_list":["post-22496","post","type-post","status-publish","format-standard","has-post-thumbnail","hentry","category-dogajanje","category-natecaji","category-unesco"],"_links":{"self":[{"href":"https:\/\/sola-poljane.splet.arnes.si\/index.php?rest_route=\/wp\/v2\/posts\/22496","targetHints":{"allow":["GET"]}}],"collection":[{"href":"https:\/\/sola-poljane.splet.arnes.si\/index.php?rest_route=\/wp\/v2\/posts"}],"about":[{"href":"https:\/\/sola-poljane.splet.arnes.si\/index.php?rest_route=\/wp\/v2\/types\/post"}],"author":[{"embeddable":true,"href":"https:\/\/sola-poljane.splet.arnes.si\/index.php?rest_route=\/wp\/v2\/users\/56163"}],"replies":[{"embeddable":true,"href":"https:\/\/sola-poljane.splet.arnes.si\/index.php?rest_route=%2Fwp%2Fv2%2Fcomments&post=22496"}],"version-history":[{"count":2,"href":"https:\/\/sola-poljane.splet.arnes.si\/index.php?rest_route=\/wp\/v2\/posts\/22496\/revisions"}],"predecessor-version":[{"id":22500,"href":"https:\/\/sola-poljane.splet.arnes.si\/index.php?rest_route=\/wp\/v2\/posts\/22496\/revisions\/22500"}],"wp:featuredmedia":[{"embeddable":true,"href":"https:\/\/sola-poljane.splet.arnes.si\/index.php?rest_route=\/wp\/v2\/media\/22498"}],"wp:attachment":[{"href":"https:\/\/sola-poljane.splet.arnes.si\/index.php?rest_route=%2Fwp%2Fv2%2Fmedia&parent=22496"}],"wp:term":[{"taxonomy":"category","embeddable":true,"href":"https:\/\/sola-poljane.splet.arnes.si\/index.php?rest_route=%2Fwp%2Fv2%2Fcategories&post=22496"},{"taxonomy":"post_tag","embeddable":true,"href":"https:\/\/sola-poljane.splet.arnes.si\/index.php?rest_route=%2Fwp%2Fv2%2Ftags&post=22496"}],"curies":[{"name":"wp","href":"https:\/\/api.w.org\/{rel}","templated":true}]}}