{"id":22479,"date":"2021-09-20T06:07:57","date_gmt":"2021-09-20T04:07:57","guid":{"rendered":"https:\/\/sola-poljane.splet.arnes.si\/?p=22479"},"modified":"2021-09-20T06:10:00","modified_gmt":"2021-09-20T04:10:00","slug":"na-goro-tudi-prvosolci","status":"publish","type":"post","link":"https:\/\/sola-poljane.splet.arnes.si\/?p=22479","title":{"rendered":"Prvi \u0161portni dan za prvo\u0161olce"},"content":{"rendered":"<p style=\"text-align: justify\">Zdaj tudi na\u0161i prvo\u0161olci vedo, kaj je \u0161portni dan. V torek, 14. septembra, smo se odpravili na prvi pohod. Brez te\u017eav smo premagali vzpon z Malenskega Vrha na Goro. Malica v senci dreves nam je \u0161e kako teknila. Preko Hlevi\u0161 in Gorenje Ravni smo se vrnili na izhodi\u0161\u010de, kjer so nas \u010dakali kombiji. Bilo je lepo.<\/p>\n<p style=\"text-align: justify\"><em><strong>Danica Albreht<\/strong><\/em><\/p>\n<p>&nbsp;<\/p>\n<h3 style=\"text-align: center\"><span style=\"color: #ff6600\"><strong>1. a<\/strong><\/span><\/h3>\n<p><a href=\"https:\/\/sola-poljane.splet.arnes.si\/files\/2021\/09\/\u0160D-1.-a-1-scaled.jpg\"><img loading=\"lazy\" decoding=\"async\" class=\"alignnone size-full wp-image-22481\" src=\"https:\/\/sola-poljane.splet.arnes.si\/files\/2021\/09\/\u0160D-1.-a-1-scaled.jpg\" alt=\"\" width=\"2560\" height=\"1440\" srcset=\"https:\/\/sola-poljane.splet.arnes.si\/files\/2021\/09\/\u0160D-1.-a-1-scaled.jpg 2560w, https:\/\/sola-poljane.splet.arnes.si\/files\/2021\/09\/\u0160D-1.-a-1-300x169.jpg 300w, https:\/\/sola-poljane.splet.arnes.si\/files\/2021\/09\/\u0160D-1.-a-1-1024x576.jpg 1024w, https:\/\/sola-poljane.splet.arnes.si\/files\/2021\/09\/\u0160D-1.-a-1-768x432.jpg 768w, https:\/\/sola-poljane.splet.arnes.si\/files\/2021\/09\/\u0160D-1.-a-1-98x55.jpg 98w, https:\/\/sola-poljane.splet.arnes.si\/files\/2021\/09\/\u0160D-1.-a-1-1536x864.jpg 1536w, https:\/\/sola-poljane.splet.arnes.si\/files\/2021\/09\/\u0160D-1.-a-1-2048x1152.jpg 2048w, https:\/\/sola-poljane.splet.arnes.si\/files\/2021\/09\/\u0160D-1.-a-1-947x533.jpg 947w, https:\/\/sola-poljane.splet.arnes.si\/files\/2021\/09\/\u0160D-1.-a-1-624x351.jpg 624w\" sizes=\"auto, (max-width: 2560px) 100vw, 2560px\" \/><\/a><\/p>\n<p>&nbsp;<\/p>\n<p>&nbsp;<\/p>\n<h3 style=\"text-align: center\"><strong><span style=\"color: #ff6600\">1. b<\/span><\/strong><\/h3>\n<p><a href=\"https:\/\/sola-poljane.splet.arnes.si\/files\/2021\/09\/\u0160D-1.-b-scaled.jpeg\"><img loading=\"lazy\" decoding=\"async\" class=\"alignnone size-full wp-image-22482\" src=\"https:\/\/sola-poljane.splet.arnes.si\/files\/2021\/09\/\u0160D-1.-b-scaled.jpeg\" alt=\"\" width=\"2560\" height=\"1920\" srcset=\"https:\/\/sola-poljane.splet.arnes.si\/files\/2021\/09\/\u0160D-1.-b-scaled.jpeg 2560w, https:\/\/sola-poljane.splet.arnes.si\/files\/2021\/09\/\u0160D-1.-b-300x225.jpeg 300w, https:\/\/sola-poljane.splet.arnes.si\/files\/2021\/09\/\u0160D-1.-b-1024x768.jpeg 1024w, https:\/\/sola-poljane.splet.arnes.si\/files\/2021\/09\/\u0160D-1.-b-768x576.jpeg 768w, https:\/\/sola-poljane.splet.arnes.si\/files\/2021\/09\/\u0160D-1.-b-73x55.jpeg 73w, https:\/\/sola-poljane.splet.arnes.si\/files\/2021\/09\/\u0160D-1.-b-1536x1152.jpeg 1536w, https:\/\/sola-poljane.splet.arnes.si\/files\/2021\/09\/\u0160D-1.-b-2048x1536.jpeg 2048w, https:\/\/sola-poljane.splet.arnes.si\/files\/2021\/09\/\u0160D-1.-b-947x710.jpeg 947w, https:\/\/sola-poljane.splet.arnes.si\/files\/2021\/09\/\u0160D-1.-b-624x468.jpeg 624w\" sizes=\"auto, (max-width: 2560px) 100vw, 2560px\" \/><\/a><\/p>\n","protected":false},"excerpt":{"rendered":"<p>Zdaj tudi na\u0161i prvo\u0161olci vedo, kaj je \u0161portni dan. V [&hellip;]<\/p>\n","protected":false},"author":56163,"featured_media":22480,"comment_status":"closed","ping_status":"open","sticky":false,"template":"","format":"standard","meta":{"ngg_post_thumbnail":0,"footnotes":""},"categories":[7,55],"tags":[],"class_list":["post-22479","post","type-post","status-publish","format-standard","has-post-thumbnail","hentry","category-dnevi-dejavnosti","category-dogajanje"],"_links":{"self":[{"href":"https:\/\/sola-poljane.splet.arnes.si\/index.php?rest_route=\/wp\/v2\/posts\/22479","targetHints":{"allow":["GET"]}}],"collection":[{"href":"https:\/\/sola-poljane.splet.arnes.si\/index.php?rest_route=\/wp\/v2\/posts"}],"about":[{"href":"https:\/\/sola-poljane.splet.arnes.si\/index.php?rest_route=\/wp\/v2\/types\/post"}],"author":[{"embeddable":true,"href":"https:\/\/sola-poljane.splet.arnes.si\/index.php?rest_route=\/wp\/v2\/users\/56163"}],"replies":[{"embeddable":true,"href":"https:\/\/sola-poljane.splet.arnes.si\/index.php?rest_route=%2Fwp%2Fv2%2Fcomments&post=22479"}],"version-history":[{"count":2,"href":"https:\/\/sola-poljane.splet.arnes.si\/index.php?rest_route=\/wp\/v2\/posts\/22479\/revisions"}],"predecessor-version":[{"id":22484,"href":"https:\/\/sola-poljane.splet.arnes.si\/index.php?rest_route=\/wp\/v2\/posts\/22479\/revisions\/22484"}],"wp:featuredmedia":[{"embeddable":true,"href":"https:\/\/sola-poljane.splet.arnes.si\/index.php?rest_route=\/wp\/v2\/media\/22480"}],"wp:attachment":[{"href":"https:\/\/sola-poljane.splet.arnes.si\/index.php?rest_route=%2Fwp%2Fv2%2Fmedia&parent=22479"}],"wp:term":[{"taxonomy":"category","embeddable":true,"href":"https:\/\/sola-poljane.splet.arnes.si\/index.php?rest_route=%2Fwp%2Fv2%2Fcategories&post=22479"},{"taxonomy":"post_tag","embeddable":true,"href":"https:\/\/sola-poljane.splet.arnes.si\/index.php?rest_route=%2Fwp%2Fv2%2Ftags&post=22479"}],"curies":[{"name":"wp","href":"https:\/\/api.w.org\/{rel}","templated":true}]}}